{"id":3379,"date":"2022-05-30T16:30:22","date_gmt":"2022-05-30T19:30:22","guid":{"rendered":"http:\/\/cultura.sma.gob.ar\/?p=3379"},"modified":"2022-05-30T16:30:22","modified_gmt":"2022-05-30T19:30:22","slug":"esperando-la-carroza-centro-cultural-cotesma","status":"publish","type":"post","link":"https:\/\/cultura.sma.gob.ar\/?p=3379","title":{"rendered":"&#8221;Esperando la Carroza&#8221; \/ Centro Cultural Cotesma"},"content":{"rendered":"\n<figure class=\"wp-block-image size-large\"><img decoding=\"async\" src=\"https:\/\/scontent.fcpc1-1.fna.fbcdn.net\/v\/t39.30808-6\/280580138_10157492391504229_8885184129178633238_n.jpg?_nc_cat=104&amp;ccb=1-7&amp;_nc_sid=730e14&amp;_nc_eui2=AeF5yQvRTNKqm_fdr2G5vF7EfJtb2pRv_hZ8m1valG_-Fj-w2o07NeYSy-wQYtZgWwQorJLs02VBIjp_bhw5Vyb4&amp;_nc_ohc=PeAXFERebGoAX-dQRpA&amp;_nc_ht=scontent.fcpc1-1.fna&amp;oh=00_AT8wrooJ0MUwKOPE1HyKl16J5tfZsx6c4dwCIPRs0O2dgQ&amp;oe=629933E5\" alt=\"\"\/><\/figure>\n\n\n\n<p>La Compa\u00f1\u00eda de Teatro de San Mart\u00edn de los Andes, presentar\u00e1 &#8220;ESPERANDO LA CARROZA&#8221; en nuestra querida Sala Amankay&#8230;<\/p>\n\n\n\n<p>A 35 a\u00f1os del \u00e9xito cinematogr\u00e1fico, la aclamada obra llega al teatro de San Mart\u00edn de los Andes para revivir este cl\u00e1sico.&#8221;Yo hago puchero, ella hace puchero. Yo hago ravioles, ella hace ravioles&#8221;. &#8220;Qu\u00e9 miseria, tres empanadas&#8221; &#8220;\u00bfD\u00f3nde est\u00e1 mi amiga?&#8221;La Compa\u00f1\u00eda de teatro de San Mart\u00edn de los Andes tiene la alegr\u00eda de invitar a todo el p\u00fablico de la ciudad a revivir este entra\u00f1able cl\u00e1sico. \u201cEsperando la carroza\u201d, se presentar\u00e1 el viernes 3, s\u00e1bado 4 y domingo 5 de junio a las 21hs. en el Centro Cultural Cotesma, bajo la direcci\u00f3n de Gustavo Lozano.<\/p>\n\n\n\n<p>&#8220;Estamos felices de rendir homenaje a esta hermosa comedia que forma parte de nuestra cultura popular moderna. \u201cEsperando la carroza\u201d represent\u00f3 en esa \u00e9poca de vuelta a la democracia, la libertad de re\u00edrnos con esa familia y volver a pensar el lugar que le damos a nuestros queridos mayores.&#8221; expres\u00f3 Gustavo como portavoz de todo el grupo. El elenco est\u00e1 integrado por Anabella Neyssen, Marcelo Navarro, Silvina Garc\u00eda, Anal\u00eda S\u00e1nchez, Jorge Sosa Rol\u00f3n, Juan Sord\u00f3, Sergio Laza, Rosario Lozano, Natalia Cossoy y Antonella Navarro. La fotograf\u00eda es de Cintia Muros. Escenograf\u00eda, puesta en escena y direcci\u00f3n Gustavo Lozano.Las entradas ya est\u00e1n a la venta&#8230;Jubilados y Estudiantes tienen descuento&#8230;Te esperamos&#8230;<\/p>\n","protected":false},"excerpt":{"rendered":"<p>La Compa\u00f1\u00eda de Teatro de San Mart\u00edn de los Andes, presentar\u00e1 &#8220;ESPERANDO LA CARROZA&#8221; en nuestra querida Sala Amankay&#8230; A 35 a\u00f1os del \u00e9xito cinematogr\u00e1fico, la aclamada obra llega al teatro de San Mart\u00edn de los Andes para revivir este cl\u00e1sico.&#8221;Yo hago puchero, ella hace puchero. Yo hago ravioles, ella hace ravioles&#8221;. &#8220;Qu\u00e9 miseria, tres empanadas&#8221; &#8220;\u00bfD\u00f3nde est\u00e1 mi amiga?&#8221;La Compa\u00f1\u00eda de teatro de San &hellip; <a href=\"https:\/\/cultura.sma.gob.ar\/?p=3379\" class=\"more-link\">Continue reading <span class=\"screen-reader-text\">&#8221;Esperando la Carroza&#8221; \/ Centro Cultural Cotesma<\/span><\/a><\/p>\n","protected":false},"author":1,"featured_media":297,"comment_status":"closed","ping_status":"","sticky":false,"template":"","format":"image","meta":{"footnotes":""},"categories":[2,9],"tags":[],"class_list":["post-3379","post","type-post","status-publish","format-image","has-post-thumbnail","hentry","category-ciudad-cultural","category-ultimas-noticias","post_format-post-format-image"],"_links":{"self":[{"href":"https:\/\/cultura.sma.gob.ar\/index.php?rest_route=\/wp\/v2\/posts\/3379","targetHints":{"allow":["GET"]}}],"collection":[{"href":"https:\/\/cultura.sma.gob.ar\/index.php?rest_route=\/wp\/v2\/posts"}],"about":[{"href":"https:\/\/cultura.sma.gob.ar\/index.php?rest_route=\/wp\/v2\/types\/post"}],"author":[{"embeddable":true,"href":"https:\/\/cultura.sma.gob.ar\/index.php?rest_route=\/wp\/v2\/users\/1"}],"replies":[{"embeddable":true,"href":"https:\/\/cultura.sma.gob.ar\/index.php?rest_route=%2Fwp%2Fv2%2Fcomments&post=3379"}],"version-history":[{"count":1,"href":"https:\/\/cultura.sma.gob.ar\/index.php?rest_route=\/wp\/v2\/posts\/3379\/revisions"}],"predecessor-version":[{"id":3380,"href":"https:\/\/cultura.sma.gob.ar\/index.php?rest_route=\/wp\/v2\/posts\/3379\/revisions\/3380"}],"wp:featuredmedia":[{"embeddable":true,"href":"https:\/\/cultura.sma.gob.ar\/index.php?rest_route=\/wp\/v2\/media\/297"}],"wp:attachment":[{"href":"https:\/\/cultura.sma.gob.ar\/index.php?rest_route=%2Fwp%2Fv2%2Fmedia&parent=3379"}],"wp:term":[{"taxonomy":"category","embeddable":true,"href":"https:\/\/cultura.sma.gob.ar\/index.php?rest_route=%2Fwp%2Fv2%2Fcategories&post=3379"},{"taxonomy":"post_tag","embeddable":true,"href":"https:\/\/cultura.sma.gob.ar\/index.php?rest_route=%2Fwp%2Fv2%2Ftags&post=3379"}],"curies":[{"name":"wp","href":"https:\/\/api.w.org\/{rel}","templated":true}]}}