{"id":3373,"date":"2022-05-26T19:13:34","date_gmt":"2022-05-26T22:13:34","guid":{"rendered":"http:\/\/cultura.sma.gob.ar\/?p=3373"},"modified":"2022-05-26T19:13:34","modified_gmt":"2022-05-26T22:13:34","slug":"29-de-mayo-historia-de-la-patria-a-traves-de-la-musica-centro-cultural-cotesma","status":"publish","type":"post","link":"https:\/\/cultura.sma.gob.ar\/?p=3373","title":{"rendered":"29 de mayo: &#8221;Historia de la Patria a trav\u00e9s de la m\u00fasica&#8221; \/ Centro Cultural Cotesma"},"content":{"rendered":"\n<figure class=\"wp-block-image size-large\"><img loading=\"lazy\" decoding=\"async\" width=\"1024\" height=\"1024\" src=\"http:\/\/cultura.sma.gob.ar\/wp-content\/uploads\/2022\/05\/INVITACION-HISTORIA-DE-LA-PATRIA-A-TRAVES-DE-LA-MUSICA-1024x1024.jpg\" alt=\"\" class=\"wp-image-3374\" srcset=\"https:\/\/cultura.sma.gob.ar\/wp-content\/uploads\/2022\/05\/INVITACION-HISTORIA-DE-LA-PATRIA-A-TRAVES-DE-LA-MUSICA-1024x1024.jpg 1024w, https:\/\/cultura.sma.gob.ar\/wp-content\/uploads\/2022\/05\/INVITACION-HISTORIA-DE-LA-PATRIA-A-TRAVES-DE-LA-MUSICA-300x300.jpg 300w, https:\/\/cultura.sma.gob.ar\/wp-content\/uploads\/2022\/05\/INVITACION-HISTORIA-DE-LA-PATRIA-A-TRAVES-DE-LA-MUSICA-150x150.jpg 150w, https:\/\/cultura.sma.gob.ar\/wp-content\/uploads\/2022\/05\/INVITACION-HISTORIA-DE-LA-PATRIA-A-TRAVES-DE-LA-MUSICA-768x768.jpg 768w, https:\/\/cultura.sma.gob.ar\/wp-content\/uploads\/2022\/05\/INVITACION-HISTORIA-DE-LA-PATRIA-A-TRAVES-DE-LA-MUSICA-1536x1536.jpg 1536w, https:\/\/cultura.sma.gob.ar\/wp-content\/uploads\/2022\/05\/INVITACION-HISTORIA-DE-LA-PATRIA-A-TRAVES-DE-LA-MUSICA-90x90.jpg 90w, https:\/\/cultura.sma.gob.ar\/wp-content\/uploads\/2022\/05\/INVITACION-HISTORIA-DE-LA-PATRIA-A-TRAVES-DE-LA-MUSICA.jpg 1654w\" sizes=\"auto, (max-width: 1024px) 100vw, 1024px\" \/><\/figure>\n\n\n\n<p>El pr\u00f3ximo domingo, 29 de mayo, a las 21hs en la Sala Amankay del Centro Cultural Cotesma, la Fanfarria Militar \u201cEl Hinojal\u201d, del Regimiento de Caballer\u00eda de Exploraci\u00f3n de Monta\u00f1a 4, realizar\u00e1 un concierto titulado \u201cHISTORIA DE LA PATRIA A TRAV\u00c9S DE LA M\u00daSICA\u201d, para contar con m\u00fasica como se fue forjando nuestra Patria y qu\u00e9 rol cumpli\u00f3 el Ej\u00e9rcito Argentino.<\/p>\n\n\n\n<p>Entrada libre y gratuita. Cupos limitados.<br>Disponibles en la boleteria del Centro Cultural.<\/p>\n","protected":false},"excerpt":{"rendered":"<p>El pr\u00f3ximo domingo, 29 de mayo, a las 21hs en la Sala Amankay del Centro Cultural Cotesma, la Fanfarria Militar \u201cEl Hinojal\u201d, del Regimiento de Caballer\u00eda de Exploraci\u00f3n de Monta\u00f1a 4, realizar\u00e1 un concierto titulado \u201cHISTORIA DE LA PATRIA A TRAV\u00c9S DE LA M\u00daSICA\u201d, para contar con m\u00fasica como se fue forjando nuestra Patria y qu\u00e9 rol cumpli\u00f3 el Ej\u00e9rcito Argentino. Entrada libre y gratuita. &hellip; <a href=\"https:\/\/cultura.sma.gob.ar\/?p=3373\" class=\"more-link\">Continue reading <span class=\"screen-reader-text\">29 de mayo: &#8221;Historia de la Patria a trav\u00e9s de la m\u00fasica&#8221; \/ Centro Cultural Cotesma<\/span><\/a><\/p>\n","protected":false},"author":1,"featured_media":297,"comment_status":"closed","ping_status":"","sticky":false,"template":"","format":"image","meta":{"footnotes":""},"categories":[2,9],"tags":[],"class_list":["post-3373","post","type-post","status-publish","format-image","has-post-thumbnail","hentry","category-ciudad-cultural","category-ultimas-noticias","post_format-post-format-image"],"_links":{"self":[{"href":"https:\/\/cultura.sma.gob.ar\/index.php?rest_route=\/wp\/v2\/posts\/3373","targetHints":{"allow":["GET"]}}],"collection":[{"href":"https:\/\/cultura.sma.gob.ar\/index.php?rest_route=\/wp\/v2\/posts"}],"about":[{"href":"https:\/\/cultura.sma.gob.ar\/index.php?rest_route=\/wp\/v2\/types\/post"}],"author":[{"embeddable":true,"href":"https:\/\/cultura.sma.gob.ar\/index.php?rest_route=\/wp\/v2\/users\/1"}],"replies":[{"embeddable":true,"href":"https:\/\/cultura.sma.gob.ar\/index.php?rest_route=%2Fwp%2Fv2%2Fcomments&post=3373"}],"version-history":[{"count":1,"href":"https:\/\/cultura.sma.gob.ar\/index.php?rest_route=\/wp\/v2\/posts\/3373\/revisions"}],"predecessor-version":[{"id":3375,"href":"https:\/\/cultura.sma.gob.ar\/index.php?rest_route=\/wp\/v2\/posts\/3373\/revisions\/3375"}],"wp:featuredmedia":[{"embeddable":true,"href":"https:\/\/cultura.sma.gob.ar\/index.php?rest_route=\/wp\/v2\/media\/297"}],"wp:attachment":[{"href":"https:\/\/cultura.sma.gob.ar\/index.php?rest_route=%2Fwp%2Fv2%2Fmedia&parent=3373"}],"wp:term":[{"taxonomy":"category","embeddable":true,"href":"https:\/\/cultura.sma.gob.ar\/index.php?rest_route=%2Fwp%2Fv2%2Fcategories&post=3373"},{"taxonomy":"post_tag","embeddable":true,"href":"https:\/\/cultura.sma.gob.ar\/index.php?rest_route=%2Fwp%2Fv2%2Ftags&post=3373"}],"curies":[{"name":"wp","href":"https:\/\/api.w.org\/{rel}","templated":true}]}}