{"id":3368,"date":"2022-05-26T18:40:15","date_gmt":"2022-05-26T21:40:15","guid":{"rendered":"http:\/\/cultura.sma.gob.ar\/?p=3368"},"modified":"2022-06-13T13:01:22","modified_gmt":"2022-06-13T16:01:22","slug":"convocatoria-a-artistas-y-elencos-para-participar-del-7-festival-infantil-de-invierno","status":"publish","type":"post","link":"https:\/\/cultura.sma.gob.ar\/?p=3368","title":{"rendered":"Convocatoria a artistas y elencos para participar del 7\u00b0 Festival Infantil de Invierno (Finalizada)"},"content":{"rendered":"\n<figure class=\"wp-block-image size-large\"><img loading=\"lazy\" decoding=\"async\" width=\"1024\" height=\"1024\" src=\"http:\/\/cultura.sma.gob.ar\/wp-content\/uploads\/2022\/05\/fidi_convocatoria-22-01-1024x1024.jpg\" alt=\"\" class=\"wp-image-3370\" srcset=\"https:\/\/cultura.sma.gob.ar\/wp-content\/uploads\/2022\/05\/fidi_convocatoria-22-01-1024x1024.jpg 1024w, https:\/\/cultura.sma.gob.ar\/wp-content\/uploads\/2022\/05\/fidi_convocatoria-22-01-300x300.jpg 300w, https:\/\/cultura.sma.gob.ar\/wp-content\/uploads\/2022\/05\/fidi_convocatoria-22-01-150x150.jpg 150w, https:\/\/cultura.sma.gob.ar\/wp-content\/uploads\/2022\/05\/fidi_convocatoria-22-01-768x768.jpg 768w, https:\/\/cultura.sma.gob.ar\/wp-content\/uploads\/2022\/05\/fidi_convocatoria-22-01-90x90.jpg 90w, https:\/\/cultura.sma.gob.ar\/wp-content\/uploads\/2022\/05\/fidi_convocatoria-22-01.jpg 1042w\" sizes=\"auto, (max-width: 1024px) 100vw, 1024px\" \/><\/figure>\n\n\n\n<p>La Secretar\u00eda de Cultura convoca a artistas y compa\u00f1\u00edas a presentar propuestas de espect\u00e1culos infantiles para el 7\u00b0 Festival Infantil de Invierno, un ciclo de presentaciones destinadas a chicos y chicas de la localidad a realizarse durante las vacaciones de invierno, entre el 9 y el 23 de julio, en el Teatro San Jos\u00e9.<\/p>\n\n\n\n<p>Para la postulaci\u00f3n deben tener en cuenta las siguiente pautas:<\/p>\n\n\n\n<p>&#8211; Se priorizar\u00e1n espect\u00e1culos de obras teatrales infantiles<\/p>\n\n\n\n<p>&#8211; Cada espect\u00e1culo deber\u00e1 tener una duraci\u00f3n no menor de 45 minutos.<\/p>\n\n\n\n<p>&#8211; Las presentaciones se har\u00e1n en el Teatro San Jos\u00e9.<\/p>\n\n\n\n<p>&#8211; Al igual que en las ediciones anteriores, los espect\u00e1culos ser\u00e1n \u201ca la gorra\u201d y la Secretar\u00eda de Cultura pagar\u00e1 un monto base, como acompa\u00f1amiento de dicha gorra.<\/p>\n\n\n\n<p>&#8211; Para participar del Festival se solicitar\u00e1 a los grupos locales que est\u00e9n inscriptos en el Registro Municipal de Trabajadores y Trabajadoras de la Cultura (Ordenanza 13461\/21).  <\/p>\n\n\n\n<p>&#8212; &gt; De no estar anotados, pueden hacerlo desde los links publicados en este link: <a href=\"http:\/\/cultura.sma.gob.ar\/2022\/04\/20\/continua-abierta-la-inscripcion-al-registro-municipal-de-trabajadores-y-trabajadoras-de-la-cultura\/\" data-type=\"post\" data-id=\"1497\">Contin\u00faa abierta la inscripci\u00f3n al Registro Municipal de Trabajadores y Trabajadoras de la Cultura<\/a><\/p>\n\n\n\n<p>&#8211; Las compa\u00f1\u00edas y\/o artistas deben poseer factura y constancia de CBU (excluyente).<\/p>\n\n\n\n<p>Quienes quieran participar deben enviar un mail a teatro.sanjose@smandes.gob.ar<br>solicitando el env\u00edo del formulario para realizar la postulaci\u00f3n (en el &#8221;Asunto&#8221; del mail indicar \u201cConvocatoria FIDI\u201d).<\/p>\n\n\n\n<p>Se recibir\u00e1n postulaciones hasta el viernes 10 de junio inclusive.<\/p>\n","protected":false},"excerpt":{"rendered":"<p>La Secretar\u00eda de Cultura convoca a artistas y compa\u00f1\u00edas a presentar propuestas de espect\u00e1culos infantiles para el 7\u00b0 Festival Infantil de Invierno, un ciclo de presentaciones destinadas a chicos y chicas de la localidad a realizarse durante las vacaciones de invierno, entre el 9 y el 23 de julio, en el Teatro San Jos\u00e9. Para la postulaci\u00f3n deben tener en cuenta las siguiente pautas: &#8211; &hellip; <a href=\"https:\/\/cultura.sma.gob.ar\/?p=3368\" class=\"more-link\">Continue reading <span class=\"screen-reader-text\">Convocatoria a artistas y elencos para participar del 7\u00b0 Festival Infantil de Invierno (Finalizada)<\/span><\/a><\/p>\n","protected":false},"author":1,"featured_media":292,"comment_status":"closed","ping_status":"","sticky":false,"template":"","format":"image","meta":{"footnotes":""},"categories":[8,9],"tags":[],"class_list":["post-3368","post","type-post","status-publish","format-image","has-post-thumbnail","hentry","category-teatro-san-jose","category-ultimas-noticias","post_format-post-format-image"],"_links":{"self":[{"href":"https:\/\/cultura.sma.gob.ar\/index.php?rest_route=\/wp\/v2\/posts\/3368","targetHints":{"allow":["GET"]}}],"collection":[{"href":"https:\/\/cultura.sma.gob.ar\/index.php?rest_route=\/wp\/v2\/posts"}],"about":[{"href":"https:\/\/cultura.sma.gob.ar\/index.php?rest_route=\/wp\/v2\/types\/post"}],"author":[{"embeddable":true,"href":"https:\/\/cultura.sma.gob.ar\/index.php?rest_route=\/wp\/v2\/users\/1"}],"replies":[{"embeddable":true,"href":"https:\/\/cultura.sma.gob.ar\/index.php?rest_route=%2Fwp%2Fv2%2Fcomments&post=3368"}],"version-history":[{"count":2,"href":"https:\/\/cultura.sma.gob.ar\/index.php?rest_route=\/wp\/v2\/posts\/3368\/revisions"}],"predecessor-version":[{"id":3486,"href":"https:\/\/cultura.sma.gob.ar\/index.php?rest_route=\/wp\/v2\/posts\/3368\/revisions\/3486"}],"wp:featuredmedia":[{"embeddable":true,"href":"https:\/\/cultura.sma.gob.ar\/index.php?rest_route=\/wp\/v2\/media\/292"}],"wp:attachment":[{"href":"https:\/\/cultura.sma.gob.ar\/index.php?rest_route=%2Fwp%2Fv2%2Fmedia&parent=3368"}],"wp:term":[{"taxonomy":"category","embeddable":true,"href":"https:\/\/cultura.sma.gob.ar\/index.php?rest_route=%2Fwp%2Fv2%2Fcategories&post=3368"},{"taxonomy":"post_tag","embeddable":true,"href":"https:\/\/cultura.sma.gob.ar\/index.php?rest_route=%2Fwp%2Fv2%2Ftags&post=3368"}],"curies":[{"name":"wp","href":"https:\/\/api.w.org\/{rel}","templated":true}]}}