{"id":3361,"date":"2022-05-23T14:34:07","date_gmt":"2022-05-23T17:34:07","guid":{"rendered":"http:\/\/cultura.sma.gob.ar\/?p=3361"},"modified":"2022-05-26T18:10:29","modified_gmt":"2022-05-26T21:10:29","slug":"teatro-san-jose-presenta-requiem-de-melisa-stocco","status":"publish","type":"post","link":"https:\/\/cultura.sma.gob.ar\/?p=3361","title":{"rendered":"SUSPENDIDO Y A REPROGRAMACI\u00d3N &#8211; &#8221;Teatro San Jos\u00e9 Presenta&#8221;: REQUIEM, de Melisa Stocco"},"content":{"rendered":"\n<figure class=\"wp-block-image size-large\"><img loading=\"lazy\" decoding=\"async\" width=\"1024\" height=\"1024\" src=\"http:\/\/cultura.sma.gob.ar\/wp-content\/uploads\/2022\/05\/redes-01-7-1024x1024.jpg\" alt=\"\" class=\"wp-image-3362\" srcset=\"https:\/\/cultura.sma.gob.ar\/wp-content\/uploads\/2022\/05\/redes-01-7-1024x1024.jpg 1024w, https:\/\/cultura.sma.gob.ar\/wp-content\/uploads\/2022\/05\/redes-01-7-300x300.jpg 300w, https:\/\/cultura.sma.gob.ar\/wp-content\/uploads\/2022\/05\/redes-01-7-150x150.jpg 150w, https:\/\/cultura.sma.gob.ar\/wp-content\/uploads\/2022\/05\/redes-01-7-768x768.jpg 768w, https:\/\/cultura.sma.gob.ar\/wp-content\/uploads\/2022\/05\/redes-01-7-1536x1536.jpg 1536w, https:\/\/cultura.sma.gob.ar\/wp-content\/uploads\/2022\/05\/redes-01-7-90x90.jpg 90w, https:\/\/cultura.sma.gob.ar\/wp-content\/uploads\/2022\/05\/redes-01-7.jpg 1875w\" sizes=\"auto, (max-width: 1024px) 100vw, 1024px\" \/><\/figure>\n\n\n\n<p>El Programa &#8221;Teatro San Jos\u00e9 presenta&#8221;, trae en esta oportunidad &#8221;<strong>R\u00e9quiem&nbsp;&#8221;, de Melisa Stocco.&nbsp;<\/strong><\/p>\n\n\n\n<p>Una obra dram\u00e1tica con producci\u00f3n de Chubut, con duraci\u00f3n de 50 minutos, focalizada al p\u00fablico adulto.<\/p>\n\n\n\n<p>S\u00edntesis: Dos ni\u00f1os. Dos penitentes. Dos p\u00e1jaros que cantan un r\u00e9quiem. Violeta y Vaslav. Seres acechados por la hondura de la vida, la locura y la pulsi\u00f3n por crear abren las jaulas para desplegar la memoria, el secreto y esas obras que quedaron truncas. Esta creaci\u00f3n colectiva de El Jard\u00edn Teatro Lab constituye el resultado de un proceso de experimentaci\u00f3n teatral y dramat\u00fargica en torno de las figuras de Violeta Parra y Vaslav Nijinsky.&nbsp;<\/p>\n\n\n\n<p><strong>Elenco:<\/strong><br>Dar\u00edo Castro, Jairo Bedoya e Ignacio Cant\u00fa&nbsp;<br><br><strong>Direcci\u00f3n:<\/strong><br>Dar\u00edo Castro y Jairo Bedoya&nbsp;<br><br><strong>Dramaturgia:<\/strong><br>Melisa Stocco&nbsp;<br><br><strong>Dise\u00f1o sonoro:<\/strong><br>Ignacio Cant\u00fa&nbsp;<br><br><strong>Iluminaci\u00f3n:<\/strong><br>Federico Murtagh&nbsp;<\/p>\n\n\n\n<p>Dicha obra se realizar\u00e1 el s\u00e1bado 28 de mayo a las 21 hs con entras a 200 pesos. La capacidad de la sala es limitada, y la venta de entradas ser\u00e1 de lunes a viernes de 9:30 a 12, y de 13 a 21 hs.&nbsp;<\/p>\n","protected":false},"excerpt":{"rendered":"<p>El Programa &#8221;Teatro San Jos\u00e9 presenta&#8221;, trae en esta oportunidad &#8221;R\u00e9quiem&nbsp;&#8221;, de Melisa Stocco.&nbsp; Una obra dram\u00e1tica con producci\u00f3n de Chubut, con duraci\u00f3n de 50 minutos, focalizada al p\u00fablico adulto. S\u00edntesis: Dos ni\u00f1os. Dos penitentes. Dos p\u00e1jaros que cantan un r\u00e9quiem. Violeta y Vaslav. Seres acechados por la hondura de la vida, la locura y la pulsi\u00f3n por crear abren las jaulas para desplegar la &hellip; <a href=\"https:\/\/cultura.sma.gob.ar\/?p=3361\" class=\"more-link\">Continue reading <span class=\"screen-reader-text\">SUSPENDIDO Y A REPROGRAMACI\u00d3N &#8211; &#8221;Teatro San Jos\u00e9 Presenta&#8221;: REQUIEM, de Melisa Stocco<\/span><\/a><\/p>\n","protected":false},"author":1,"featured_media":292,"comment_status":"closed","ping_status":"","sticky":false,"template":"","format":"image","meta":{"footnotes":""},"categories":[8,9],"tags":[],"class_list":["post-3361","post","type-post","status-publish","format-image","has-post-thumbnail","hentry","category-teatro-san-jose","category-ultimas-noticias","post_format-post-format-image"],"_links":{"self":[{"href":"https:\/\/cultura.sma.gob.ar\/index.php?rest_route=\/wp\/v2\/posts\/3361","targetHints":{"allow":["GET"]}}],"collection":[{"href":"https:\/\/cultura.sma.gob.ar\/index.php?rest_route=\/wp\/v2\/posts"}],"about":[{"href":"https:\/\/cultura.sma.gob.ar\/index.php?rest_route=\/wp\/v2\/types\/post"}],"author":[{"embeddable":true,"href":"https:\/\/cultura.sma.gob.ar\/index.php?rest_route=\/wp\/v2\/users\/1"}],"replies":[{"embeddable":true,"href":"https:\/\/cultura.sma.gob.ar\/index.php?rest_route=%2Fwp%2Fv2%2Fcomments&post=3361"}],"version-history":[{"count":2,"href":"https:\/\/cultura.sma.gob.ar\/index.php?rest_route=\/wp\/v2\/posts\/3361\/revisions"}],"predecessor-version":[{"id":3366,"href":"https:\/\/cultura.sma.gob.ar\/index.php?rest_route=\/wp\/v2\/posts\/3361\/revisions\/3366"}],"wp:featuredmedia":[{"embeddable":true,"href":"https:\/\/cultura.sma.gob.ar\/index.php?rest_route=\/wp\/v2\/media\/292"}],"wp:attachment":[{"href":"https:\/\/cultura.sma.gob.ar\/index.php?rest_route=%2Fwp%2Fv2%2Fmedia&parent=3361"}],"wp:term":[{"taxonomy":"category","embeddable":true,"href":"https:\/\/cultura.sma.gob.ar\/index.php?rest_route=%2Fwp%2Fv2%2Fcategories&post=3361"},{"taxonomy":"post_tag","embeddable":true,"href":"https:\/\/cultura.sma.gob.ar\/index.php?rest_route=%2Fwp%2Fv2%2Ftags&post=3361"}],"curies":[{"name":"wp","href":"https:\/\/api.w.org\/{rel}","templated":true}]}}