{"id":3355,"date":"2022-05-21T13:58:24","date_gmt":"2022-05-21T16:58:24","guid":{"rendered":"http:\/\/cultura.sma.gob.ar\/?p=3355"},"modified":"2022-05-21T13:58:24","modified_gmt":"2022-05-21T16:58:24","slug":"24-de-mayo-entrenamiento-emocional-en-el-deporte-adaptado-e-inclusivo-centro-cultural-cotesma","status":"publish","type":"post","link":"https:\/\/cultura.sma.gob.ar\/?p=3355","title":{"rendered":"24 de mayo: \u201cEntrenamiento emocional en el deporte adaptado e inclusivo\u201d \/ Centro Cultural Cotesma"},"content":{"rendered":"\n<figure class=\"wp-block-image size-large\"><img loading=\"lazy\" decoding=\"async\" width=\"1024\" height=\"1024\" src=\"http:\/\/cultura.sma.gob.ar\/wp-content\/uploads\/2022\/05\/Flyer-Entrenamiento-Emocional-en-el-deporte-adaptado-e-inclusivo-1024x1024.jpg\" alt=\"\" class=\"wp-image-3356\" srcset=\"https:\/\/cultura.sma.gob.ar\/wp-content\/uploads\/2022\/05\/Flyer-Entrenamiento-Emocional-en-el-deporte-adaptado-e-inclusivo-1024x1024.jpg 1024w, https:\/\/cultura.sma.gob.ar\/wp-content\/uploads\/2022\/05\/Flyer-Entrenamiento-Emocional-en-el-deporte-adaptado-e-inclusivo-300x300.jpg 300w, https:\/\/cultura.sma.gob.ar\/wp-content\/uploads\/2022\/05\/Flyer-Entrenamiento-Emocional-en-el-deporte-adaptado-e-inclusivo-150x150.jpg 150w, https:\/\/cultura.sma.gob.ar\/wp-content\/uploads\/2022\/05\/Flyer-Entrenamiento-Emocional-en-el-deporte-adaptado-e-inclusivo-768x768.jpg 768w, https:\/\/cultura.sma.gob.ar\/wp-content\/uploads\/2022\/05\/Flyer-Entrenamiento-Emocional-en-el-deporte-adaptado-e-inclusivo-90x90.jpg 90w, https:\/\/cultura.sma.gob.ar\/wp-content\/uploads\/2022\/05\/Flyer-Entrenamiento-Emocional-en-el-deporte-adaptado-e-inclusivo.jpg 1080w\" sizes=\"auto, (max-width: 1024px) 100vw, 1024px\" \/><\/figure>\n\n\n\n<p>El pr\u00f3ximo martes, 24 de mayo, a las 17hs, en la Sala Amankay del Centro Cultural Cotesma, compartiremos una charla capacitaci\u00f3n sobre \u201cENTRENAMIENTO EMOCIONAL EN EL DEPORTE ADAPTADO E INCLUSIVO\u201d.<\/p>\n\n\n\n<p>Organizada por la Asociaci\u00f3n EsPorVos, contar\u00e1 con la disertaci\u00f3n de Jos\u00e9 Atanasio y Marcelo Aranda, y se abordar\u00e1n los siguientes temas:<\/p>\n\n\n\n<ul class=\"wp-block-list\"><li>La relaci\u00f3n entre cuerpo, emoci\u00f3n y lenguaje<\/li><li>La observaci\u00f3n y las diferentes realidades<\/li><li>Creencias potenciadoras y limitantes<\/li><li>Gesti\u00f3n del miedo<\/li><li>La fortaleza de la confianza<\/li><li>La importancia de la escucha<\/li><li>El poder de la visualizaci\u00f3n<\/li><\/ul>\n\n\n\n<p>Dirigido a deportistas, entrenadores, profesores de educaci\u00f3n f\u00edsica, dirigentes y toda persona interesada en la tem\u00e1tica.<br><br>Ven\u00ed a participar de un taller presencial para conocer los beneficios de la gesti\u00f3n de emociones en el deporte adaptado e inclusivo.<br><br>Inscripci\u00f3n anticipada (cupos limitados)<br>Registrate aqu\u00ed:&nbsp;<a href=\"https:\/\/correo.smandes.gov.ar\/owa\/redir.aspx?C=e856aa53cc3448d58c9b2864543fa013&amp;URL=https%3a%2f%2fbit.ly%2f37N6izU\" target=\"_blank\" rel=\"noreferrer noopener\">https:\/\/bit.ly\/37N6izU<\/a><\/p>\n","protected":false},"excerpt":{"rendered":"<p>El pr\u00f3ximo martes, 24 de mayo, a las 17hs, en la Sala Amankay del Centro Cultural Cotesma, compartiremos una charla capacitaci\u00f3n sobre \u201cENTRENAMIENTO EMOCIONAL EN EL DEPORTE ADAPTADO E INCLUSIVO\u201d. Organizada por la Asociaci\u00f3n EsPorVos, contar\u00e1 con la disertaci\u00f3n de Jos\u00e9 Atanasio y Marcelo Aranda, y se abordar\u00e1n los siguientes temas: La relaci\u00f3n entre cuerpo, emoci\u00f3n y lenguaje La observaci\u00f3n y las diferentes realidades Creencias &hellip; <a href=\"https:\/\/cultura.sma.gob.ar\/?p=3355\" class=\"more-link\">Continue reading <span class=\"screen-reader-text\">24 de mayo: \u201cEntrenamiento emocional en el deporte adaptado e inclusivo\u201d \/ Centro Cultural Cotesma<\/span><\/a><\/p>\n","protected":false},"author":1,"featured_media":297,"comment_status":"closed","ping_status":"","sticky":false,"template":"","format":"image","meta":{"footnotes":""},"categories":[2,9],"tags":[],"class_list":["post-3355","post","type-post","status-publish","format-image","has-post-thumbnail","hentry","category-ciudad-cultural","category-ultimas-noticias","post_format-post-format-image"],"_links":{"self":[{"href":"https:\/\/cultura.sma.gob.ar\/index.php?rest_route=\/wp\/v2\/posts\/3355","targetHints":{"allow":["GET"]}}],"collection":[{"href":"https:\/\/cultura.sma.gob.ar\/index.php?rest_route=\/wp\/v2\/posts"}],"about":[{"href":"https:\/\/cultura.sma.gob.ar\/index.php?rest_route=\/wp\/v2\/types\/post"}],"author":[{"embeddable":true,"href":"https:\/\/cultura.sma.gob.ar\/index.php?rest_route=\/wp\/v2\/users\/1"}],"replies":[{"embeddable":true,"href":"https:\/\/cultura.sma.gob.ar\/index.php?rest_route=%2Fwp%2Fv2%2Fcomments&post=3355"}],"version-history":[{"count":1,"href":"https:\/\/cultura.sma.gob.ar\/index.php?rest_route=\/wp\/v2\/posts\/3355\/revisions"}],"predecessor-version":[{"id":3357,"href":"https:\/\/cultura.sma.gob.ar\/index.php?rest_route=\/wp\/v2\/posts\/3355\/revisions\/3357"}],"wp:featuredmedia":[{"embeddable":true,"href":"https:\/\/cultura.sma.gob.ar\/index.php?rest_route=\/wp\/v2\/media\/297"}],"wp:attachment":[{"href":"https:\/\/cultura.sma.gob.ar\/index.php?rest_route=%2Fwp%2Fv2%2Fmedia&parent=3355"}],"wp:term":[{"taxonomy":"category","embeddable":true,"href":"https:\/\/cultura.sma.gob.ar\/index.php?rest_route=%2Fwp%2Fv2%2Fcategories&post=3355"},{"taxonomy":"post_tag","embeddable":true,"href":"https:\/\/cultura.sma.gob.ar\/index.php?rest_route=%2Fwp%2Fv2%2Ftags&post=3355"}],"curies":[{"name":"wp","href":"https:\/\/api.w.org\/{rel}","templated":true}]}}