{"id":3352,"date":"2022-05-21T13:56:18","date_gmt":"2022-05-21T16:56:18","guid":{"rendered":"http:\/\/cultura.sma.gob.ar\/?p=3352"},"modified":"2022-05-21T13:56:18","modified_gmt":"2022-05-21T16:56:18","slug":"11-de-junio-inauguracion-de-la-muestra-dejando-huellas-centro-cultural-cotesma","status":"publish","type":"post","link":"https:\/\/cultura.sma.gob.ar\/?p=3352","title":{"rendered":"11 de junio: Inauguraci\u00f3n de la muestra &#8221;Dejando huellas&#8221; \/ Centro Cultural Cotesma"},"content":{"rendered":"\n<figure class=\"wp-block-image size-large\"><img loading=\"lazy\" decoding=\"async\" width=\"454\" height=\"640\" src=\"http:\/\/cultura.sma.gob.ar\/wp-content\/uploads\/2022\/05\/Flyer-DEJANDO-HUELLAS.jpg\" alt=\"\" class=\"wp-image-3353\" srcset=\"https:\/\/cultura.sma.gob.ar\/wp-content\/uploads\/2022\/05\/Flyer-DEJANDO-HUELLAS.jpg 454w, https:\/\/cultura.sma.gob.ar\/wp-content\/uploads\/2022\/05\/Flyer-DEJANDO-HUELLAS-213x300.jpg 213w, https:\/\/cultura.sma.gob.ar\/wp-content\/uploads\/2022\/05\/Flyer-DEJANDO-HUELLAS-64x90.jpg 64w\" sizes=\"auto, (max-width: 454px) 100vw, 454px\" \/><\/figure>\n\n\n\n<p>El pr\u00f3ximo s\u00e1bado, 11 de junio a las 19hs, en la Sala G\u00fcnther Blaas, con un vernissage quedar\u00e1 inaugurada la Muestra \u201cDEJANDO HUELLAS\u201d de la artista pl\u00e1stica Mariam Saavedra.<\/p>\n\n\n\n<p>Un momento para compartir, junto a la artista, descubrir sus obras, su trabajo y seguir \u201cDejando Huellas\u201d juntos.<\/p>\n\n\n\n<p>La muestra, tambi\u00e9n podr\u00e1 visitarse, durante toda la jornada del domingo 12, el martes 14 (de 16hs a 18hs) y el mi\u00e9rcoles 15 (de 20hs a 22:30hs).<\/p>\n\n\n\n<p>Dijo la artista:<br><em>\u201cA trav\u00e9s de ella quiero expresar el agradecimiento a mis antepasados y a toda la gente que hizo historia en este pueblo. Tambi\u00e9n agradecer a la comunidad que me ha ayudado a su realizaci\u00f3n. Dejando huellas&#8230; as\u00ed como mis ancestros, y muchos otros pioneros, forjaron una parte de la historia de este pueblo, me siento que voy dejando huellas a trav\u00e9s de cada obra que creo. A trav\u00e9s de ellas me expreso, y silenciosamente me entrego procurando trascender con el alma y la pasi\u00f3n que pongo en ellas.<br>Elijo el hierro que enmarca los \u00f3leos como s\u00edmbolo de fortaleza y de durabilidad a trav\u00e9s de los a\u00f1os. Al propio tiempo manifiesto un cambio mental y emocional que es el tr\u00e1nsito del arte figurativo al abstracto, dando mis primeros pasos en \u00e9sta misteriosa y trascendente b\u00fasqueda que se constituye en una revelaci\u00f3n en m\u00ed, que me renueva.<br>Agradezco la colaboraci\u00f3n de la Subsecretar\u00eda de Cultura Municipal, agradezco al Concejo Deliberante de San Mart\u00edn de los Andes, y particularmente el aporte invalorable de Eliana Rivera, agradezco a Cotesma por la cesi\u00f3n de la Sala Gunther Blass. Agradezco a todos los que me han expresado su apoyo y particularmente a quienes han tenido una expresi\u00f3n de aliento\u201d.<br><br><\/em>Sobre la artista:<br><em>\u201cNaci en San Mart\u00edn de los Andes el 13\/8\/65, bisnieta de pioneros de la Familia Chidiak quienes llegaron a la regi\u00f3n hacia finales del 1890.<br>Mi pasi\u00f3n por la vida al aire libre y el arte me inspiraron desde joven y, es as\u00ed, como pude crecer de manera libre para expresarme con total libertad y sin limitaciones en cuanto a normas, pautas o prejuicios que me condicionen. De esta forma logr\u00e9 buscar, por m\u00ed misma, el camino al que me iba llevando mi alma y mi instinto de ser, a las personas y situaciones en cada momento de mi vida. Es decir, me fui formando a partir de mi propia b\u00fasqueda y experiencia, dejando mis huellas en ese camino. Por eso, as\u00ed defino esta muestra, donde, precisamente expongo los cambios en los que me encuentro en este momento, atravesando de lo figurativo a lo abstracto, en plena b\u00fasqueda y asombro.<br>Adem\u00e1s de la esp\u00e1tula, \u00f3leo y pincel, tambi\u00e9n utilizo acuarelas y l\u00e1pices de carbono, oleos pasteles, tizas y cuanto instrumento siento que me inspira para crear.<br>El amor por el arte lo herede de mi pap\u00e1, como tambi\u00e9n la pasi\u00f3n por los caballos, siendo gu\u00eda de cabalgatas por varios a\u00f1os.<br>Adem\u00e1s, soy profesora de jard\u00edn de infantes donde la pl\u00e1stica fue mi fortaleza. Tambi\u00e9n soy profesora de sky, cuya actividad me permiti\u00f3 pasar a\u00f1os al aire libre, en contacto con la naturaleza y admirando los paisajes maravillosos de nuestra querida Patagonia.<br>Realic\u00e9 exposiciones individuales en varios lugares de nuestra ciudad, como as\u00ed tambi\u00e9n, en Steamboat Spring (Estados Unidos), ciudad hermana de San Mart\u00edn de los Andes. Tambi\u00e9n realic\u00e9, en reiteradas oportunidades, exposiciones con Emaus Miciu en la Sala de Cultura Municipal, en Hoteles y Comercios de nuestra ciudad y, en esta misma, G\u00fcnther Blaas del Centro Cultural Cotesma\u201d.<\/em><\/p>\n","protected":false},"excerpt":{"rendered":"<p>El pr\u00f3ximo s\u00e1bado, 11 de junio a las 19hs, en la Sala G\u00fcnther Blaas, con un vernissage quedar\u00e1 inaugurada la Muestra \u201cDEJANDO HUELLAS\u201d de la artista pl\u00e1stica Mariam Saavedra. Un momento para compartir, junto a la artista, descubrir sus obras, su trabajo y seguir \u201cDejando Huellas\u201d juntos. La muestra, tambi\u00e9n podr\u00e1 visitarse, durante toda la jornada del domingo 12, el martes 14 (de 16hs a &hellip; <a href=\"https:\/\/cultura.sma.gob.ar\/?p=3352\" class=\"more-link\">Continue reading <span class=\"screen-reader-text\">11 de junio: Inauguraci\u00f3n de la muestra &#8221;Dejando huellas&#8221; \/ Centro Cultural Cotesma<\/span><\/a><\/p>\n","protected":false},"author":1,"featured_media":297,"comment_status":"closed","ping_status":"","sticky":false,"template":"","format":"image","meta":{"footnotes":""},"categories":[2,9],"tags":[],"class_list":["post-3352","post","type-post","status-publish","format-image","has-post-thumbnail","hentry","category-ciudad-cultural","category-ultimas-noticias","post_format-post-format-image"],"_links":{"self":[{"href":"https:\/\/cultura.sma.gob.ar\/index.php?rest_route=\/wp\/v2\/posts\/3352","targetHints":{"allow":["GET"]}}],"collection":[{"href":"https:\/\/cultura.sma.gob.ar\/index.php?rest_route=\/wp\/v2\/posts"}],"about":[{"href":"https:\/\/cultura.sma.gob.ar\/index.php?rest_route=\/wp\/v2\/types\/post"}],"author":[{"embeddable":true,"href":"https:\/\/cultura.sma.gob.ar\/index.php?rest_route=\/wp\/v2\/users\/1"}],"replies":[{"embeddable":true,"href":"https:\/\/cultura.sma.gob.ar\/index.php?rest_route=%2Fwp%2Fv2%2Fcomments&post=3352"}],"version-history":[{"count":1,"href":"https:\/\/cultura.sma.gob.ar\/index.php?rest_route=\/wp\/v2\/posts\/3352\/revisions"}],"predecessor-version":[{"id":3354,"href":"https:\/\/cultura.sma.gob.ar\/index.php?rest_route=\/wp\/v2\/posts\/3352\/revisions\/3354"}],"wp:featuredmedia":[{"embeddable":true,"href":"https:\/\/cultura.sma.gob.ar\/index.php?rest_route=\/wp\/v2\/media\/297"}],"wp:attachment":[{"href":"https:\/\/cultura.sma.gob.ar\/index.php?rest_route=%2Fwp%2Fv2%2Fmedia&parent=3352"}],"wp:term":[{"taxonomy":"category","embeddable":true,"href":"https:\/\/cultura.sma.gob.ar\/index.php?rest_route=%2Fwp%2Fv2%2Fcategories&post=3352"},{"taxonomy":"post_tag","embeddable":true,"href":"https:\/\/cultura.sma.gob.ar\/index.php?rest_route=%2Fwp%2Fv2%2Ftags&post=3352"}],"curies":[{"name":"wp","href":"https:\/\/api.w.org\/{rel}","templated":true}]}}