{"id":3349,"date":"2022-05-21T13:54:17","date_gmt":"2022-05-21T16:54:17","guid":{"rendered":"http:\/\/cultura.sma.gob.ar\/?p=3349"},"modified":"2022-05-21T13:54:17","modified_gmt":"2022-05-21T16:54:17","slug":"27-de-mayo-presentacion-del-libro-calles-de-san-martin-de-los-andes-pasado-y-presente-teatro-san-jose","status":"publish","type":"post","link":"https:\/\/cultura.sma.gob.ar\/?p=3349","title":{"rendered":"27 de mayo: Presentaci\u00f3n del libro \u201cCalles de San Mart\u00edn de los Andes, pasado y presente\u201d \/ Teatro San Jos\u00e9"},"content":{"rendered":"\n<figure class=\"wp-block-image size-large\"><img loading=\"lazy\" decoding=\"async\" width=\"1024\" height=\"548\" src=\"http:\/\/cultura.sma.gob.ar\/wp-content\/uploads\/2022\/05\/Mabel-Margarita-Paloma-Lidia-Ana-1024x548.jpg\" alt=\"\" class=\"wp-image-3350\" srcset=\"https:\/\/cultura.sma.gob.ar\/wp-content\/uploads\/2022\/05\/Mabel-Margarita-Paloma-Lidia-Ana-1024x548.jpg 1024w, https:\/\/cultura.sma.gob.ar\/wp-content\/uploads\/2022\/05\/Mabel-Margarita-Paloma-Lidia-Ana-300x161.jpg 300w, https:\/\/cultura.sma.gob.ar\/wp-content\/uploads\/2022\/05\/Mabel-Margarita-Paloma-Lidia-Ana-768x411.jpg 768w, https:\/\/cultura.sma.gob.ar\/wp-content\/uploads\/2022\/05\/Mabel-Margarita-Paloma-Lidia-Ana-1536x822.jpg 1536w, https:\/\/cultura.sma.gob.ar\/wp-content\/uploads\/2022\/05\/Mabel-Margarita-Paloma-Lidia-Ana-2048x1097.jpg 2048w, https:\/\/cultura.sma.gob.ar\/wp-content\/uploads\/2022\/05\/Mabel-Margarita-Paloma-Lidia-Ana-168x90.jpg 168w\" sizes=\"auto, (max-width: 1024px) 100vw, 1024px\" \/><\/figure>\n\n\n\n<p>La Asociaci\u00f3n Amigos del Museo Primeros Pobladores informa que el viernes 27 de mayo a las 20 hs se presentar\u00e1 el libro \u201cCalles de San Mart\u00edn de los Andes, pasado y presente\u201d, en la sala \u201cJorge Villalba\u201d del Teatro San Jos\u00e9.<\/p>\n\n\n\n<p>La publicaci\u00f3n cuenta con el patrocinio de la Legislatura de Neuqu\u00e9n.<\/p>\n\n\n\n<p>El libro es resultado del trabajo durante la cuarentena y las restricciones a que oblig\u00f3 la pandemia, de cinco vecinas. Ellas son: Ana Mar\u00eda de Mena, Mar\u00eda de la Paloma Mart\u00ednez, Margarita Schroeder, Mabel In\u00e9s Mart\u00ednez y Lidia Mabel Mora.<\/p>\n\n\n\n<p>La edici\u00f3n contiene una rese\u00f1a biogr\u00e1fica de las personas que dieron nombre a las calles del casco c\u00e9ntrico e informaci\u00f3n sobre otras denominaciones, que &nbsp;totalizan setenta y tres arterias. El comentario de contratapa fue elaborado por Elio Ramiro Soria.<\/p>\n\n\n\n<p>Tambi\u00e9n incluye tres planos de Mar\u00eda de la Paloma Mart\u00ednez, Hilda Devoto y Camila Ayala. Las fotograf\u00edas recientes son de Ulises Vargas Barrera, Juan Sebasti\u00e1n Manr\u00edquez Mora y Ariel Maxit de Mena.<\/p>\n\n\n\n<p>Las im\u00e1genes hist\u00f3ricas -algunas in\u00e9ditas- fueron aportadas por el Sistema Provincial de Archivos, el Archivo General de la Naci\u00f3n y el \u00c1rea de Patrimonio local. Tambi\u00e9n colaboraron entidades sanmartinenses, nacionales y numerosos vecinos que, generosamente, compartieron fotos y documentos, que est\u00e1n citados en el libro.<\/p>\n\n\n\n<p>De ciento diecis\u00e9is p\u00e1ginas, el libro fue una propuesta del sr. H\u00e9ctor \u201cCachi\u201d Quiroga, socio de Amigos del Museo, que cont\u00f3 con la revisi\u00f3n de informaci\u00f3n del Agr. Mario Jorge Muglia; tiene dise\u00f1o de Hilda Devoto de la editora Urbe Gr\u00e1fica y las correcciones fueron realizadas por Natalia Carolina Pagani.<\/p>\n\n\n\n<p>Comprometieron su asistencia a la presentaci\u00f3n, el Presidente de la Legislatura, Vicegobernador Marcos Koopmann, as\u00ed como autoridades locales y p\u00fablico en general.<\/p>\n\n\n\n<p>Por este medio invitamos a los vecinos interesados en participar, para que asistan, la entrada ser\u00e1 libre y se agradecer\u00e1 el ingreso minutos antes de las 20 hs para comenzar con puntualidad. Los esperamos!<\/p>\n\n\n\n<p>Asoc. Amigos del Museo Primeros Pobladores<\/p>\n","protected":false},"excerpt":{"rendered":"<p>La Asociaci\u00f3n Amigos del Museo Primeros Pobladores informa que el viernes 27 de mayo a las 20 hs se presentar\u00e1 el libro \u201cCalles de San Mart\u00edn de los Andes, pasado y presente\u201d, en la sala \u201cJorge Villalba\u201d del Teatro San Jos\u00e9. La publicaci\u00f3n cuenta con el patrocinio de la Legislatura de Neuqu\u00e9n. El libro es resultado del trabajo durante la cuarentena y las restricciones a &hellip; <a href=\"https:\/\/cultura.sma.gob.ar\/?p=3349\" class=\"more-link\">Continue reading <span class=\"screen-reader-text\">27 de mayo: Presentaci\u00f3n del libro \u201cCalles de San Mart\u00edn de los Andes, pasado y presente\u201d \/ Teatro San Jos\u00e9<\/span><\/a><\/p>\n","protected":false},"author":1,"featured_media":297,"comment_status":"closed","ping_status":"","sticky":false,"template":"","format":"image","meta":{"footnotes":""},"categories":[2,9],"tags":[],"class_list":["post-3349","post","type-post","status-publish","format-image","has-post-thumbnail","hentry","category-ciudad-cultural","category-ultimas-noticias","post_format-post-format-image"],"_links":{"self":[{"href":"https:\/\/cultura.sma.gob.ar\/index.php?rest_route=\/wp\/v2\/posts\/3349","targetHints":{"allow":["GET"]}}],"collection":[{"href":"https:\/\/cultura.sma.gob.ar\/index.php?rest_route=\/wp\/v2\/posts"}],"about":[{"href":"https:\/\/cultura.sma.gob.ar\/index.php?rest_route=\/wp\/v2\/types\/post"}],"author":[{"embeddable":true,"href":"https:\/\/cultura.sma.gob.ar\/index.php?rest_route=\/wp\/v2\/users\/1"}],"replies":[{"embeddable":true,"href":"https:\/\/cultura.sma.gob.ar\/index.php?rest_route=%2Fwp%2Fv2%2Fcomments&post=3349"}],"version-history":[{"count":1,"href":"https:\/\/cultura.sma.gob.ar\/index.php?rest_route=\/wp\/v2\/posts\/3349\/revisions"}],"predecessor-version":[{"id":3351,"href":"https:\/\/cultura.sma.gob.ar\/index.php?rest_route=\/wp\/v2\/posts\/3349\/revisions\/3351"}],"wp:featuredmedia":[{"embeddable":true,"href":"https:\/\/cultura.sma.gob.ar\/index.php?rest_route=\/wp\/v2\/media\/297"}],"wp:attachment":[{"href":"https:\/\/cultura.sma.gob.ar\/index.php?rest_route=%2Fwp%2Fv2%2Fmedia&parent=3349"}],"wp:term":[{"taxonomy":"category","embeddable":true,"href":"https:\/\/cultura.sma.gob.ar\/index.php?rest_route=%2Fwp%2Fv2%2Fcategories&post=3349"},{"taxonomy":"post_tag","embeddable":true,"href":"https:\/\/cultura.sma.gob.ar\/index.php?rest_route=%2Fwp%2Fv2%2Ftags&post=3349"}],"curies":[{"name":"wp","href":"https:\/\/api.w.org\/{rel}","templated":true}]}}