{"id":3346,"date":"2022-05-21T13:50:39","date_gmt":"2022-05-21T16:50:39","guid":{"rendered":"http:\/\/cultura.sma.gob.ar\/?p=3346"},"modified":"2022-05-21T13:50:39","modified_gmt":"2022-05-21T16:50:39","slug":"26-de-mayo-7-cajas-centro-cultural-cotesma","status":"publish","type":"post","link":"https:\/\/cultura.sma.gob.ar\/?p=3346","title":{"rendered":"26 de mayo: 7 cajas \/ Centro Cultural Cotesma"},"content":{"rendered":"\n<figure class=\"wp-block-image size-large\"><img loading=\"lazy\" decoding=\"async\" width=\"682\" height=\"1024\" src=\"http:\/\/cultura.sma.gob.ar\/wp-content\/uploads\/2022\/05\/7-Cajas-Afiche-682x1024.jpg\" alt=\"\" class=\"wp-image-3347\" srcset=\"https:\/\/cultura.sma.gob.ar\/wp-content\/uploads\/2022\/05\/7-Cajas-Afiche-682x1024.jpg 682w, https:\/\/cultura.sma.gob.ar\/wp-content\/uploads\/2022\/05\/7-Cajas-Afiche-200x300.jpg 200w, https:\/\/cultura.sma.gob.ar\/wp-content\/uploads\/2022\/05\/7-Cajas-Afiche-768x1153.jpg 768w, https:\/\/cultura.sma.gob.ar\/wp-content\/uploads\/2022\/05\/7-Cajas-Afiche-60x90.jpg 60w, https:\/\/cultura.sma.gob.ar\/wp-content\/uploads\/2022\/05\/7-Cajas-Afiche.jpg 799w\" sizes=\"auto, (max-width: 682px) 100vw, 682px\" \/><\/figure>\n\n\n\n<p>El jueves, 26 de Mayo a las 20:30hs en la Sala G\u00fcnther Blaas del Centro Cultural Cotesma, continuamos con la 6ta. Temporada de Proyecciones a la gorra. Como los a\u00f1os anteriores, la programaci\u00f3n y la presentaci\u00f3n est\u00e1 a cargo de Guillermo Ianniello, este a\u00f1o a beneficio del Club de Leones San Mart\u00edn de los Andes \u2013 Chapelco.<br>Siguiendo con el Ciclo N\u00b032 (Segundo de este a\u00f1o), titulado \u201cUN PASEO POR AM\u00c9RICA\u201d, se proyectar\u00e1 \u201c7 CAJAS\u201d dirigida por Juan Carlos Maneglia y protagonizada por Lali Gonz\u00e1lez, Celso Franco, V\u00edctor Sosa y Tito Jara.<\/p>\n\n\n\n<p><strong>\u201c7 Cajas\u201d<\/strong>. (2012-Color)<br>Cuando una pel\u00edcula sale redonda, esto se nota desde el principio, y aqu\u00ed es precisamente lo que ocurre con \u00e9sta, que simplemente ha salido perfecta.<\/p>\n\n\n\n<p>Empezando por unos personajes que te sumergen en lo m\u00e1s profundo de la sociedad paraguaya, en el coraz\u00f3n de Asunci\u00f3n, su mercado, y terminando con una soberbia puesta en escena y movimientos de c\u00e1mara.<br>Espectacular y vibrante la escena de la persecuci\u00f3n por el mercado.<\/p>\n\n\n\n<p>Una historia sencilla para una pel\u00edcula peque\u00f1a, pero que sabe hacerse grande con cada giro del gui\u00f3n y nueva situaci\u00f3n presentada, con cada inesperada persecuci\u00f3n, cada nueva aventura\u2026 un ritmo trepidante que atrapa al espectador a trav\u00e9s de unas secuencias de una adrenalina que nada tienen que envidiar a otras pel\u00edculas de acci\u00f3n con mucho mayor presupuesto o efectismos.<\/p>\n\n\n\n<p>Pero todo esto fue posible por la interpretaci\u00f3n tan cercana y realista de sus dos protagonistas, Celso Franco y Lali Gonz\u00e1lez, que saben crear unos personajes que conquistan tanto la risa del p\u00fablico, como su aliento contenido cuando se teme por su destino.<\/p>\n\n\n\n<p>En s\u00edntesis, es un filme notable, con una trama sencilla pero engrandecida por la creatividad y el talento con la que es filmada.<br>Un ejemplo para el cine en los dem\u00e1s pa\u00edses latinoamericanos y las producciones con bajo presupuesto, de que con talento se puede sacar un gran proyecto adelante.<br>Totalmente recomendable, no duden que disfrutar\u00e1n su gran humor y suspenso\u2026&nbsp; Para no perd\u00e9rsela.<\/p>\n\n\n\n<p>Duraci\u00f3n: 1 h. 45\u00b4 \u2013<\/p>\n\n\n\n<p>Este Ciclo&nbsp;<strong>(N\u00b0 32)<\/strong>&nbsp;finaliza con la siguiente pel\u00edcula:<br>*La Odisea de los Giles (Argentina)<\/p>\n","protected":false},"excerpt":{"rendered":"<p>El jueves, 26 de Mayo a las 20:30hs en la Sala G\u00fcnther Blaas del Centro Cultural Cotesma, continuamos con la 6ta. Temporada de Proyecciones a la gorra. Como los a\u00f1os anteriores, la programaci\u00f3n y la presentaci\u00f3n est\u00e1 a cargo de Guillermo Ianniello, este a\u00f1o a beneficio del Club de Leones San Mart\u00edn de los Andes \u2013 Chapelco.Siguiendo con el Ciclo N\u00b032 (Segundo de este a\u00f1o), &hellip; <a href=\"https:\/\/cultura.sma.gob.ar\/?p=3346\" class=\"more-link\">Continue reading <span class=\"screen-reader-text\">26 de mayo: 7 cajas \/ Centro Cultural Cotesma<\/span><\/a><\/p>\n","protected":false},"author":1,"featured_media":297,"comment_status":"closed","ping_status":"","sticky":false,"template":"","format":"image","meta":{"footnotes":""},"categories":[2,9],"tags":[],"class_list":["post-3346","post","type-post","status-publish","format-image","has-post-thumbnail","hentry","category-ciudad-cultural","category-ultimas-noticias","post_format-post-format-image"],"_links":{"self":[{"href":"https:\/\/cultura.sma.gob.ar\/index.php?rest_route=\/wp\/v2\/posts\/3346","targetHints":{"allow":["GET"]}}],"collection":[{"href":"https:\/\/cultura.sma.gob.ar\/index.php?rest_route=\/wp\/v2\/posts"}],"about":[{"href":"https:\/\/cultura.sma.gob.ar\/index.php?rest_route=\/wp\/v2\/types\/post"}],"author":[{"embeddable":true,"href":"https:\/\/cultura.sma.gob.ar\/index.php?rest_route=\/wp\/v2\/users\/1"}],"replies":[{"embeddable":true,"href":"https:\/\/cultura.sma.gob.ar\/index.php?rest_route=%2Fwp%2Fv2%2Fcomments&post=3346"}],"version-history":[{"count":1,"href":"https:\/\/cultura.sma.gob.ar\/index.php?rest_route=\/wp\/v2\/posts\/3346\/revisions"}],"predecessor-version":[{"id":3348,"href":"https:\/\/cultura.sma.gob.ar\/index.php?rest_route=\/wp\/v2\/posts\/3346\/revisions\/3348"}],"wp:featuredmedia":[{"embeddable":true,"href":"https:\/\/cultura.sma.gob.ar\/index.php?rest_route=\/wp\/v2\/media\/297"}],"wp:attachment":[{"href":"https:\/\/cultura.sma.gob.ar\/index.php?rest_route=%2Fwp%2Fv2%2Fmedia&parent=3346"}],"wp:term":[{"taxonomy":"category","embeddable":true,"href":"https:\/\/cultura.sma.gob.ar\/index.php?rest_route=%2Fwp%2Fv2%2Fcategories&post=3346"},{"taxonomy":"post_tag","embeddable":true,"href":"https:\/\/cultura.sma.gob.ar\/index.php?rest_route=%2Fwp%2Fv2%2Ftags&post=3346"}],"curies":[{"name":"wp","href":"https:\/\/api.w.org\/{rel}","templated":true}]}}