{"id":3342,"date":"2022-05-21T13:11:51","date_gmt":"2022-05-21T16:11:51","guid":{"rendered":"http:\/\/cultura.sma.gob.ar\/?p=3342"},"modified":"2022-05-21T13:11:51","modified_gmt":"2022-05-21T16:11:51","slug":"el-martes-24-se-realizara-la-pena-del-25-de-mayo-en-el-chango-soria","status":"publish","type":"post","link":"https:\/\/cultura.sma.gob.ar\/?p=3342","title":{"rendered":"El martes 24, se realizar\u00e1 la Pe\u00f1a del 25 de Mayo en el \u201cChango\u201d Soria"},"content":{"rendered":"\n<figure class=\"wp-block-image size-large\"><img loading=\"lazy\" decoding=\"async\" width=\"1024\" height=\"1024\" src=\"http:\/\/cultura.sma.gob.ar\/wp-content\/uploads\/2022\/05\/flayer-1-1024x1024.jpg\" alt=\"\" class=\"wp-image-3343\" srcset=\"https:\/\/cultura.sma.gob.ar\/wp-content\/uploads\/2022\/05\/flayer-1-1024x1024.jpg 1024w, https:\/\/cultura.sma.gob.ar\/wp-content\/uploads\/2022\/05\/flayer-1-300x300.jpg 300w, https:\/\/cultura.sma.gob.ar\/wp-content\/uploads\/2022\/05\/flayer-1-150x150.jpg 150w, https:\/\/cultura.sma.gob.ar\/wp-content\/uploads\/2022\/05\/flayer-1-768x768.jpg 768w, https:\/\/cultura.sma.gob.ar\/wp-content\/uploads\/2022\/05\/flayer-1-1536x1536.jpg 1536w, https:\/\/cultura.sma.gob.ar\/wp-content\/uploads\/2022\/05\/flayer-1-90x90.jpg 90w, https:\/\/cultura.sma.gob.ar\/wp-content\/uploads\/2022\/05\/flayer-1.jpg 1875w\" sizes=\"auto, (max-width: 1024px) 100vw, 1024px\" \/><\/figure>\n\n\n\n<p>La gran \u201cPe\u00f1a del 25 de Mayo\u201d se realizar\u00e1 el martes 24 de mayo a las 20 hs, en el Gimnasio Chango Soria, organizada por la Secretar\u00eda de Cultura de San Mart\u00edn de los Andes.<\/p>\n\n\n\n<p>El evento incluir\u00e1 la participaci\u00f3n de grupos de m\u00fasica como el Tr\u00edo Cupal, de folclore santiague\u00f1o de Antonela Mu\u00f1oz, Nicol\u00e1s Moreno, Gustavo L\u00f3pez, Polemma D\u00fao de Paola Ilabaca y Emmanuel Rocha, Hermanos Fierro, Dami\u00e1n Arteaga y presentaciones de la Compa\u00f1\u00eda de Danzas Aurora.<\/p>\n\n\n\n<p>A las 0 hs se recibir\u00e1 el 25 de Mayo entonando el Himno Nacional. Habr\u00e1 buffet a cargo de la Cooperadora de la Orquesta Municipal Musicantes.<\/p>\n\n\n\n<p>Los bonos contribuci\u00f3n de $200 se podr\u00e1n adquirir por adelantado en el Teatro San Jos\u00e9, lunes y martes, de 9 a 12 y de 13.30 a 21 hs; y al comienzo del evento en la puerta del Gimnasio Chango Soria.<\/p>\n","protected":false},"excerpt":{"rendered":"<p>La gran \u201cPe\u00f1a del 25 de Mayo\u201d se realizar\u00e1 el martes 24 de mayo a las 20 hs, en el Gimnasio Chango Soria, organizada por la Secretar\u00eda de Cultura de San Mart\u00edn de los Andes. El evento incluir\u00e1 la participaci\u00f3n de grupos de m\u00fasica como el Tr\u00edo Cupal, de folclore santiague\u00f1o de Antonela Mu\u00f1oz, Nicol\u00e1s Moreno, Gustavo L\u00f3pez, Polemma D\u00fao de Paola Ilabaca y Emmanuel &hellip; <a href=\"https:\/\/cultura.sma.gob.ar\/?p=3342\" class=\"more-link\">Continue reading <span class=\"screen-reader-text\">El martes 24, se realizar\u00e1 la Pe\u00f1a del 25 de Mayo en el \u201cChango\u201d Soria<\/span><\/a><\/p>\n","protected":false},"author":1,"featured_media":296,"comment_status":"closed","ping_status":"","sticky":false,"template":"","format":"image","meta":{"footnotes":""},"categories":[3,9],"tags":[],"class_list":["post-3342","post","type-post","status-publish","format-image","has-post-thumbnail","hentry","category-eventos-cultura","category-ultimas-noticias","post_format-post-format-image"],"_links":{"self":[{"href":"https:\/\/cultura.sma.gob.ar\/index.php?rest_route=\/wp\/v2\/posts\/3342","targetHints":{"allow":["GET"]}}],"collection":[{"href":"https:\/\/cultura.sma.gob.ar\/index.php?rest_route=\/wp\/v2\/posts"}],"about":[{"href":"https:\/\/cultura.sma.gob.ar\/index.php?rest_route=\/wp\/v2\/types\/post"}],"author":[{"embeddable":true,"href":"https:\/\/cultura.sma.gob.ar\/index.php?rest_route=\/wp\/v2\/users\/1"}],"replies":[{"embeddable":true,"href":"https:\/\/cultura.sma.gob.ar\/index.php?rest_route=%2Fwp%2Fv2%2Fcomments&post=3342"}],"version-history":[{"count":1,"href":"https:\/\/cultura.sma.gob.ar\/index.php?rest_route=\/wp\/v2\/posts\/3342\/revisions"}],"predecessor-version":[{"id":3344,"href":"https:\/\/cultura.sma.gob.ar\/index.php?rest_route=\/wp\/v2\/posts\/3342\/revisions\/3344"}],"wp:featuredmedia":[{"embeddable":true,"href":"https:\/\/cultura.sma.gob.ar\/index.php?rest_route=\/wp\/v2\/media\/296"}],"wp:attachment":[{"href":"https:\/\/cultura.sma.gob.ar\/index.php?rest_route=%2Fwp%2Fv2%2Fmedia&parent=3342"}],"wp:term":[{"taxonomy":"category","embeddable":true,"href":"https:\/\/cultura.sma.gob.ar\/index.php?rest_route=%2Fwp%2Fv2%2Fcategories&post=3342"},{"taxonomy":"post_tag","embeddable":true,"href":"https:\/\/cultura.sma.gob.ar\/index.php?rest_route=%2Fwp%2Fv2%2Ftags&post=3342"}],"curies":[{"name":"wp","href":"https:\/\/api.w.org\/{rel}","templated":true}]}}