{"id":3331,"date":"2022-05-17T18:50:43","date_gmt":"2022-05-17T21:50:43","guid":{"rendered":"http:\/\/cultura.sma.gob.ar\/?p=3331"},"modified":"2022-05-17T18:50:43","modified_gmt":"2022-05-17T21:50:43","slug":"estacion-cultural-villa-paur","status":"publish","type":"post","link":"https:\/\/cultura.sma.gob.ar\/?p=3331","title":{"rendered":"ESTACI\u00d3N CULTURAL VILLA PAUR"},"content":{"rendered":"\n<figure class=\"wp-block-image size-large\"><img loading=\"lazy\" decoding=\"async\" width=\"1024\" height=\"1024\" src=\"http:\/\/cultura.sma.gob.ar\/wp-content\/uploads\/2022\/05\/WhatsApp-Image-2022-05-17-at-1.33.06-PM-1024x1024.jpeg\" alt=\"\" class=\"wp-image-3332\" srcset=\"https:\/\/cultura.sma.gob.ar\/wp-content\/uploads\/2022\/05\/WhatsApp-Image-2022-05-17-at-1.33.06-PM-1024x1024.jpeg 1024w, https:\/\/cultura.sma.gob.ar\/wp-content\/uploads\/2022\/05\/WhatsApp-Image-2022-05-17-at-1.33.06-PM-300x300.jpeg 300w, https:\/\/cultura.sma.gob.ar\/wp-content\/uploads\/2022\/05\/WhatsApp-Image-2022-05-17-at-1.33.06-PM-150x150.jpeg 150w, https:\/\/cultura.sma.gob.ar\/wp-content\/uploads\/2022\/05\/WhatsApp-Image-2022-05-17-at-1.33.06-PM-768x768.jpeg 768w, https:\/\/cultura.sma.gob.ar\/wp-content\/uploads\/2022\/05\/WhatsApp-Image-2022-05-17-at-1.33.06-PM-90x90.jpeg 90w, https:\/\/cultura.sma.gob.ar\/wp-content\/uploads\/2022\/05\/WhatsApp-Image-2022-05-17-at-1.33.06-PM.jpeg 1080w\" sizes=\"auto, (max-width: 1024px) 100vw, 1024px\" \/><\/figure>\n\n\n\n<figure class=\"wp-block-image size-large\"><img loading=\"lazy\" decoding=\"async\" width=\"1024\" height=\"1024\" src=\"http:\/\/cultura.sma.gob.ar\/wp-content\/uploads\/2022\/05\/WhatsApp-Image-2022-05-17-at-1.33.05-PM-3-1024x1024.jpeg\" alt=\"\" class=\"wp-image-3333\" srcset=\"https:\/\/cultura.sma.gob.ar\/wp-content\/uploads\/2022\/05\/WhatsApp-Image-2022-05-17-at-1.33.05-PM-3-1024x1024.jpeg 1024w, https:\/\/cultura.sma.gob.ar\/wp-content\/uploads\/2022\/05\/WhatsApp-Image-2022-05-17-at-1.33.05-PM-3-300x300.jpeg 300w, https:\/\/cultura.sma.gob.ar\/wp-content\/uploads\/2022\/05\/WhatsApp-Image-2022-05-17-at-1.33.05-PM-3-150x150.jpeg 150w, https:\/\/cultura.sma.gob.ar\/wp-content\/uploads\/2022\/05\/WhatsApp-Image-2022-05-17-at-1.33.05-PM-3-768x768.jpeg 768w, https:\/\/cultura.sma.gob.ar\/wp-content\/uploads\/2022\/05\/WhatsApp-Image-2022-05-17-at-1.33.05-PM-3-90x90.jpeg 90w, https:\/\/cultura.sma.gob.ar\/wp-content\/uploads\/2022\/05\/WhatsApp-Image-2022-05-17-at-1.33.05-PM-3.jpeg 1080w\" sizes=\"auto, (max-width: 1024px) 100vw, 1024px\" \/><\/figure>\n\n\n\n<figure class=\"wp-block-image size-large\"><img loading=\"lazy\" decoding=\"async\" width=\"1024\" height=\"1024\" src=\"http:\/\/cultura.sma.gob.ar\/wp-content\/uploads\/2022\/05\/WhatsApp-Image-2022-05-17-at-1.33.05-PM-2-1024x1024.jpeg\" alt=\"\" class=\"wp-image-3334\" srcset=\"https:\/\/cultura.sma.gob.ar\/wp-content\/uploads\/2022\/05\/WhatsApp-Image-2022-05-17-at-1.33.05-PM-2-1024x1024.jpeg 1024w, https:\/\/cultura.sma.gob.ar\/wp-content\/uploads\/2022\/05\/WhatsApp-Image-2022-05-17-at-1.33.05-PM-2-300x300.jpeg 300w, https:\/\/cultura.sma.gob.ar\/wp-content\/uploads\/2022\/05\/WhatsApp-Image-2022-05-17-at-1.33.05-PM-2-150x150.jpeg 150w, https:\/\/cultura.sma.gob.ar\/wp-content\/uploads\/2022\/05\/WhatsApp-Image-2022-05-17-at-1.33.05-PM-2-768x768.jpeg 768w, https:\/\/cultura.sma.gob.ar\/wp-content\/uploads\/2022\/05\/WhatsApp-Image-2022-05-17-at-1.33.05-PM-2-90x90.jpeg 90w, https:\/\/cultura.sma.gob.ar\/wp-content\/uploads\/2022\/05\/WhatsApp-Image-2022-05-17-at-1.33.05-PM-2.jpeg 1080w\" sizes=\"auto, (max-width: 1024px) 100vw, 1024px\" \/><\/figure>\n\n\n\n<figure class=\"wp-block-image size-large\"><img loading=\"lazy\" decoding=\"async\" width=\"1024\" height=\"1024\" src=\"http:\/\/cultura.sma.gob.ar\/wp-content\/uploads\/2022\/05\/WhatsApp-Image-2022-05-17-at-1.33.05-PM-1-1024x1024.jpeg\" alt=\"\" class=\"wp-image-3335\" srcset=\"https:\/\/cultura.sma.gob.ar\/wp-content\/uploads\/2022\/05\/WhatsApp-Image-2022-05-17-at-1.33.05-PM-1-1024x1024.jpeg 1024w, https:\/\/cultura.sma.gob.ar\/wp-content\/uploads\/2022\/05\/WhatsApp-Image-2022-05-17-at-1.33.05-PM-1-300x300.jpeg 300w, https:\/\/cultura.sma.gob.ar\/wp-content\/uploads\/2022\/05\/WhatsApp-Image-2022-05-17-at-1.33.05-PM-1-150x150.jpeg 150w, https:\/\/cultura.sma.gob.ar\/wp-content\/uploads\/2022\/05\/WhatsApp-Image-2022-05-17-at-1.33.05-PM-1-768x768.jpeg 768w, https:\/\/cultura.sma.gob.ar\/wp-content\/uploads\/2022\/05\/WhatsApp-Image-2022-05-17-at-1.33.05-PM-1-90x90.jpeg 90w, https:\/\/cultura.sma.gob.ar\/wp-content\/uploads\/2022\/05\/WhatsApp-Image-2022-05-17-at-1.33.05-PM-1.jpeg 1080w\" sizes=\"auto, (max-width: 1024px) 100vw, 1024px\" \/><\/figure>\n\n\n\n<figure class=\"wp-block-image size-large\"><img loading=\"lazy\" decoding=\"async\" width=\"1024\" height=\"1024\" src=\"http:\/\/cultura.sma.gob.ar\/wp-content\/uploads\/2022\/05\/WhatsApp-Image-2022-05-17-at-1.33.05-PM-1024x1024.jpeg\" alt=\"\" class=\"wp-image-3337\" srcset=\"https:\/\/cultura.sma.gob.ar\/wp-content\/uploads\/2022\/05\/WhatsApp-Image-2022-05-17-at-1.33.05-PM-1024x1024.jpeg 1024w, https:\/\/cultura.sma.gob.ar\/wp-content\/uploads\/2022\/05\/WhatsApp-Image-2022-05-17-at-1.33.05-PM-300x300.jpeg 300w, https:\/\/cultura.sma.gob.ar\/wp-content\/uploads\/2022\/05\/WhatsApp-Image-2022-05-17-at-1.33.05-PM-150x150.jpeg 150w, https:\/\/cultura.sma.gob.ar\/wp-content\/uploads\/2022\/05\/WhatsApp-Image-2022-05-17-at-1.33.05-PM-768x768.jpeg 768w, https:\/\/cultura.sma.gob.ar\/wp-content\/uploads\/2022\/05\/WhatsApp-Image-2022-05-17-at-1.33.05-PM-90x90.jpeg 90w, https:\/\/cultura.sma.gob.ar\/wp-content\/uploads\/2022\/05\/WhatsApp-Image-2022-05-17-at-1.33.05-PM.jpeg 1080w\" sizes=\"auto, (max-width: 1024px) 100vw, 1024px\" \/><\/figure>\n\n\n\n<figure class=\"wp-block-image size-large\"><img loading=\"lazy\" decoding=\"async\" width=\"1024\" height=\"1024\" src=\"http:\/\/cultura.sma.gob.ar\/wp-content\/uploads\/2022\/05\/WhatsApp-Image-2022-05-17-at-1.33.04-PM-1024x1024.jpeg\" alt=\"\" class=\"wp-image-3338\" srcset=\"https:\/\/cultura.sma.gob.ar\/wp-content\/uploads\/2022\/05\/WhatsApp-Image-2022-05-17-at-1.33.04-PM-1024x1024.jpeg 1024w, https:\/\/cultura.sma.gob.ar\/wp-content\/uploads\/2022\/05\/WhatsApp-Image-2022-05-17-at-1.33.04-PM-300x300.jpeg 300w, https:\/\/cultura.sma.gob.ar\/wp-content\/uploads\/2022\/05\/WhatsApp-Image-2022-05-17-at-1.33.04-PM-150x150.jpeg 150w, https:\/\/cultura.sma.gob.ar\/wp-content\/uploads\/2022\/05\/WhatsApp-Image-2022-05-17-at-1.33.04-PM-768x768.jpeg 768w, https:\/\/cultura.sma.gob.ar\/wp-content\/uploads\/2022\/05\/WhatsApp-Image-2022-05-17-at-1.33.04-PM-90x90.jpeg 90w, https:\/\/cultura.sma.gob.ar\/wp-content\/uploads\/2022\/05\/WhatsApp-Image-2022-05-17-at-1.33.04-PM.jpeg 1080w\" sizes=\"auto, (max-width: 1024px) 100vw, 1024px\" \/><\/figure>\n\n\n\n<p>TODOS LOS TALLERES!<\/p>\n\n\n\n<p>Si viv\u00eds en Villa Paur, Chacra 4 y otros barrios cercanos, no te pierdas la oportunidad de participar de los talleres gratuitos de la Estaci\u00f3n Cultural de Villa Paur.<\/p>\n\n\n\n<p>Hay talleres de escritura, artes pl\u00e1sticas, puntillismo, tango, dibujo y pintura y t\u00edteres.<\/p>\n\n\n\n<p>La Estaci\u00f3n est\u00e1 en la Junta Vecinal de Villa Paur, calle Paim\u00fan al 96.<\/p>\n\n\n\n<p>Si quer\u00e9s participar escribinos por WhatsApp al 2944212937 o por mail a talleres.cultura@smandes.gov.ar<\/p>\n\n\n\n<p>\u00a1TE ESPERAMOS!<\/p>\n\n\n\n<h5 class=\"wp-block-heading\">EstacionesCulturales <\/h5>\n\n\n\n<h5 class=\"wp-block-heading\">#Talleres <\/h5>\n\n\n\n<h5 class=\"wp-block-heading\">#SanMartindelosAndes <\/h5>\n\n\n\n<h5 class=\"wp-block-heading\">#Cultura <\/h5>\n\n\n\n<h5 class=\"wp-block-heading\">#Barrios <\/h5>\n\n\n\n<h5 class=\"wp-block-heading\">#Tango <\/h5>\n\n\n\n<h5 class=\"wp-block-heading\">#Artesplasticas <\/h5>\n\n\n\n<h5 class=\"wp-block-heading\">#Puntillismo <\/h5>\n\n\n\n<h5 class=\"wp-block-heading\">#EscrituraCreativa <\/h5>\n\n\n\n<h5 class=\"wp-block-heading\">#Titeres<\/h5>\n","protected":false},"excerpt":{"rendered":"<p>TODOS LOS TALLERES! Si viv\u00eds en Villa Paur, Chacra 4 y otros barrios cercanos, no te pierdas la oportunidad de participar de los talleres gratuitos de la Estaci\u00f3n Cultural de Villa Paur. Hay talleres de escritura, artes pl\u00e1sticas, puntillismo, tango, dibujo y pintura y t\u00edteres. La Estaci\u00f3n est\u00e1 en la Junta Vecinal de Villa Paur, calle Paim\u00fan al 96. Si quer\u00e9s participar escribinos por WhatsApp &hellip; <a href=\"https:\/\/cultura.sma.gob.ar\/?p=3331\" class=\"more-link\">Continue reading <span class=\"screen-reader-text\">ESTACI\u00d3N CULTURAL VILLA PAUR<\/span><\/a><\/p>\n","protected":false},"author":1,"featured_media":293,"comment_status":"closed","ping_status":"","sticky":false,"template":"","format":"image","meta":{"footnotes":""},"categories":[7,9],"tags":[],"class_list":["post-3331","post","type-post","status-publish","format-image","has-post-thumbnail","hentry","category-talleres-cultura","category-ultimas-noticias","post_format-post-format-image"],"_links":{"self":[{"href":"https:\/\/cultura.sma.gob.ar\/index.php?rest_route=\/wp\/v2\/posts\/3331","targetHints":{"allow":["GET"]}}],"collection":[{"href":"https:\/\/cultura.sma.gob.ar\/index.php?rest_route=\/wp\/v2\/posts"}],"about":[{"href":"https:\/\/cultura.sma.gob.ar\/index.php?rest_route=\/wp\/v2\/types\/post"}],"author":[{"embeddable":true,"href":"https:\/\/cultura.sma.gob.ar\/index.php?rest_route=\/wp\/v2\/users\/1"}],"replies":[{"embeddable":true,"href":"https:\/\/cultura.sma.gob.ar\/index.php?rest_route=%2Fwp%2Fv2%2Fcomments&post=3331"}],"version-history":[{"count":1,"href":"https:\/\/cultura.sma.gob.ar\/index.php?rest_route=\/wp\/v2\/posts\/3331\/revisions"}],"predecessor-version":[{"id":3339,"href":"https:\/\/cultura.sma.gob.ar\/index.php?rest_route=\/wp\/v2\/posts\/3331\/revisions\/3339"}],"wp:featuredmedia":[{"embeddable":true,"href":"https:\/\/cultura.sma.gob.ar\/index.php?rest_route=\/wp\/v2\/media\/293"}],"wp:attachment":[{"href":"https:\/\/cultura.sma.gob.ar\/index.php?rest_route=%2Fwp%2Fv2%2Fmedia&parent=3331"}],"wp:term":[{"taxonomy":"category","embeddable":true,"href":"https:\/\/cultura.sma.gob.ar\/index.php?rest_route=%2Fwp%2Fv2%2Fcategories&post=3331"},{"taxonomy":"post_tag","embeddable":true,"href":"https:\/\/cultura.sma.gob.ar\/index.php?rest_route=%2Fwp%2Fv2%2Ftags&post=3331"}],"curies":[{"name":"wp","href":"https:\/\/api.w.org\/{rel}","templated":true}]}}