{"id":3320,"date":"2022-05-17T18:33:14","date_gmt":"2022-05-17T21:33:14","guid":{"rendered":"http:\/\/cultura.sma.gob.ar\/?p=3320"},"modified":"2022-05-17T18:33:14","modified_gmt":"2022-05-17T21:33:14","slug":"estacion-cultural-vega-centro","status":"publish","type":"post","link":"https:\/\/cultura.sma.gob.ar\/?p=3320","title":{"rendered":"ESTACI\u00d3N CULTURAL VEGA CENTRO"},"content":{"rendered":"\n<figure class=\"wp-block-image size-large\"><img loading=\"lazy\" decoding=\"async\" width=\"1024\" height=\"1024\" src=\"http:\/\/cultura.sma.gob.ar\/wp-content\/uploads\/2022\/05\/WhatsApp-Image-2022-05-17-at-10.28.13-AM-2-1024x1024.jpeg\" alt=\"\" class=\"wp-image-3321\" srcset=\"https:\/\/cultura.sma.gob.ar\/wp-content\/uploads\/2022\/05\/WhatsApp-Image-2022-05-17-at-10.28.13-AM-2-1024x1024.jpeg 1024w, https:\/\/cultura.sma.gob.ar\/wp-content\/uploads\/2022\/05\/WhatsApp-Image-2022-05-17-at-10.28.13-AM-2-300x300.jpeg 300w, https:\/\/cultura.sma.gob.ar\/wp-content\/uploads\/2022\/05\/WhatsApp-Image-2022-05-17-at-10.28.13-AM-2-150x150.jpeg 150w, https:\/\/cultura.sma.gob.ar\/wp-content\/uploads\/2022\/05\/WhatsApp-Image-2022-05-17-at-10.28.13-AM-2-768x768.jpeg 768w, https:\/\/cultura.sma.gob.ar\/wp-content\/uploads\/2022\/05\/WhatsApp-Image-2022-05-17-at-10.28.13-AM-2-90x90.jpeg 90w, https:\/\/cultura.sma.gob.ar\/wp-content\/uploads\/2022\/05\/WhatsApp-Image-2022-05-17-at-10.28.13-AM-2.jpeg 1080w\" sizes=\"auto, (max-width: 1024px) 100vw, 1024px\" \/><\/figure>\n\n\n\n<figure class=\"wp-block-image size-large\"><img loading=\"lazy\" decoding=\"async\" width=\"1024\" height=\"1024\" src=\"http:\/\/cultura.sma.gob.ar\/wp-content\/uploads\/2022\/05\/WhatsApp-Image-2022-05-17-at-10.28.13-AM-1-1024x1024.jpeg\" alt=\"\" class=\"wp-image-3322\" srcset=\"https:\/\/cultura.sma.gob.ar\/wp-content\/uploads\/2022\/05\/WhatsApp-Image-2022-05-17-at-10.28.13-AM-1-1024x1024.jpeg 1024w, https:\/\/cultura.sma.gob.ar\/wp-content\/uploads\/2022\/05\/WhatsApp-Image-2022-05-17-at-10.28.13-AM-1-300x300.jpeg 300w, https:\/\/cultura.sma.gob.ar\/wp-content\/uploads\/2022\/05\/WhatsApp-Image-2022-05-17-at-10.28.13-AM-1-150x150.jpeg 150w, https:\/\/cultura.sma.gob.ar\/wp-content\/uploads\/2022\/05\/WhatsApp-Image-2022-05-17-at-10.28.13-AM-1-768x768.jpeg 768w, https:\/\/cultura.sma.gob.ar\/wp-content\/uploads\/2022\/05\/WhatsApp-Image-2022-05-17-at-10.28.13-AM-1-90x90.jpeg 90w, https:\/\/cultura.sma.gob.ar\/wp-content\/uploads\/2022\/05\/WhatsApp-Image-2022-05-17-at-10.28.13-AM-1.jpeg 1080w\" sizes=\"auto, (max-width: 1024px) 100vw, 1024px\" \/><\/figure>\n\n\n\n<figure class=\"wp-block-image size-large\"><img loading=\"lazy\" decoding=\"async\" width=\"1024\" height=\"1024\" src=\"http:\/\/cultura.sma.gob.ar\/wp-content\/uploads\/2022\/05\/WhatsApp-Image-2022-05-17-at-10.28.13-AM-1024x1024.jpeg\" alt=\"\" class=\"wp-image-3323\" srcset=\"https:\/\/cultura.sma.gob.ar\/wp-content\/uploads\/2022\/05\/WhatsApp-Image-2022-05-17-at-10.28.13-AM-1024x1024.jpeg 1024w, https:\/\/cultura.sma.gob.ar\/wp-content\/uploads\/2022\/05\/WhatsApp-Image-2022-05-17-at-10.28.13-AM-300x300.jpeg 300w, https:\/\/cultura.sma.gob.ar\/wp-content\/uploads\/2022\/05\/WhatsApp-Image-2022-05-17-at-10.28.13-AM-150x150.jpeg 150w, https:\/\/cultura.sma.gob.ar\/wp-content\/uploads\/2022\/05\/WhatsApp-Image-2022-05-17-at-10.28.13-AM-768x768.jpeg 768w, https:\/\/cultura.sma.gob.ar\/wp-content\/uploads\/2022\/05\/WhatsApp-Image-2022-05-17-at-10.28.13-AM-90x90.jpeg 90w, https:\/\/cultura.sma.gob.ar\/wp-content\/uploads\/2022\/05\/WhatsApp-Image-2022-05-17-at-10.28.13-AM.jpeg 1080w\" sizes=\"auto, (max-width: 1024px) 100vw, 1024px\" \/><\/figure>\n\n\n\n<figure class=\"wp-block-image size-large\"><img loading=\"lazy\" decoding=\"async\" width=\"1024\" height=\"1024\" src=\"http:\/\/cultura.sma.gob.ar\/wp-content\/uploads\/2022\/05\/WhatsApp-Image-2022-05-17-at-10.28.12-AM-4-1024x1024.jpeg\" alt=\"\" class=\"wp-image-3324\" srcset=\"https:\/\/cultura.sma.gob.ar\/wp-content\/uploads\/2022\/05\/WhatsApp-Image-2022-05-17-at-10.28.12-AM-4-1024x1024.jpeg 1024w, https:\/\/cultura.sma.gob.ar\/wp-content\/uploads\/2022\/05\/WhatsApp-Image-2022-05-17-at-10.28.12-AM-4-300x300.jpeg 300w, https:\/\/cultura.sma.gob.ar\/wp-content\/uploads\/2022\/05\/WhatsApp-Image-2022-05-17-at-10.28.12-AM-4-150x150.jpeg 150w, https:\/\/cultura.sma.gob.ar\/wp-content\/uploads\/2022\/05\/WhatsApp-Image-2022-05-17-at-10.28.12-AM-4-768x768.jpeg 768w, https:\/\/cultura.sma.gob.ar\/wp-content\/uploads\/2022\/05\/WhatsApp-Image-2022-05-17-at-10.28.12-AM-4-90x90.jpeg 90w, https:\/\/cultura.sma.gob.ar\/wp-content\/uploads\/2022\/05\/WhatsApp-Image-2022-05-17-at-10.28.12-AM-4.jpeg 1080w\" sizes=\"auto, (max-width: 1024px) 100vw, 1024px\" \/><\/figure>\n\n\n\n<p>TODOS LOS TALLERES!<\/p>\n\n\n\n<figure class=\"wp-block-image size-large\"><img loading=\"lazy\" decoding=\"async\" width=\"1024\" height=\"1024\" src=\"http:\/\/cultura.sma.gob.ar\/wp-content\/uploads\/2022\/05\/WhatsApp-Image-2022-05-17-at-10.28.12-AM-3-1024x1024.jpeg\" alt=\"\" class=\"wp-image-3325\" srcset=\"https:\/\/cultura.sma.gob.ar\/wp-content\/uploads\/2022\/05\/WhatsApp-Image-2022-05-17-at-10.28.12-AM-3-1024x1024.jpeg 1024w, https:\/\/cultura.sma.gob.ar\/wp-content\/uploads\/2022\/05\/WhatsApp-Image-2022-05-17-at-10.28.12-AM-3-300x300.jpeg 300w, https:\/\/cultura.sma.gob.ar\/wp-content\/uploads\/2022\/05\/WhatsApp-Image-2022-05-17-at-10.28.12-AM-3-150x150.jpeg 150w, https:\/\/cultura.sma.gob.ar\/wp-content\/uploads\/2022\/05\/WhatsApp-Image-2022-05-17-at-10.28.12-AM-3-768x768.jpeg 768w, https:\/\/cultura.sma.gob.ar\/wp-content\/uploads\/2022\/05\/WhatsApp-Image-2022-05-17-at-10.28.12-AM-3-90x90.jpeg 90w, https:\/\/cultura.sma.gob.ar\/wp-content\/uploads\/2022\/05\/WhatsApp-Image-2022-05-17-at-10.28.12-AM-3.jpeg 1080w\" sizes=\"auto, (max-width: 1024px) 100vw, 1024px\" \/><\/figure>\n\n\n\n<figure class=\"wp-block-image size-large\"><img loading=\"lazy\" decoding=\"async\" width=\"1024\" height=\"1024\" src=\"http:\/\/cultura.sma.gob.ar\/wp-content\/uploads\/2022\/05\/WhatsApp-Image-2022-05-17-at-10.28.12-AM-2-1024x1024.jpeg\" alt=\"\" class=\"wp-image-3326\" srcset=\"https:\/\/cultura.sma.gob.ar\/wp-content\/uploads\/2022\/05\/WhatsApp-Image-2022-05-17-at-10.28.12-AM-2-1024x1024.jpeg 1024w, https:\/\/cultura.sma.gob.ar\/wp-content\/uploads\/2022\/05\/WhatsApp-Image-2022-05-17-at-10.28.12-AM-2-300x300.jpeg 300w, https:\/\/cultura.sma.gob.ar\/wp-content\/uploads\/2022\/05\/WhatsApp-Image-2022-05-17-at-10.28.12-AM-2-150x150.jpeg 150w, https:\/\/cultura.sma.gob.ar\/wp-content\/uploads\/2022\/05\/WhatsApp-Image-2022-05-17-at-10.28.12-AM-2-768x768.jpeg 768w, https:\/\/cultura.sma.gob.ar\/wp-content\/uploads\/2022\/05\/WhatsApp-Image-2022-05-17-at-10.28.12-AM-2-90x90.jpeg 90w, https:\/\/cultura.sma.gob.ar\/wp-content\/uploads\/2022\/05\/WhatsApp-Image-2022-05-17-at-10.28.12-AM-2.jpeg 1080w\" sizes=\"auto, (max-width: 1024px) 100vw, 1024px\" \/><\/figure>\n\n\n\n<figure class=\"wp-block-image size-large\"><img loading=\"lazy\" decoding=\"async\" width=\"1024\" height=\"1024\" src=\"http:\/\/cultura.sma.gob.ar\/wp-content\/uploads\/2022\/05\/WhatsApp-Image-2022-05-17-at-10.28.12-AM-1-1024x1024.jpeg\" alt=\"\" class=\"wp-image-3327\" srcset=\"https:\/\/cultura.sma.gob.ar\/wp-content\/uploads\/2022\/05\/WhatsApp-Image-2022-05-17-at-10.28.12-AM-1-1024x1024.jpeg 1024w, https:\/\/cultura.sma.gob.ar\/wp-content\/uploads\/2022\/05\/WhatsApp-Image-2022-05-17-at-10.28.12-AM-1-300x300.jpeg 300w, https:\/\/cultura.sma.gob.ar\/wp-content\/uploads\/2022\/05\/WhatsApp-Image-2022-05-17-at-10.28.12-AM-1-150x150.jpeg 150w, https:\/\/cultura.sma.gob.ar\/wp-content\/uploads\/2022\/05\/WhatsApp-Image-2022-05-17-at-10.28.12-AM-1-768x768.jpeg 768w, https:\/\/cultura.sma.gob.ar\/wp-content\/uploads\/2022\/05\/WhatsApp-Image-2022-05-17-at-10.28.12-AM-1-90x90.jpeg 90w, https:\/\/cultura.sma.gob.ar\/wp-content\/uploads\/2022\/05\/WhatsApp-Image-2022-05-17-at-10.28.12-AM-1.jpeg 1080w\" sizes=\"auto, (max-width: 1024px) 100vw, 1024px\" \/><\/figure>\n\n\n\n<figure class=\"wp-block-image size-large\"><img loading=\"lazy\" decoding=\"async\" width=\"1024\" height=\"1024\" src=\"http:\/\/cultura.sma.gob.ar\/wp-content\/uploads\/2022\/05\/WhatsApp-Image-2022-05-17-at-10.28.12-AM-1024x1024.jpeg\" alt=\"\" class=\"wp-image-3328\" srcset=\"https:\/\/cultura.sma.gob.ar\/wp-content\/uploads\/2022\/05\/WhatsApp-Image-2022-05-17-at-10.28.12-AM-1024x1024.jpeg 1024w, https:\/\/cultura.sma.gob.ar\/wp-content\/uploads\/2022\/05\/WhatsApp-Image-2022-05-17-at-10.28.12-AM-300x300.jpeg 300w, https:\/\/cultura.sma.gob.ar\/wp-content\/uploads\/2022\/05\/WhatsApp-Image-2022-05-17-at-10.28.12-AM-150x150.jpeg 150w, https:\/\/cultura.sma.gob.ar\/wp-content\/uploads\/2022\/05\/WhatsApp-Image-2022-05-17-at-10.28.12-AM-768x768.jpeg 768w, https:\/\/cultura.sma.gob.ar\/wp-content\/uploads\/2022\/05\/WhatsApp-Image-2022-05-17-at-10.28.12-AM-90x90.jpeg 90w, https:\/\/cultura.sma.gob.ar\/wp-content\/uploads\/2022\/05\/WhatsApp-Image-2022-05-17-at-10.28.12-AM.jpeg 1080w\" sizes=\"auto, (max-width: 1024px) 100vw, 1024px\" \/><\/figure>\n\n\n\n<p>Si viv\u00eds en Las Rosas, La Vega, La Cascada u otros barrios cercanos, no te pierdas la oportunidad de participar de los talleres gratuitos de la Estaci\u00f3n Cultural de Vega Centro.<\/p>\n\n\n\n<p>Hay talleres de tango, pintura decorativa, maquetas, artes pl\u00e1sticas, ajedrez, amigurumis y hora del cuento.<\/p>\n\n\n\n<p>La Estaci\u00f3n est\u00e1 en la Delegaci\u00f3n Municipal de Vega Centro, calle Santa Fe 447<\/p>\n\n\n\n<p>Si quer\u00e9s participar escribinos por WhatsApp al 2944212937 o por mail a talleres.cultura@smandes.gov.ar<\/p>\n\n\n\n<p>\u00a1TE ESPERAMOS!<\/p>\n\n\n\n<h5 class=\"wp-block-heading\">EstacionesCulturales <\/h5>\n\n\n\n<h5 class=\"wp-block-heading\">#Talleres #SanMartindelosAndes <\/h5>\n\n\n\n<h5 class=\"wp-block-heading\">#Cultura #Barrios <\/h5>\n\n\n\n<h5 class=\"wp-block-heading\">#Tango <\/h5>\n\n\n\n<h5 class=\"wp-block-heading\">#Artesplasticas <\/h5>\n\n\n\n<h5 class=\"wp-block-heading\">#Ajedrez<\/h5>\n","protected":false},"excerpt":{"rendered":"<p>TODOS LOS TALLERES! Si viv\u00eds en Las Rosas, La Vega, La Cascada u otros barrios cercanos, no te pierdas la oportunidad de participar de los talleres gratuitos de la Estaci\u00f3n Cultural de Vega Centro. Hay talleres de tango, pintura decorativa, maquetas, artes pl\u00e1sticas, ajedrez, amigurumis y hora del cuento. La Estaci\u00f3n est\u00e1 en la Delegaci\u00f3n Municipal de Vega Centro, calle Santa Fe 447 Si quer\u00e9s &hellip; <a href=\"https:\/\/cultura.sma.gob.ar\/?p=3320\" class=\"more-link\">Continue reading <span class=\"screen-reader-text\">ESTACI\u00d3N CULTURAL VEGA CENTRO<\/span><\/a><\/p>\n","protected":false},"author":1,"featured_media":293,"comment_status":"closed","ping_status":"","sticky":false,"template":"","format":"image","meta":{"footnotes":""},"categories":[7,9],"tags":[],"class_list":["post-3320","post","type-post","status-publish","format-image","has-post-thumbnail","hentry","category-talleres-cultura","category-ultimas-noticias","post_format-post-format-image"],"_links":{"self":[{"href":"https:\/\/cultura.sma.gob.ar\/index.php?rest_route=\/wp\/v2\/posts\/3320","targetHints":{"allow":["GET"]}}],"collection":[{"href":"https:\/\/cultura.sma.gob.ar\/index.php?rest_route=\/wp\/v2\/posts"}],"about":[{"href":"https:\/\/cultura.sma.gob.ar\/index.php?rest_route=\/wp\/v2\/types\/post"}],"author":[{"embeddable":true,"href":"https:\/\/cultura.sma.gob.ar\/index.php?rest_route=\/wp\/v2\/users\/1"}],"replies":[{"embeddable":true,"href":"https:\/\/cultura.sma.gob.ar\/index.php?rest_route=%2Fwp%2Fv2%2Fcomments&post=3320"}],"version-history":[{"count":1,"href":"https:\/\/cultura.sma.gob.ar\/index.php?rest_route=\/wp\/v2\/posts\/3320\/revisions"}],"predecessor-version":[{"id":3329,"href":"https:\/\/cultura.sma.gob.ar\/index.php?rest_route=\/wp\/v2\/posts\/3320\/revisions\/3329"}],"wp:featuredmedia":[{"embeddable":true,"href":"https:\/\/cultura.sma.gob.ar\/index.php?rest_route=\/wp\/v2\/media\/293"}],"wp:attachment":[{"href":"https:\/\/cultura.sma.gob.ar\/index.php?rest_route=%2Fwp%2Fv2%2Fmedia&parent=3320"}],"wp:term":[{"taxonomy":"category","embeddable":true,"href":"https:\/\/cultura.sma.gob.ar\/index.php?rest_route=%2Fwp%2Fv2%2Fcategories&post=3320"},{"taxonomy":"post_tag","embeddable":true,"href":"https:\/\/cultura.sma.gob.ar\/index.php?rest_route=%2Fwp%2Fv2%2Ftags&post=3320"}],"curies":[{"name":"wp","href":"https:\/\/api.w.org\/{rel}","templated":true}]}}