{"id":3315,"date":"2022-05-17T18:15:27","date_gmt":"2022-05-17T21:15:27","guid":{"rendered":"http:\/\/cultura.sma.gob.ar\/?p=3315"},"modified":"2022-05-17T18:19:41","modified_gmt":"2022-05-17T21:19:41","slug":"programa-de-talleres-la-escuela-en-la-sala-mirar-es-hacer-visitas-interpretativas-a-las-muestras-y-talleres-para-grupos-escolares-en-la-sala-municipal-de-exposiciones","status":"publish","type":"post","link":"https:\/\/cultura.sma.gob.ar\/?p=3315","title":{"rendered":"Programa de talleres \u201cLa Escuela en la Sala: MIRAR ES HACER\u2019\u2019: Visitas interpretativas a las muestras y talleres para grupos escolares en la Sala Municipal de Exposiciones \u201cLidaura Chapitel\u201d"},"content":{"rendered":"\n<figure class=\"wp-block-image size-large\"><img loading=\"lazy\" decoding=\"async\" width=\"1024\" height=\"1024\" src=\"http:\/\/cultura.sma.gob.ar\/wp-content\/uploads\/2022\/05\/mirar-es-hacer-03-1024x1024.jpg\" alt=\"\" class=\"wp-image-3316\" srcset=\"https:\/\/cultura.sma.gob.ar\/wp-content\/uploads\/2022\/05\/mirar-es-hacer-03-1024x1024.jpg 1024w, https:\/\/cultura.sma.gob.ar\/wp-content\/uploads\/2022\/05\/mirar-es-hacer-03-300x300.jpg 300w, https:\/\/cultura.sma.gob.ar\/wp-content\/uploads\/2022\/05\/mirar-es-hacer-03-150x150.jpg 150w, https:\/\/cultura.sma.gob.ar\/wp-content\/uploads\/2022\/05\/mirar-es-hacer-03-768x768.jpg 768w, https:\/\/cultura.sma.gob.ar\/wp-content\/uploads\/2022\/05\/mirar-es-hacer-03-1536x1536.jpg 1536w, https:\/\/cultura.sma.gob.ar\/wp-content\/uploads\/2022\/05\/mirar-es-hacer-03-90x90.jpg 90w, https:\/\/cultura.sma.gob.ar\/wp-content\/uploads\/2022\/05\/mirar-es-hacer-03.jpg 1875w\" sizes=\"auto, (max-width: 1024px) 100vw, 1024px\" \/><\/figure>\n\n\n\n<p>En el marco de las exposiciones de las artistas Paloma Formoso (SMA), Mar\u00eda Cruz Sueiro (Puerto Madryn) y Lali Mart\u00ednez Spaggiari (Santa Fe) se desarrollar\u00e1 el taller-visita.<\/p>\n\n\n\n<ul class=\"wp-block-list\"><li>Destinatarios: 6\u00b0 y 7\u00b0 grado de nivel primario; 1\u00b0 y 2\u00b0 a\u00f1o educaci\u00f3n media<\/li><\/ul>\n\n\n\n<ul class=\"wp-block-list\"><li>D\u00edas: Turno ma\u00f1ana: martes 24 y 31 de mayo de 10 a 11:30 hs \/\/ Turno tarde:<\/li><\/ul>\n\n\n\n<ul class=\"wp-block-list\"><li>Lunes 23 y 30 de mayo de 15:30 a 16:45 hs.<\/li><\/ul>\n\n\n\n<ul class=\"wp-block-list\"><li>Cupo: 30 chicos\/as por taller.<\/li><\/ul>\n\n\n\n<ul class=\"wp-block-list\"><li>Informes e inscripci\u00f3n: Sala Municipal Lidaura Chapitel. Cap. Drury 665. Tel\u00e9fono 424-804, o por mail a: salamunicipal.chapitel@gmail.com<\/li><\/ul>\n\n\n\n<p><strong>RESE\u00d1A DEL TALLER:<\/strong><\/p>\n\n\n\n<p>La actividad combina dos maneras de acercarse a las obras, por un lado recorriendo la muestra a trav\u00e9s de algunas preguntas planteadas para discutir grupalmente las percepciones y contenidos de las im\u00e1genes, y un segundo instante de producci\u00f3n grupal planteado como experimentaci\u00f3n sobre la propia realizaci\u00f3n.<\/p>\n\n\n\n<p>Finalizamos la actividad con una puesta en com\u00fan.<\/p>\n\n\n\n<p><strong>Actividad propuesta: Presentaci\u00f3n\/Introducci\u00f3n:<\/strong><\/p>\n\n\n\n<p>Se propone un recorrido a trav\u00e9s de la muestra que indague sobre las distintas herramientas de las artes visuales y otras disciplinas que se entremezclan en cada una de las obras, reconociendo c\u00f3mo se cruzan y yuxtaponen recursos para generar los diferentes discursos en el arte actual.<\/p>\n\n\n\n<p><strong>Actividad:<\/strong><\/p>\n\n\n\n<p>A trav\u00e9s de una serie de cortas consignas escritas y l\u00fadicas, nos conectaremos con lo visual a trav\u00e9s de las palabras. Preguntas a la imagen e inventarios de sensaciones ser\u00e1n la materia producida.<\/p>\n\n\n\n<p><strong>Cierre:<\/strong><\/p>\n\n\n\n<p>Concluiremos con una puesta en com\u00fan, compartiendo los pareceres y experiencias surgidas del recorrido por la exposici\u00f3n y lo producido durante el taller.<\/p>\n\n\n\n<p>M\u00e1s informaci\u00f3n de la muestra:<\/p>\n\n\n\n<p><strong>Paloma Formoso &#8211; La demora<\/strong><\/p>\n\n\n\n<p>\u201c(\u2026) El arte crea espacios de ficci\u00f3n e interpela a la realidad. Los espacios creados invitan a entrar, como a un bosque, o a un conjunto de flores, o en un cielo estrellado, y experimentar la multiplicidad de sentidos que se despliegan ah\u00ed. Cada persona entrar\u00e1 y saldr\u00e1 con sus propias preguntas e inquietudes. (\u2026) \u201d<\/p>\n\n\n\n<p><strong>Mar\u00eda Cruz Sueiro &#8211; Investigaciones in\u00fatiles y b\u00fasquedas infructuosas<\/strong><\/p>\n\n\n\n<p>\u201c(\u2026) Un evento inesperado, la irrupci\u00f3n de una cosa que no tiene nombre todav\u00eda. La escenificaci\u00f3n nos lleva a preguntarnos: \u00bfQu\u00e9 ha sucedido aqu\u00ed? Hay algo ligeramente fuera de lugar, dislocado. Al recorrer la exposici\u00f3n de Mar\u00eda Cruz Sueiro la invitaci\u00f3n es, m\u00e1s que encontrar la respuesta, adentrarse en la espesura de la incertidumbre. Una incertidumbre de interrogantes ricos y de vital curiosidad. (\u2026)\u201d<\/p>\n\n\n\n<p><strong>Lali Mart\u00ednez Spaggiari \u2013 Analog\u00edas buc\u00f3licas<\/strong><\/p>\n\n\n\n<p>\u201c(\u2026) Instalativamente, estos trabajos se despliegan en la re-imaginaci\u00f3n de la memoria y, a trav\u00e9s de \u00e9sta, en la creaci\u00f3n de met\u00e1foras que resignifican lo adverso operando en un sentido reparador.<\/p>\n\n\n\n<p>El relato biogr\u00e1fico es antes que una narrativa que potencia la autorreferencialidad, un espacio anfibio para fomentar otro modo de pensar a la naturaleza. (\u2026)\u201d<\/p>\n\n\n\n<p>La muestra puede ser visitada hasta el 1 de junio 2022, de lunes a viernes de 10 a 12 y 16 a 20, s\u00e1bados de 16 a 20 hs.<\/p>\n","protected":false},"excerpt":{"rendered":"<p>En el marco de las exposiciones de las artistas Paloma Formoso (SMA), Mar\u00eda Cruz Sueiro (Puerto Madryn) y Lali Mart\u00ednez Spaggiari (Santa Fe) se desarrollar\u00e1 el taller-visita. Destinatarios: 6\u00b0 y 7\u00b0 grado de nivel primario; 1\u00b0 y 2\u00b0 a\u00f1o educaci\u00f3n media D\u00edas: Turno ma\u00f1ana: martes 24 y 31 de mayo de 10 a 11:30 hs \/\/ Turno tarde: Lunes 23 y 30 de mayo de &hellip; <a href=\"https:\/\/cultura.sma.gob.ar\/?p=3315\" class=\"more-link\">Continue reading <span class=\"screen-reader-text\">Programa de talleres \u201cLa Escuela en la Sala: MIRAR ES HACER\u2019\u2019: Visitas interpretativas a las muestras y talleres para grupos escolares en la Sala Municipal de Exposiciones \u201cLidaura Chapitel\u201d<\/span><\/a><\/p>\n","protected":false},"author":1,"featured_media":295,"comment_status":"closed","ping_status":"","sticky":false,"template":"","format":"image","meta":{"footnotes":""},"categories":[6,9],"tags":[],"class_list":["post-3315","post","type-post","status-publish","format-image","has-post-thumbnail","hentry","category-sala-lidaura-chapitel","category-ultimas-noticias","post_format-post-format-image"],"_links":{"self":[{"href":"https:\/\/cultura.sma.gob.ar\/index.php?rest_route=\/wp\/v2\/posts\/3315","targetHints":{"allow":["GET"]}}],"collection":[{"href":"https:\/\/cultura.sma.gob.ar\/index.php?rest_route=\/wp\/v2\/posts"}],"about":[{"href":"https:\/\/cultura.sma.gob.ar\/index.php?rest_route=\/wp\/v2\/types\/post"}],"author":[{"embeddable":true,"href":"https:\/\/cultura.sma.gob.ar\/index.php?rest_route=\/wp\/v2\/users\/1"}],"replies":[{"embeddable":true,"href":"https:\/\/cultura.sma.gob.ar\/index.php?rest_route=%2Fwp%2Fv2%2Fcomments&post=3315"}],"version-history":[{"count":2,"href":"https:\/\/cultura.sma.gob.ar\/index.php?rest_route=\/wp\/v2\/posts\/3315\/revisions"}],"predecessor-version":[{"id":3319,"href":"https:\/\/cultura.sma.gob.ar\/index.php?rest_route=\/wp\/v2\/posts\/3315\/revisions\/3319"}],"wp:featuredmedia":[{"embeddable":true,"href":"https:\/\/cultura.sma.gob.ar\/index.php?rest_route=\/wp\/v2\/media\/295"}],"wp:attachment":[{"href":"https:\/\/cultura.sma.gob.ar\/index.php?rest_route=%2Fwp%2Fv2%2Fmedia&parent=3315"}],"wp:term":[{"taxonomy":"category","embeddable":true,"href":"https:\/\/cultura.sma.gob.ar\/index.php?rest_route=%2Fwp%2Fv2%2Fcategories&post=3315"},{"taxonomy":"post_tag","embeddable":true,"href":"https:\/\/cultura.sma.gob.ar\/index.php?rest_route=%2Fwp%2Fv2%2Ftags&post=3315"}],"curies":[{"name":"wp","href":"https:\/\/api.w.org\/{rel}","templated":true}]}}