{"id":3310,"date":"2022-05-17T17:43:47","date_gmt":"2022-05-17T20:43:47","guid":{"rendered":"http:\/\/cultura.sma.gob.ar\/?p=3310"},"modified":"2022-06-13T13:01:53","modified_gmt":"2022-06-13T16:01:53","slug":"convocatoria-para-conformar-la-comision-organizadora-de-la-feria-regional-del-libro","status":"publish","type":"post","link":"https:\/\/cultura.sma.gob.ar\/?p=3310","title":{"rendered":"Convocatoria para conformar la Comisi\u00f3n Organizadora de la Feria Regional del Libro (Finalizada)"},"content":{"rendered":"\n<figure class=\"wp-block-image size-large\"><img loading=\"lazy\" decoding=\"async\" width=\"1024\" height=\"576\" src=\"http:\/\/cultura.sma.gob.ar\/wp-content\/uploads\/2022\/05\/libros-1024x576.jpg\" alt=\"\" class=\"wp-image-3311\" srcset=\"https:\/\/cultura.sma.gob.ar\/wp-content\/uploads\/2022\/05\/libros-1024x576.jpg 1024w, https:\/\/cultura.sma.gob.ar\/wp-content\/uploads\/2022\/05\/libros-300x169.jpg 300w, https:\/\/cultura.sma.gob.ar\/wp-content\/uploads\/2022\/05\/libros-768x432.jpg 768w, https:\/\/cultura.sma.gob.ar\/wp-content\/uploads\/2022\/05\/libros-160x90.jpg 160w, https:\/\/cultura.sma.gob.ar\/wp-content\/uploads\/2022\/05\/libros.jpg 1280w\" sizes=\"auto, (max-width: 1024px) 100vw, 1024px\" \/><\/figure>\n\n\n\n<p>La Secretar\u00eda de Cultura invita a formar parte de la Comisi\u00f3n Organizadora de la<br>Feria Regional del Libro, a bibliotecas populares, el Centro Editor Municipal, librer\u00edas, los libreros con otras modalidades de venta, las editoriales, el Profesorado de Lengua y Literatura del Instituto Superior de Formaci\u00f3n Docente N\u00ba 3, la biblioteca especializada del Parque Nacional Lan\u00edn, la biblioteca Mario Gentili del AUSMA, las comunidades mapuche del ejido urbano y un representante de los escritores de la localidad.<\/p>\n\n\n\n<p>Las instituciones mencionadas deben designar a un representante, para formalizar su participaci\u00f3n en la Comisi\u00f3n Organizadora, enviando un correo electr\u00f3nico, hasta el 31 de mayo, al mail: feriadellibro@smandes.gov.ar<\/p>\n\n\n\n<p><strong>Representante de escritores:<\/strong><\/p>\n\n\n\n<p>Los escritores y escritoras locales que quieran participar en la organizaci\u00f3n de la<br>Feria Regional del Libro 2022, deber\u00e1n enviar su postulaci\u00f3n a la Secretar\u00eda de Cultura, a partir de hoy y hasta el 31 de mayo.<\/p>\n\n\n\n<p>Para esto deber\u00e1n enviar un correo electr\u00f3nico a feriadellibro@smandes.gov.ar ,<br>colocando en el asunto REPRESENTACI\u00d3N DE ESCRITORES EN FERIA DEL LIBRO, e incluir en el cuerpo del mail los siguientes datos:<\/p>\n\n\n\n<p>&#8211; Nombre y apellido<\/p>\n\n\n\n<p>&#8211; DNI<\/p>\n\n\n\n<p>&#8211; Cantidad de a\u00f1os que lleva residiendo en la ciudad<\/p>\n\n\n\n<p>&#8211; Libros publicados en los \u00faltimos 5 a\u00f1os, con su ISBN<\/p>\n\n\n\n<p><strong>Importante:<\/strong> esta convocatoria es v\u00e1lida para los escritores y escritoras que tengan como m\u00ednimo un libro publicado en los \u00faltimos 5 a\u00f1os.<\/p>\n\n\n\n<p>Una vez recibidas todas las postulaciones, se realizar\u00e1 un sorteo para determinar cu\u00e1l ser\u00e1 el representante de los escritores y escritoras locales en la Comisi\u00f3n Organizadora de esta edici\u00f3n 2022.<\/p>\n","protected":false},"excerpt":{"rendered":"<p>La Secretar\u00eda de Cultura invita a formar parte de la Comisi\u00f3n Organizadora de laFeria Regional del Libro, a bibliotecas populares, el Centro Editor Municipal, librer\u00edas, los libreros con otras modalidades de venta, las editoriales, el Profesorado de Lengua y Literatura del Instituto Superior de Formaci\u00f3n Docente N\u00ba 3, la biblioteca especializada del Parque Nacional Lan\u00edn, la biblioteca Mario Gentili del AUSMA, las comunidades mapuche del &hellip; <a href=\"https:\/\/cultura.sma.gob.ar\/?p=3310\" class=\"more-link\">Continue reading <span class=\"screen-reader-text\">Convocatoria para conformar la Comisi\u00f3n Organizadora de la Feria Regional del Libro (Finalizada)<\/span><\/a><\/p>\n","protected":false},"author":1,"featured_media":296,"comment_status":"closed","ping_status":"","sticky":false,"template":"","format":"image","meta":{"footnotes":""},"categories":[3,9],"tags":[],"class_list":["post-3310","post","type-post","status-publish","format-image","has-post-thumbnail","hentry","category-eventos-cultura","category-ultimas-noticias","post_format-post-format-image"],"_links":{"self":[{"href":"https:\/\/cultura.sma.gob.ar\/index.php?rest_route=\/wp\/v2\/posts\/3310","targetHints":{"allow":["GET"]}}],"collection":[{"href":"https:\/\/cultura.sma.gob.ar\/index.php?rest_route=\/wp\/v2\/posts"}],"about":[{"href":"https:\/\/cultura.sma.gob.ar\/index.php?rest_route=\/wp\/v2\/types\/post"}],"author":[{"embeddable":true,"href":"https:\/\/cultura.sma.gob.ar\/index.php?rest_route=\/wp\/v2\/users\/1"}],"replies":[{"embeddable":true,"href":"https:\/\/cultura.sma.gob.ar\/index.php?rest_route=%2Fwp%2Fv2%2Fcomments&post=3310"}],"version-history":[{"count":3,"href":"https:\/\/cultura.sma.gob.ar\/index.php?rest_route=\/wp\/v2\/posts\/3310\/revisions"}],"predecessor-version":[{"id":3487,"href":"https:\/\/cultura.sma.gob.ar\/index.php?rest_route=\/wp\/v2\/posts\/3310\/revisions\/3487"}],"wp:featuredmedia":[{"embeddable":true,"href":"https:\/\/cultura.sma.gob.ar\/index.php?rest_route=\/wp\/v2\/media\/296"}],"wp:attachment":[{"href":"https:\/\/cultura.sma.gob.ar\/index.php?rest_route=%2Fwp%2Fv2%2Fmedia&parent=3310"}],"wp:term":[{"taxonomy":"category","embeddable":true,"href":"https:\/\/cultura.sma.gob.ar\/index.php?rest_route=%2Fwp%2Fv2%2Fcategories&post=3310"},{"taxonomy":"post_tag","embeddable":true,"href":"https:\/\/cultura.sma.gob.ar\/index.php?rest_route=%2Fwp%2Fv2%2Ftags&post=3310"}],"curies":[{"name":"wp","href":"https:\/\/api.w.org\/{rel}","templated":true}]}}