{"id":3304,"date":"2022-05-15T20:23:34","date_gmt":"2022-05-15T23:23:34","guid":{"rendered":"http:\/\/cultura.sma.gob.ar\/?p=3304"},"modified":"2022-05-15T20:24:15","modified_gmt":"2022-05-15T23:24:15","slug":"vuelve-la-pena-del-25-de-mayo","status":"publish","type":"post","link":"https:\/\/cultura.sma.gob.ar\/?p=3304","title":{"rendered":"Vuelve la Pe\u00f1a del 25 de Mayo"},"content":{"rendered":"\n<figure class=\"wp-block-image size-large\"><img loading=\"lazy\" decoding=\"async\" width=\"1024\" height=\"1024\" src=\"http:\/\/cultura.sma.gob.ar\/wp-content\/uploads\/2022\/05\/flayer-1024x1024.jpg\" alt=\"\" class=\"wp-image-3305\" srcset=\"https:\/\/cultura.sma.gob.ar\/wp-content\/uploads\/2022\/05\/flayer-1024x1024.jpg 1024w, https:\/\/cultura.sma.gob.ar\/wp-content\/uploads\/2022\/05\/flayer-300x300.jpg 300w, https:\/\/cultura.sma.gob.ar\/wp-content\/uploads\/2022\/05\/flayer-150x150.jpg 150w, https:\/\/cultura.sma.gob.ar\/wp-content\/uploads\/2022\/05\/flayer-768x768.jpg 768w, https:\/\/cultura.sma.gob.ar\/wp-content\/uploads\/2022\/05\/flayer-1536x1536.jpg 1536w, https:\/\/cultura.sma.gob.ar\/wp-content\/uploads\/2022\/05\/flayer-90x90.jpg 90w, https:\/\/cultura.sma.gob.ar\/wp-content\/uploads\/2022\/05\/flayer.jpg 1875w\" sizes=\"auto, (max-width: 1024px) 100vw, 1024px\" \/><\/figure>\n\n\n\n<p>Tras varios a\u00f1os sin llevarse a cabo en forma presencial, vuelve a realizarse en nuestra ciudad uno de los eventos folcl\u00f3ricos m\u00e1s convocantes y entra\u00f1ables.<\/p>\n\n\n\n<p>La gran \u201cPe\u00f1a del 25 de Mayo\u201d se realizar\u00e1 el martes 24 de mayo a las 20 hs, en el Gimnasio Chango Soria, organizada por la Secretar\u00eda de Cultura de San Mart\u00edn de los Andes.<\/p>\n\n\n\n<p>El evento incluir\u00e1 la participaci\u00f3n de grupos de m\u00fasica y danza locales. Y a las 0 hs. se recibir\u00e1 el 25 de Mayo entonando el Himno Nacional.<\/p>\n\n\n\n<p>Habr\u00e1 buffet a cargo de la Cooperadora de la Orquesta Municipal Musicantes.<br>Los bonos contribuci\u00f3n de $200 se podr\u00e1n adquirir por adelantado en el<\/p>\n\n\n\n<p>Teatro San Jos\u00e9 a partir del jueves 19 de mayo de lunes a viernes de 9 a 12, y de 13:30 a 21 hs; y al comienzo del evento en la puerta del Gimnasio Chango Soria.<\/p>\n","protected":false},"excerpt":{"rendered":"<p>Tras varios a\u00f1os sin llevarse a cabo en forma presencial, vuelve a realizarse en nuestra ciudad uno de los eventos folcl\u00f3ricos m\u00e1s convocantes y entra\u00f1ables. La gran \u201cPe\u00f1a del 25 de Mayo\u201d se realizar\u00e1 el martes 24 de mayo a las 20 hs, en el Gimnasio Chango Soria, organizada por la Secretar\u00eda de Cultura de San Mart\u00edn de los Andes. El evento incluir\u00e1 la participaci\u00f3n &hellip; <a href=\"https:\/\/cultura.sma.gob.ar\/?p=3304\" class=\"more-link\">Continue reading <span class=\"screen-reader-text\">Vuelve la Pe\u00f1a del 25 de Mayo<\/span><\/a><\/p>\n","protected":false},"author":1,"featured_media":0,"comment_status":"closed","ping_status":"","sticky":false,"template":"","format":"image","meta":{"footnotes":""},"categories":[3,9],"tags":[],"class_list":["post-3304","post","type-post","status-publish","format-image","hentry","category-eventos-cultura","category-ultimas-noticias","post_format-post-format-image"],"_links":{"self":[{"href":"https:\/\/cultura.sma.gob.ar\/index.php?rest_route=\/wp\/v2\/posts\/3304","targetHints":{"allow":["GET"]}}],"collection":[{"href":"https:\/\/cultura.sma.gob.ar\/index.php?rest_route=\/wp\/v2\/posts"}],"about":[{"href":"https:\/\/cultura.sma.gob.ar\/index.php?rest_route=\/wp\/v2\/types\/post"}],"author":[{"embeddable":true,"href":"https:\/\/cultura.sma.gob.ar\/index.php?rest_route=\/wp\/v2\/users\/1"}],"replies":[{"embeddable":true,"href":"https:\/\/cultura.sma.gob.ar\/index.php?rest_route=%2Fwp%2Fv2%2Fcomments&post=3304"}],"version-history":[{"count":2,"href":"https:\/\/cultura.sma.gob.ar\/index.php?rest_route=\/wp\/v2\/posts\/3304\/revisions"}],"predecessor-version":[{"id":3307,"href":"https:\/\/cultura.sma.gob.ar\/index.php?rest_route=\/wp\/v2\/posts\/3304\/revisions\/3307"}],"wp:attachment":[{"href":"https:\/\/cultura.sma.gob.ar\/index.php?rest_route=%2Fwp%2Fv2%2Fmedia&parent=3304"}],"wp:term":[{"taxonomy":"category","embeddable":true,"href":"https:\/\/cultura.sma.gob.ar\/index.php?rest_route=%2Fwp%2Fv2%2Fcategories&post=3304"},{"taxonomy":"post_tag","embeddable":true,"href":"https:\/\/cultura.sma.gob.ar\/index.php?rest_route=%2Fwp%2Fv2%2Ftags&post=3304"}],"curies":[{"name":"wp","href":"https:\/\/api.w.org\/{rel}","templated":true}]}}