{"id":3297,"date":"2022-05-12T13:06:41","date_gmt":"2022-05-12T16:06:41","guid":{"rendered":"http:\/\/cultura.sma.gob.ar\/?p=3297"},"modified":"2022-05-12T13:06:41","modified_gmt":"2022-05-12T16:06:41","slug":"cartelera-de-espacio-trama-del-13-al-15-de-mayo","status":"publish","type":"post","link":"https:\/\/cultura.sma.gob.ar\/?p=3297","title":{"rendered":"Cartelera de Espacio Trama del 13 al 15 de mayo"},"content":{"rendered":"\n<figure class=\"wp-block-image size-large\"><img loading=\"lazy\" decoding=\"async\" width=\"724\" height=\"1024\" src=\"http:\/\/cultura.sma.gob.ar\/wp-content\/uploads\/2022\/05\/WhatsApp-Image-2022-05-11-at-3.47.21-PM.jpeg\" alt=\"\" class=\"wp-image-3298\" srcset=\"https:\/\/cultura.sma.gob.ar\/wp-content\/uploads\/2022\/05\/WhatsApp-Image-2022-05-11-at-3.47.21-PM.jpeg 724w, https:\/\/cultura.sma.gob.ar\/wp-content\/uploads\/2022\/05\/WhatsApp-Image-2022-05-11-at-3.47.21-PM-212x300.jpeg 212w, https:\/\/cultura.sma.gob.ar\/wp-content\/uploads\/2022\/05\/WhatsApp-Image-2022-05-11-at-3.47.21-PM-64x90.jpeg 64w\" sizes=\"auto, (max-width: 724px) 100vw, 724px\" \/><\/figure>\n\n\n\n<figure class=\"wp-block-image size-large\"><img loading=\"lazy\" decoding=\"async\" width=\"706\" height=\"1024\" src=\"http:\/\/cultura.sma.gob.ar\/wp-content\/uploads\/2022\/05\/WhatsApp-Image-2022-05-11-at-3.47.22-PM-706x1024.jpeg\" alt=\"\" class=\"wp-image-3299\" srcset=\"https:\/\/cultura.sma.gob.ar\/wp-content\/uploads\/2022\/05\/WhatsApp-Image-2022-05-11-at-3.47.22-PM-706x1024.jpeg 706w, https:\/\/cultura.sma.gob.ar\/wp-content\/uploads\/2022\/05\/WhatsApp-Image-2022-05-11-at-3.47.22-PM-207x300.jpeg 207w, https:\/\/cultura.sma.gob.ar\/wp-content\/uploads\/2022\/05\/WhatsApp-Image-2022-05-11-at-3.47.22-PM-768x1113.jpeg 768w, https:\/\/cultura.sma.gob.ar\/wp-content\/uploads\/2022\/05\/WhatsApp-Image-2022-05-11-at-3.47.22-PM-62x90.jpeg 62w, https:\/\/cultura.sma.gob.ar\/wp-content\/uploads\/2022\/05\/WhatsApp-Image-2022-05-11-at-3.47.22-PM.jpeg 883w\" sizes=\"auto, (max-width: 706px) 100vw, 706px\" \/><\/figure>\n\n\n\n<figure class=\"wp-block-image size-large\"><img loading=\"lazy\" decoding=\"async\" width=\"724\" height=\"1024\" src=\"http:\/\/cultura.sma.gob.ar\/wp-content\/uploads\/2022\/05\/WhatsApp-Image-2022-05-11-at-3.47.22-PM-1-724x1024.jpeg\" alt=\"\" class=\"wp-image-3300\" srcset=\"https:\/\/cultura.sma.gob.ar\/wp-content\/uploads\/2022\/05\/WhatsApp-Image-2022-05-11-at-3.47.22-PM-1-724x1024.jpeg 724w, https:\/\/cultura.sma.gob.ar\/wp-content\/uploads\/2022\/05\/WhatsApp-Image-2022-05-11-at-3.47.22-PM-1-212x300.jpeg 212w, https:\/\/cultura.sma.gob.ar\/wp-content\/uploads\/2022\/05\/WhatsApp-Image-2022-05-11-at-3.47.22-PM-1-768x1086.jpeg 768w, https:\/\/cultura.sma.gob.ar\/wp-content\/uploads\/2022\/05\/WhatsApp-Image-2022-05-11-at-3.47.22-PM-1-1086x1536.jpeg 1086w, https:\/\/cultura.sma.gob.ar\/wp-content\/uploads\/2022\/05\/WhatsApp-Image-2022-05-11-at-3.47.22-PM-1-64x90.jpeg 64w, https:\/\/cultura.sma.gob.ar\/wp-content\/uploads\/2022\/05\/WhatsApp-Image-2022-05-11-at-3.47.22-PM-1.jpeg 1131w\" sizes=\"auto, (max-width: 724px) 100vw, 724px\" \/><\/figure>\n\n\n\n<figure class=\"wp-block-image size-large\"><img loading=\"lazy\" decoding=\"async\" width=\"1024\" height=\"1024\" src=\"http:\/\/cultura.sma.gob.ar\/wp-content\/uploads\/2022\/05\/WhatsApp-Image-2022-05-11-at-3.47.22-PM-2-1024x1024.jpeg\" alt=\"\" class=\"wp-image-3301\" srcset=\"https:\/\/cultura.sma.gob.ar\/wp-content\/uploads\/2022\/05\/WhatsApp-Image-2022-05-11-at-3.47.22-PM-2-1024x1024.jpeg 1024w, https:\/\/cultura.sma.gob.ar\/wp-content\/uploads\/2022\/05\/WhatsApp-Image-2022-05-11-at-3.47.22-PM-2-300x300.jpeg 300w, https:\/\/cultura.sma.gob.ar\/wp-content\/uploads\/2022\/05\/WhatsApp-Image-2022-05-11-at-3.47.22-PM-2-150x150.jpeg 150w, https:\/\/cultura.sma.gob.ar\/wp-content\/uploads\/2022\/05\/WhatsApp-Image-2022-05-11-at-3.47.22-PM-2-768x768.jpeg 768w, https:\/\/cultura.sma.gob.ar\/wp-content\/uploads\/2022\/05\/WhatsApp-Image-2022-05-11-at-3.47.22-PM-2-90x90.jpeg 90w, https:\/\/cultura.sma.gob.ar\/wp-content\/uploads\/2022\/05\/WhatsApp-Image-2022-05-11-at-3.47.22-PM-2.jpeg 1080w\" sizes=\"auto, (max-width: 1024px) 100vw, 1024px\" \/><\/figure>\n\n\n\n<p>Viernes 13 de Mayo a las 20 hs TEATRO DOCUMENTAL obra \u00bfPARA QU\u00c9?<br>Entradas $500<\/p>\n\n\n\n<p>Viernes 13 de Mayo a las 21:30 hs TEATRO POL\u00c9MICO obra EL EMPACHO (a la gorra)<\/p>\n\n\n\n<p>S\u00e1bado 14 de Mayo a las 20 hs CLOWN PO\u00c9TICO obra OTO\u00d1O SIN ESCALA (a la gorra)<\/p>\n\n\n\n<p>S\u00e1bado 14 de Mayo a las 21:30 hs TEATRO POL\u00c9MICO obra EL EMPACHO (a la gorra)<\/p>\n\n\n\n<p>Domingo 15 a las 20 hs TEATRO obra RESCATAR EL PRESENTE<br>Entras anticipadas $ 500 el d\u00eda de la funci\u00f3n $ 600<\/p>\n\n\n\n<p>Adquir\u00ed tus entradas en ESPACIO TRAMA, Gral Roca 310, de lunes a viernes de 14 a 20 hs. s\u00e1bados y domingos desde 2 horas antes de cada funci\u00f3n.<br>Por reservas y consultas \u260e\ufe0f 429979<\/p>\n","protected":false},"excerpt":{"rendered":"<p>Viernes 13 de Mayo a las 20 hs TEATRO DOCUMENTAL obra \u00bfPARA QU\u00c9?Entradas $500 Viernes 13 de Mayo a las 21:30 hs TEATRO POL\u00c9MICO obra EL EMPACHO (a la gorra) S\u00e1bado 14 de Mayo a las 20 hs CLOWN PO\u00c9TICO obra OTO\u00d1O SIN ESCALA (a la gorra) S\u00e1bado 14 de Mayo a las 21:30 hs TEATRO POL\u00c9MICO obra EL EMPACHO (a la gorra) Domingo 15 &hellip; <a href=\"https:\/\/cultura.sma.gob.ar\/?p=3297\" class=\"more-link\">Continue reading <span class=\"screen-reader-text\">Cartelera de Espacio Trama del 13 al 15 de mayo<\/span><\/a><\/p>\n","protected":false},"author":1,"featured_media":0,"comment_status":"closed","ping_status":"","sticky":false,"template":"","format":"image","meta":{"footnotes":""},"categories":[2,9],"tags":[],"class_list":["post-3297","post","type-post","status-publish","format-image","hentry","category-ciudad-cultural","category-ultimas-noticias","post_format-post-format-image"],"_links":{"self":[{"href":"https:\/\/cultura.sma.gob.ar\/index.php?rest_route=\/wp\/v2\/posts\/3297","targetHints":{"allow":["GET"]}}],"collection":[{"href":"https:\/\/cultura.sma.gob.ar\/index.php?rest_route=\/wp\/v2\/posts"}],"about":[{"href":"https:\/\/cultura.sma.gob.ar\/index.php?rest_route=\/wp\/v2\/types\/post"}],"author":[{"embeddable":true,"href":"https:\/\/cultura.sma.gob.ar\/index.php?rest_route=\/wp\/v2\/users\/1"}],"replies":[{"embeddable":true,"href":"https:\/\/cultura.sma.gob.ar\/index.php?rest_route=%2Fwp%2Fv2%2Fcomments&post=3297"}],"version-history":[{"count":1,"href":"https:\/\/cultura.sma.gob.ar\/index.php?rest_route=\/wp\/v2\/posts\/3297\/revisions"}],"predecessor-version":[{"id":3302,"href":"https:\/\/cultura.sma.gob.ar\/index.php?rest_route=\/wp\/v2\/posts\/3297\/revisions\/3302"}],"wp:attachment":[{"href":"https:\/\/cultura.sma.gob.ar\/index.php?rest_route=%2Fwp%2Fv2%2Fmedia&parent=3297"}],"wp:term":[{"taxonomy":"category","embeddable":true,"href":"https:\/\/cultura.sma.gob.ar\/index.php?rest_route=%2Fwp%2Fv2%2Fcategories&post=3297"},{"taxonomy":"post_tag","embeddable":true,"href":"https:\/\/cultura.sma.gob.ar\/index.php?rest_route=%2Fwp%2Fv2%2Ftags&post=3297"}],"curies":[{"name":"wp","href":"https:\/\/api.w.org\/{rel}","templated":true}]}}