{"id":3292,"date":"2022-05-12T12:58:56","date_gmt":"2022-05-12T15:58:56","guid":{"rendered":"http:\/\/cultura.sma.gob.ar\/?p=3292"},"modified":"2022-05-12T13:08:11","modified_gmt":"2022-05-12T16:08:11","slug":"programa-teatro-san-jose-presenta-aquiles-tributo-a-led-zeppelin","status":"publish","type":"post","link":"https:\/\/cultura.sma.gob.ar\/?p=3292","title":{"rendered":"Programa Teatro San Jos\u00e9 Presenta: AQUILES, tributo a Led Zeppelin"},"content":{"rendered":"\n<figure class=\"wp-block-image size-large\"><img loading=\"lazy\" decoding=\"async\" width=\"1024\" height=\"1024\" src=\"http:\/\/cultura.sma.gob.ar\/wp-content\/uploads\/2022\/05\/redes-01-6-1-1024x1024.jpg\" alt=\"\" class=\"wp-image-3294\" srcset=\"https:\/\/cultura.sma.gob.ar\/wp-content\/uploads\/2022\/05\/redes-01-6-1-1024x1024.jpg 1024w, https:\/\/cultura.sma.gob.ar\/wp-content\/uploads\/2022\/05\/redes-01-6-1-300x300.jpg 300w, https:\/\/cultura.sma.gob.ar\/wp-content\/uploads\/2022\/05\/redes-01-6-1-150x150.jpg 150w, https:\/\/cultura.sma.gob.ar\/wp-content\/uploads\/2022\/05\/redes-01-6-1-768x768.jpg 768w, https:\/\/cultura.sma.gob.ar\/wp-content\/uploads\/2022\/05\/redes-01-6-1-1536x1536.jpg 1536w, https:\/\/cultura.sma.gob.ar\/wp-content\/uploads\/2022\/05\/redes-01-6-1-90x90.jpg 90w, https:\/\/cultura.sma.gob.ar\/wp-content\/uploads\/2022\/05\/redes-01-6-1.jpg 1875w\" sizes=\"auto, (max-width: 1024px) 100vw, 1024px\" \/><\/figure>\n\n\n\n<p>Aquiles, tributo a Led Zeppelin, se forma durante el invierno de 2015 y toca por primera vez en octubre de ese a\u00f1o con el nombre de Tangerine . <\/p>\n\n\n\n<p>Santiago Branda, baterista original, deja la banda por razones de estudio y en 2017 se incorpora Lucio Cincotta quedando consolidada la formaci\u00f3n que incluye a Gisella Paschetta en voz, Crischo Villar en bajo y Tyncho Comesa\u00f1a en guitarra.&nbsp;<\/p>\n\n\n\n<p>Hasta el inicio de la pandemia, ya con el nombre &#8221;Aquiles&#8221;, la banda visit\u00f3 Jun\u00edn de los Andes, Meliquina y Villa La Angostura mientras alternaba con presentaciones en bares y festivales locales. En 2020 se realizan un par de presentaciones como quinteto incluyendo a Tom\u00e1s Stancatti en los teclados pero se decide suspender la actividad hasta que se definiera el panorama sanitario.&nbsp;<\/p>\n\n\n\n<p>El s\u00e1bado 21 de mayo, a las 21 hs, Aquiles se presenta en el Teatro San Jos\u00e9, repasando diecis\u00e9is cl\u00e1sicos de Led Zeppelin de todos sus discos, como por ejemplo \u201cPerro negro\u201d, \u201cUn mont\u00f3n de amor\u201d, \u201cEscalera al cielo\u201d,&nbsp;&nbsp;<\/p>\n\n\n\n<p>Las entradas cuestan s\u00f3lo 100 pesos, y ya se encuentran a la venta en boleter\u00eda del teatro de lunes a viernes, de 9 a 21 hs.\u00a0<\/p>\n\n\n\n<p>Esperamos a la comunidad para que sea parte de una velada \u00fanica.&nbsp;<\/p>\n","protected":false},"excerpt":{"rendered":"<p>Aquiles, tributo a Led Zeppelin, se forma durante el invierno de 2015 y toca por primera vez en octubre de ese a\u00f1o con el nombre de Tangerine . Santiago Branda, baterista original, deja la banda por razones de estudio y en 2017 se incorpora Lucio Cincotta quedando consolidada la formaci\u00f3n que incluye a Gisella Paschetta en voz, Crischo Villar en bajo y Tyncho Comesa\u00f1a en &hellip; <a href=\"https:\/\/cultura.sma.gob.ar\/?p=3292\" class=\"more-link\">Continue reading <span class=\"screen-reader-text\">Programa Teatro San Jos\u00e9 Presenta: AQUILES, tributo a Led Zeppelin<\/span><\/a><\/p>\n","protected":false},"author":1,"featured_media":0,"comment_status":"closed","ping_status":"","sticky":false,"template":"","format":"image","meta":{"footnotes":""},"categories":[8,9],"tags":[],"class_list":["post-3292","post","type-post","status-publish","format-image","hentry","category-teatro-san-jose","category-ultimas-noticias","post_format-post-format-image"],"_links":{"self":[{"href":"https:\/\/cultura.sma.gob.ar\/index.php?rest_route=\/wp\/v2\/posts\/3292","targetHints":{"allow":["GET"]}}],"collection":[{"href":"https:\/\/cultura.sma.gob.ar\/index.php?rest_route=\/wp\/v2\/posts"}],"about":[{"href":"https:\/\/cultura.sma.gob.ar\/index.php?rest_route=\/wp\/v2\/types\/post"}],"author":[{"embeddable":true,"href":"https:\/\/cultura.sma.gob.ar\/index.php?rest_route=\/wp\/v2\/users\/1"}],"replies":[{"embeddable":true,"href":"https:\/\/cultura.sma.gob.ar\/index.php?rest_route=%2Fwp%2Fv2%2Fcomments&post=3292"}],"version-history":[{"count":2,"href":"https:\/\/cultura.sma.gob.ar\/index.php?rest_route=\/wp\/v2\/posts\/3292\/revisions"}],"predecessor-version":[{"id":3303,"href":"https:\/\/cultura.sma.gob.ar\/index.php?rest_route=\/wp\/v2\/posts\/3292\/revisions\/3303"}],"wp:attachment":[{"href":"https:\/\/cultura.sma.gob.ar\/index.php?rest_route=%2Fwp%2Fv2%2Fmedia&parent=3292"}],"wp:term":[{"taxonomy":"category","embeddable":true,"href":"https:\/\/cultura.sma.gob.ar\/index.php?rest_route=%2Fwp%2Fv2%2Fcategories&post=3292"},{"taxonomy":"post_tag","embeddable":true,"href":"https:\/\/cultura.sma.gob.ar\/index.php?rest_route=%2Fwp%2Fv2%2Ftags&post=3292"}],"curies":[{"name":"wp","href":"https:\/\/api.w.org\/{rel}","templated":true}]}}