{"id":3278,"date":"2022-05-11T20:47:56","date_gmt":"2022-05-11T23:47:56","guid":{"rendered":"http:\/\/cultura.sma.gob.ar\/?p=3278"},"modified":"2022-05-12T10:06:08","modified_gmt":"2022-05-12T13:06:08","slug":"nueva-muestra-en-la-sala-municipal-lidaura-chapitel","status":"publish","type":"post","link":"https:\/\/cultura.sma.gob.ar\/?p=3278","title":{"rendered":"Nueva muestra en la Sala Municipal Lidaura Chapitel"},"content":{"rendered":"\n<figure class=\"wp-block-image size-large\"><img loading=\"lazy\" decoding=\"async\" width=\"1024\" height=\"1024\" src=\"http:\/\/cultura.sma.gob.ar\/wp-content\/uploads\/2022\/05\/expo-06-1024x1024.jpg\" alt=\"\" class=\"wp-image-3279\" srcset=\"https:\/\/cultura.sma.gob.ar\/wp-content\/uploads\/2022\/05\/expo-06-1024x1024.jpg 1024w, https:\/\/cultura.sma.gob.ar\/wp-content\/uploads\/2022\/05\/expo-06-300x300.jpg 300w, https:\/\/cultura.sma.gob.ar\/wp-content\/uploads\/2022\/05\/expo-06-150x150.jpg 150w, https:\/\/cultura.sma.gob.ar\/wp-content\/uploads\/2022\/05\/expo-06-768x768.jpg 768w, https:\/\/cultura.sma.gob.ar\/wp-content\/uploads\/2022\/05\/expo-06-1536x1536.jpg 1536w, https:\/\/cultura.sma.gob.ar\/wp-content\/uploads\/2022\/05\/expo-06-90x90.jpg 90w, https:\/\/cultura.sma.gob.ar\/wp-content\/uploads\/2022\/05\/expo-06.jpg 1875w\" sizes=\"auto, (max-width: 1024px) 100vw, 1024px\" \/><\/figure>\n\n\n\n<p>El pr\u00f3ximo viernes 13 de mayo llega una nueva exposici\u00f3n a la Sala Municipal Lidaura Chapitel.<\/p>\n\n\n\n<p>Se podr\u00e1 visitar y recorrer hasta el 1 de junio, de lunes a viernes de 10 a 12, y de 16 a 20 hs, y los s\u00e1bados de 16 a 20 hs.<\/p>\n\n\n\n<p>La entrada es libre y gratuita.<\/p>\n\n\n\n<p><strong>Analog\u00edas buc\u00f3licas &#8211;<\/strong>&nbsp;<strong>Lali Mart\u00ednez Spaggiari<\/strong><\/p>\n\n\n\n<p>Estas obras presentan una realidad posible, donde aparece una paradoja temporo-espacial; nos encontramos con escenas cotidianas en las que el paisaje ha avanzado sobre el entorno urbano.<\/p>\n\n\n\n<p>Este conjunto de piezas presenta un espacio en un tiempo otro, en el que la resiliencia ecol\u00f3gica, se hace presente en la capacidad de absorber las perturbaciones del pasado. La potencia modificadora, reincidente en el crecimiento del paisaje natural sobre el urbano, la persistencia del deseo y el \u00e1nimo de avanzar del paisaje son inspiradores en el acto mismo de resistir.<\/p>\n\n\n\n<p><strong>Investigaciones in\u00fatiles y b\u00fasquedas infructuosas&nbsp;&#8211;&nbsp;<\/strong><strong>Mar\u00eda Cruz Sueiro<\/strong><\/p>\n\n\n\n<p>Un evento inesperado, la irrupci\u00f3n de una cosa que no tiene nombre todav\u00eda. La escenificaci\u00f3n nos lleva a preguntarnos:&nbsp;\u00bfQu\u00e9 ha sucedido aqu\u00ed? Hay&nbsp;<em>algo<\/em>&nbsp;ligeramente fuera de lugar, dislocado.<\/p>\n\n\n\n<p>Al recorrer la exposici\u00f3n de Mar\u00eda Cruz Sueiro la invitaci\u00f3n es, m\u00e1s que encontrar la respuesta, adentrarse en la espesura de la incertidumbre. Una incertidumbre de interrogantes ricos y de vital curiosidad.<\/p>\n\n\n\n<p>Su formaci\u00f3n como bi\u00f3loga y artista le permite una dial\u00e9ctica muy fina entre la evidencia y la pieza art\u00edstica, el orden del m\u00e9todo y el desorden del proceso, una obra que se despliega all\u00ed, en ese equilibrio sensible y arriesgado.<\/p>\n\n\n\n<p>La instalaci\u00f3n, conformada por dibujos de precisi\u00f3n y vivacidad delicad\u00edsima, anotaciones,&nbsp; hallazgos y piezas cient\u00edficas, recetas y dibujos de la infancia; da cuenta de un misterio que propone a los espectadores dejarse llevar por el oleaje de una ficci\u00f3n enso\u00f1adora, compleja y subjetiva.<\/p>\n\n\n\n<p><strong>Paloma Formoso<\/strong><\/p>\n\n\n\n<p>Propongo un espacio de demora.<\/p>\n\n\n\n<p>Darse el tiempo para demorarse propicia que aparezca el silencio; apacigua los sonidos constantes que distraen y muchas veces apabullan. Es detenerse un instante en el espacio que te sostiene. Es escribir a mano y en papel una carta que llegar\u00e1 en alg\u00fan -otro- momento, no importa cu\u00e1ndo.<\/p>\n\n\n\n<p>En ese detenerse aparecen respuestas posibles a aquello que ven\u00edamos d\u00e1ndole vueltas; o ideas fortuitas y pensamientos renovados. Pueden aparecer preguntas, aliadas en desmembrar la trama establecida y proponer nuevas miradas.<\/p>\n\n\n\n<p>El arte crea espacios de ficci\u00f3n e interpela a la realidad. Los espacios creados invitan a entrar, como a un bosque, o a un conjunto de flores, o en un cielo estrellado, y experimentar la multiplicidad de sentidos que se despliegan. Cada persona entrar\u00e1 y saldr\u00e1 con sus propias preguntas e inquietudes.<\/p>\n\n\n\n<p>Propongo un espacio de demora como un tiempo de reparo.<\/p>\n\n\n\n<p><strong>M\u00e1s informaci\u00f3n sobre las artistas:<\/strong><\/p>\n\n\n\n<p><strong>Analog\u00edas buc\u00f3licas<\/strong><\/p>\n\n\n\n<p><strong><em>El entramado del mundo en un marco id\u00edlico de resistencia<\/em><\/strong><\/p>\n\n\n\n<p><strong>Lali Mart\u00ednez Spaggiari<\/strong><\/p>\n\n\n\n<p>Naci\u00f3 en Santa Fe, en 1982. Es artista, docente y gestora. Gan\u00f3 becas individuales y grupales para producir obra y&nbsp; formarse con Claudia del R\u00edo, P Mellado, T de Sagastiz\u00e1bal, R. Cippolini, E. Grinstein y G. Valansi.<\/p>\n\n\n\n<p>Desde 2008 ha coordinado proyectos curatoriales y de formaci\u00f3n en su provincia. Desde 2016 dirige<em>&nbsp;P\u00farpura &#8211; Proyecto Art\u00edstico Pedag\u00f3gico,<\/em>&nbsp;gestionando talleres, seminarios, charlas con artistas, curadores, cr\u00edticos de diversas geograf\u00edas del pa\u00eds.<\/p>\n\n\n\n<p>Gan\u00f3 premios en salones nacionales. Realiz\u00f3 exposiciones nacionales e internacionales. Es artista del staff de Luogo Galer\u00eda.<\/p>\n\n\n\n<p><a href=\"http:\/\/www.lalimartinezspaggiari.com\/\" target=\"_blank\" rel=\"noreferrer noopener\">www.lalimartinezspaggiari.com<\/a><\/p>\n\n\n\n<p>lalimartinezspaggiari_<\/p>\n\n\n\n<p><strong>Investigaciones in\u00fatiles y b\u00fasquedas infructuosas<\/strong><strong><\/strong><\/p>\n\n\n\n<p><strong>Mar\u00eda Cruz Sueiro<\/strong><\/p>\n\n\n\n<p>Nace en Buenos Aires , en 1978. Estudia y se doctora en Ciencias Biol\u00f3gicas (FCEyN, UBA) y pasa a formar parte de la carrera de Investigador Cient\u00edfico del CONICET. En 2007 se radica en Puerto Madryn (Chubut) donde, en paralelo a sus investigaciones en biolog\u00eda, estudia pintura con Ver\u00f3nica Garc\u00eda, dibujo y seguimiento de obra con Daniela Mastrandrea, y realiza seminarios de Libro de Artista y Poes\u00eda Visual, Collage Anal\u00f3gico, Ilustraci\u00f3n Cient\u00edfica, Pintura Oriental e Historia del Arte en la Asociaci\u00f3n Amigos del Museo Nacional de Bellas Artes. Participa del Programa Latinoamericano avanzado de formaci\u00f3n para Fot\u00f3grafxs y Artistas Visuales &#8211; Proyecto Imaginario y del Programa de An\u00e1lisis y Producci\u00f3n en Artes Visuales en espacio Manglar coordinado por Andr\u00e9s Labak\u00e9. Actualmente realiza cl\u00ednica y seguimiento de obra con Mar\u00eda Colombo.<\/p>\n\n\n\n<p>Desde 2015 participa en exposiciones individuales y colectivas en distintas ciudades de Argentina. Sus obras han obtenido primer y segundo premio en el&nbsp;Sal\u00f3n Municipal de Artes Pl\u00e1sticas de Esquel, Chubut, Menci\u00f3n en Dibujo en el VII Sal\u00f3n Peque\u00f1o formato, Museo Casa Carnacini, Buenos Aires. Han sido seleccionadas para participar del XVI Sal\u00f3n de Artes Visuales Jun\u00edn, Buenos Aires.<strong>,&nbsp;<\/strong>XLVIII Sal\u00f3n de Tucum\u00e1n Artes Visuales, Tucum\u00e1n, VIII Sal\u00f3n Peque\u00f1o formato, Museo Casa Carnacini, Buenos Aires, XX Sal\u00f3n Municipal de Artes Pl\u00e1sticas, Esquel, Chubut.<\/p>\n\n\n\n<p>Ha obtenido becas del Fondo&nbsp;Nacional de las Artes y del Programa Latinoamericano avanzado de formaci\u00f3n para Fot\u00f3grafxs y Artistas Visuales. Proyecto Imaginario.<\/p>\n\n\n\n<p>Instagram: @mariacruzsueiro<\/p>\n\n\n\n<p><a href=\"http:\/\/www.mariacruzsueiro.com.ar\/\" target=\"_blank\" rel=\"noreferrer noopener\">www.mariacruzsueiro.com.ar<\/a><\/p>\n\n\n\n<p><strong>La demora<\/strong><\/p>\n\n\n\n<p><strong>Paloma Formoso<\/strong><\/p>\n\n\n\n<p>Nace en La Plata, Buenos Aires, en 1990. Actualmente reside en San Mart\u00edn de los Andes con su pareja e hijo. Es Profesora de Artes Pl\u00e1sticas egresada de la facultad de artes de la UNLP.<\/p>\n\n\n\n<p>Ha participado de muestras colectivas e individuales en la ciudad de La Plata y en San Mart\u00edn de los Andes, Neuqu\u00e9n. Se desempe\u00f1a como docente dictando cursos y talleres de arte y encuadernaci\u00f3n en diferentes espacios culturales, tanto para ni\u00f1xs como para adultxs.<\/p>\n\n\n\n<p>En paralelo desarrolla su carrera como artista visual de forma independiente con proyectos personales y colectivos en relaci\u00f3n al universo editorial.<\/p>\n\n\n\n<p>En su obra reflexiona sobre las posibilidades pl\u00e1sticas de los materiales, el paisaje, el territorio, los lugares que habitamos y nos habitan, el encuentro entre diferentes materialidades.<\/p>\n\n\n\n<p>Instagram: @paloma.formoso<\/p>\n\n\n\n<p><a href=\"http:\/\/www.behance.net\/palomaformoso\" target=\"_blank\" rel=\"noreferrer noopener\">www.behance.net\/palomaformoso<\/a><\/p>\n\n\n\n<figure class=\"wp-block-image size-large\"><img loading=\"lazy\" decoding=\"async\" width=\"1024\" height=\"1024\" src=\"http:\/\/cultura.sma.gob.ar\/wp-content\/uploads\/2022\/05\/expo-05-1024x1024.jpg\" alt=\"\" class=\"wp-image-3280\" srcset=\"https:\/\/cultura.sma.gob.ar\/wp-content\/uploads\/2022\/05\/expo-05-1024x1024.jpg 1024w, https:\/\/cultura.sma.gob.ar\/wp-content\/uploads\/2022\/05\/expo-05-300x300.jpg 300w, https:\/\/cultura.sma.gob.ar\/wp-content\/uploads\/2022\/05\/expo-05-150x150.jpg 150w, https:\/\/cultura.sma.gob.ar\/wp-content\/uploads\/2022\/05\/expo-05-768x768.jpg 768w, https:\/\/cultura.sma.gob.ar\/wp-content\/uploads\/2022\/05\/expo-05-1536x1536.jpg 1536w, https:\/\/cultura.sma.gob.ar\/wp-content\/uploads\/2022\/05\/expo-05-90x90.jpg 90w, https:\/\/cultura.sma.gob.ar\/wp-content\/uploads\/2022\/05\/expo-05.jpg 1875w\" sizes=\"auto, (max-width: 1024px) 100vw, 1024px\" \/><\/figure>\n\n\n\n<figure class=\"wp-block-image size-large\"><img loading=\"lazy\" decoding=\"async\" width=\"1024\" height=\"1024\" src=\"http:\/\/cultura.sma.gob.ar\/wp-content\/uploads\/2022\/05\/expo-02-2-1024x1024.jpg\" alt=\"\" class=\"wp-image-3281\" srcset=\"https:\/\/cultura.sma.gob.ar\/wp-content\/uploads\/2022\/05\/expo-02-2-1024x1024.jpg 1024w, https:\/\/cultura.sma.gob.ar\/wp-content\/uploads\/2022\/05\/expo-02-2-300x300.jpg 300w, https:\/\/cultura.sma.gob.ar\/wp-content\/uploads\/2022\/05\/expo-02-2-150x150.jpg 150w, https:\/\/cultura.sma.gob.ar\/wp-content\/uploads\/2022\/05\/expo-02-2-768x768.jpg 768w, https:\/\/cultura.sma.gob.ar\/wp-content\/uploads\/2022\/05\/expo-02-2-1536x1536.jpg 1536w, https:\/\/cultura.sma.gob.ar\/wp-content\/uploads\/2022\/05\/expo-02-2-90x90.jpg 90w, https:\/\/cultura.sma.gob.ar\/wp-content\/uploads\/2022\/05\/expo-02-2.jpg 1875w\" sizes=\"auto, (max-width: 1024px) 100vw, 1024px\" \/><\/figure>\n","protected":false},"excerpt":{"rendered":"<p>El pr\u00f3ximo viernes 13 de mayo llega una nueva exposici\u00f3n a la Sala Municipal Lidaura Chapitel. Se podr\u00e1 visitar y recorrer hasta el 1 de junio, de lunes a viernes de 10 a 12, y de 16 a 20 hs, y los s\u00e1bados de 16 a 20 hs. La entrada es libre y gratuita. Analog\u00edas buc\u00f3licas &#8211;&nbsp;Lali Mart\u00ednez Spaggiari Estas obras presentan una realidad posible, &hellip; <a href=\"https:\/\/cultura.sma.gob.ar\/?p=3278\" class=\"more-link\">Continue reading <span class=\"screen-reader-text\">Nueva muestra en la Sala Municipal Lidaura Chapitel<\/span><\/a><\/p>\n","protected":false},"author":1,"featured_media":295,"comment_status":"closed","ping_status":"","sticky":false,"template":"","format":"image","meta":{"footnotes":""},"categories":[6,9],"tags":[],"class_list":["post-3278","post","type-post","status-publish","format-image","has-post-thumbnail","hentry","category-sala-lidaura-chapitel","category-ultimas-noticias","post_format-post-format-image"],"_links":{"self":[{"href":"https:\/\/cultura.sma.gob.ar\/index.php?rest_route=\/wp\/v2\/posts\/3278","targetHints":{"allow":["GET"]}}],"collection":[{"href":"https:\/\/cultura.sma.gob.ar\/index.php?rest_route=\/wp\/v2\/posts"}],"about":[{"href":"https:\/\/cultura.sma.gob.ar\/index.php?rest_route=\/wp\/v2\/types\/post"}],"author":[{"embeddable":true,"href":"https:\/\/cultura.sma.gob.ar\/index.php?rest_route=\/wp\/v2\/users\/1"}],"replies":[{"embeddable":true,"href":"https:\/\/cultura.sma.gob.ar\/index.php?rest_route=%2Fwp%2Fv2%2Fcomments&post=3278"}],"version-history":[{"count":2,"href":"https:\/\/cultura.sma.gob.ar\/index.php?rest_route=\/wp\/v2\/posts\/3278\/revisions"}],"predecessor-version":[{"id":3284,"href":"https:\/\/cultura.sma.gob.ar\/index.php?rest_route=\/wp\/v2\/posts\/3278\/revisions\/3284"}],"wp:featuredmedia":[{"embeddable":true,"href":"https:\/\/cultura.sma.gob.ar\/index.php?rest_route=\/wp\/v2\/media\/295"}],"wp:attachment":[{"href":"https:\/\/cultura.sma.gob.ar\/index.php?rest_route=%2Fwp%2Fv2%2Fmedia&parent=3278"}],"wp:term":[{"taxonomy":"category","embeddable":true,"href":"https:\/\/cultura.sma.gob.ar\/index.php?rest_route=%2Fwp%2Fv2%2Fcategories&post=3278"},{"taxonomy":"post_tag","embeddable":true,"href":"https:\/\/cultura.sma.gob.ar\/index.php?rest_route=%2Fwp%2Fv2%2Ftags&post=3278"}],"curies":[{"name":"wp","href":"https:\/\/api.w.org\/{rel}","templated":true}]}}