{"id":3275,"date":"2022-05-10T12:13:52","date_gmt":"2022-05-10T15:13:52","guid":{"rendered":"http:\/\/cultura.sma.gob.ar\/?p=3275"},"modified":"2022-06-04T18:41:13","modified_gmt":"2022-06-04T21:41:13","slug":"seminario-de-zamba-12-de-mayo-teatro-san-jose","status":"publish","type":"post","link":"https:\/\/cultura.sma.gob.ar\/?p=3275","title":{"rendered":"2do Seminario de Zamba en el Teatro San Jos\u00e9"},"content":{"rendered":"\n<figure class=\"wp-block-image size-large\"><img loading=\"lazy\" decoding=\"async\" width=\"1024\" height=\"1024\" src=\"http:\/\/cultura.sma.gob.ar\/wp-content\/uploads\/2022\/06\/Post-de-Instagram-Podcast-Beige-Neutro-2-1-1024x1024.jpg\" alt=\"\" class=\"wp-image-3433\" srcset=\"https:\/\/cultura.sma.gob.ar\/wp-content\/uploads\/2022\/06\/Post-de-Instagram-Podcast-Beige-Neutro-2-1-1024x1024.jpg 1024w, https:\/\/cultura.sma.gob.ar\/wp-content\/uploads\/2022\/06\/Post-de-Instagram-Podcast-Beige-Neutro-2-1-300x300.jpg 300w, https:\/\/cultura.sma.gob.ar\/wp-content\/uploads\/2022\/06\/Post-de-Instagram-Podcast-Beige-Neutro-2-1-150x150.jpg 150w, https:\/\/cultura.sma.gob.ar\/wp-content\/uploads\/2022\/06\/Post-de-Instagram-Podcast-Beige-Neutro-2-1-768x768.jpg 768w, https:\/\/cultura.sma.gob.ar\/wp-content\/uploads\/2022\/06\/Post-de-Instagram-Podcast-Beige-Neutro-2-1-90x90.jpg 90w, https:\/\/cultura.sma.gob.ar\/wp-content\/uploads\/2022\/06\/Post-de-Instagram-Podcast-Beige-Neutro-2-1.jpg 1080w\" sizes=\"auto, (max-width: 1024px) 100vw, 1024px\" \/><\/figure>\n\n\n\n<p>Llega el seminario &#8221;Caminos de la Zamba&#8221;, para abordar los estilos y patrones coreogr\u00e1ficos para su ejecuci\u00f3n.<\/p>\n\n\n\n<p>Ser\u00e1 el jueves 9 de junio, de 19 a 22 hs en el Teatro San Jos\u00e9, organizado por la Profesora Andrea Cima.<\/p>\n\n\n\n<p>Para asistir hay que anotarse con anticipaci\u00f3n, por cupos limitados, al 2972407108<\/p>\n","protected":false},"excerpt":{"rendered":"<p>Llega el seminario &#8221;Caminos de la Zamba&#8221;, para abordar los estilos y patrones coreogr\u00e1ficos para su ejecuci\u00f3n. Ser\u00e1 el jueves 9 de junio, de 19 a 22 hs en el Teatro San Jos\u00e9, organizado por la Profesora Andrea Cima. Para asistir hay que anotarse con anticipaci\u00f3n, por cupos limitados, al 2972407108 <a href=\"https:\/\/cultura.sma.gob.ar\/?p=3275\" class=\"more-link\">Continue reading <span class=\"screen-reader-text\">2do Seminario de Zamba en el Teatro San Jos\u00e9<\/span><\/a><\/p>\n","protected":false},"author":1,"featured_media":291,"comment_status":"closed","ping_status":"","sticky":false,"template":"","format":"image","meta":{"footnotes":""},"categories":[2,9],"tags":[],"class_list":["post-3275","post","type-post","status-publish","format-image","has-post-thumbnail","hentry","category-ciudad-cultural","category-ultimas-noticias","post_format-post-format-image"],"_links":{"self":[{"href":"https:\/\/cultura.sma.gob.ar\/index.php?rest_route=\/wp\/v2\/posts\/3275","targetHints":{"allow":["GET"]}}],"collection":[{"href":"https:\/\/cultura.sma.gob.ar\/index.php?rest_route=\/wp\/v2\/posts"}],"about":[{"href":"https:\/\/cultura.sma.gob.ar\/index.php?rest_route=\/wp\/v2\/types\/post"}],"author":[{"embeddable":true,"href":"https:\/\/cultura.sma.gob.ar\/index.php?rest_route=\/wp\/v2\/users\/1"}],"replies":[{"embeddable":true,"href":"https:\/\/cultura.sma.gob.ar\/index.php?rest_route=%2Fwp%2Fv2%2Fcomments&post=3275"}],"version-history":[{"count":2,"href":"https:\/\/cultura.sma.gob.ar\/index.php?rest_route=\/wp\/v2\/posts\/3275\/revisions"}],"predecessor-version":[{"id":3434,"href":"https:\/\/cultura.sma.gob.ar\/index.php?rest_route=\/wp\/v2\/posts\/3275\/revisions\/3434"}],"wp:featuredmedia":[{"embeddable":true,"href":"https:\/\/cultura.sma.gob.ar\/index.php?rest_route=\/wp\/v2\/media\/291"}],"wp:attachment":[{"href":"https:\/\/cultura.sma.gob.ar\/index.php?rest_route=%2Fwp%2Fv2%2Fmedia&parent=3275"}],"wp:term":[{"taxonomy":"category","embeddable":true,"href":"https:\/\/cultura.sma.gob.ar\/index.php?rest_route=%2Fwp%2Fv2%2Fcategories&post=3275"},{"taxonomy":"post_tag","embeddable":true,"href":"https:\/\/cultura.sma.gob.ar\/index.php?rest_route=%2Fwp%2Fv2%2Ftags&post=3275"}],"curies":[{"name":"wp","href":"https:\/\/api.w.org\/{rel}","templated":true}]}}