{"id":327,"date":"2020-09-29T16:46:28","date_gmt":"2020-09-29T19:46:28","guid":{"rendered":"http:\/\/cultura.sma.gob.ar\/?p=327"},"modified":"2020-09-29T16:46:28","modified_gmt":"2020-09-29T19:46:28","slug":"tres-nuevas-muestras-de-pintura-en-la-sala-chapitel","status":"publish","type":"post","link":"https:\/\/cultura.sma.gob.ar\/?p=327","title":{"rendered":"Tres nuevas muestras de pintura en la Sala Chapitel"},"content":{"rendered":"\n\n\n<p>Desde el l<strong>unes 5 de octubre, de 16 a 19hs<\/strong>, se podr\u00e1 recorrer la muestra conformada por obras de los artistas locales:&nbsp; <strong>Malena Gaudio, Hern\u00e1n Boan y Sergio Schmidt<\/strong>.<\/p>\n\n\n\n<p>Esta exposici\u00f3n tendr\u00e1 dos n\u00facleos: uno compuesto por el di\u00e1logo de las obras de Gaudio, con su muestra Zurcido, y Boan, con Luz y materia. Por otro lado Schmidt presentar\u00e1 su muestra El cielo est\u00e1 vac\u00edo<em>.<\/em><\/p>\n\n\n\n<div class=\"wp-block-image\"><figure class=\"aligncenter size-large\"><img loading=\"lazy\" decoding=\"async\" width=\"1024\" height=\"1024\" src=\"http:\/\/cultura.sma.gob.ar\/wp-content\/uploads\/2020\/09\/flyer-Gaudio-1024x1024.jpg\" alt=\"\" class=\"wp-image-328\" srcset=\"https:\/\/cultura.sma.gob.ar\/wp-content\/uploads\/2020\/09\/flyer-Gaudio-1024x1024.jpg 1024w, https:\/\/cultura.sma.gob.ar\/wp-content\/uploads\/2020\/09\/flyer-Gaudio-300x300.jpg 300w, https:\/\/cultura.sma.gob.ar\/wp-content\/uploads\/2020\/09\/flyer-Gaudio-150x150.jpg 150w, https:\/\/cultura.sma.gob.ar\/wp-content\/uploads\/2020\/09\/flyer-Gaudio-768x768.jpg 768w, https:\/\/cultura.sma.gob.ar\/wp-content\/uploads\/2020\/09\/flyer-Gaudio-1536x1536.jpg 1536w, https:\/\/cultura.sma.gob.ar\/wp-content\/uploads\/2020\/09\/flyer-Gaudio-90x90.jpg 90w, https:\/\/cultura.sma.gob.ar\/wp-content\/uploads\/2020\/09\/flyer-Gaudio.jpg 1875w\" sizes=\"auto, (max-width: 1024px) 100vw, 1024px\" \/><\/figure><\/div>\n\n\n\n<p><strong><span style=\"text-decoration: underline;\">Zurcido<\/span><\/strong><\/p>\n\n\n\n<p><strong>Malena Gaudio<\/strong><\/p>\n\n\n\n<p class=\"has-text-align-justify\">Dibujo para aprender del mundo que me rodea. Afilo la observaci\u00f3n y voy incorporando de a poco la estructura de las cosas.\u00a0Mancho para sentirme m\u00e1s libre,\u00a0 exploro los materiales y su fluidez, su interacci\u00f3n. La mancha deja plasmado un escenario de acci\u00f3n.\u00a0\u00a0El bordado une los dos mundos, replica estructura y fluye como mancha. Conecta, acerca, trae. Recupera. Me recuerda que somos parte de un todo.<\/p>\n\n\n\n<figure class=\"wp-block-image size-large\"><img loading=\"lazy\" decoding=\"async\" width=\"1024\" height=\"1024\" src=\"http:\/\/cultura.sma.gob.ar\/wp-content\/uploads\/2020\/09\/Flyer-Boan-1024x1024.jpg\" alt=\"\" class=\"wp-image-329\" srcset=\"https:\/\/cultura.sma.gob.ar\/wp-content\/uploads\/2020\/09\/Flyer-Boan-1024x1024.jpg 1024w, https:\/\/cultura.sma.gob.ar\/wp-content\/uploads\/2020\/09\/Flyer-Boan-300x300.jpg 300w, https:\/\/cultura.sma.gob.ar\/wp-content\/uploads\/2020\/09\/Flyer-Boan-150x150.jpg 150w, https:\/\/cultura.sma.gob.ar\/wp-content\/uploads\/2020\/09\/Flyer-Boan-768x768.jpg 768w, https:\/\/cultura.sma.gob.ar\/wp-content\/uploads\/2020\/09\/Flyer-Boan-1536x1536.jpg 1536w, https:\/\/cultura.sma.gob.ar\/wp-content\/uploads\/2020\/09\/Flyer-Boan-90x90.jpg 90w, https:\/\/cultura.sma.gob.ar\/wp-content\/uploads\/2020\/09\/Flyer-Boan.jpg 1875w\" sizes=\"auto, (max-width: 1024px) 100vw, 1024px\" \/><\/figure>\n\n\n\n<p><strong><span style=\"text-decoration: underline;\">Luz y materia<\/span><\/strong><\/p>\n\n\n\n<p><strong>Hern\u00e1n Boan<\/strong><\/p>\n\n\n\n<p class=\"has-text-align-justify\">Los griegos dice Shopenhauer tuvieron la necesidad de llegar a los dioses, pensaron entonces\u00a0 en consagrar su trabajo a representaciones dignas de un resplandor capaz de conmover a la divinidad.\u00a0 Un caricia dedicada a la materia que pudiera animarla, darle un alma, despojando a la materia de su materialidad, esa ofrenda misteriosa logr\u00f3 eternizar la belleza que hoy nos conmueve desde los confines del tiempo.\u00a0 \u00a0 \u00a0 \u00a0 La materia resplandece\u00a0 en las pintura como un llamado al tacto de los ojos que tienen alma.<\/p>\n\n\n\n<figure class=\"wp-block-image size-large\"><img loading=\"lazy\" decoding=\"async\" width=\"1024\" height=\"1024\" src=\"http:\/\/cultura.sma.gob.ar\/wp-content\/uploads\/2020\/09\/flyer-Schmidt-1024x1024.jpg\" alt=\"\" class=\"wp-image-330\" srcset=\"https:\/\/cultura.sma.gob.ar\/wp-content\/uploads\/2020\/09\/flyer-Schmidt-1024x1024.jpg 1024w, https:\/\/cultura.sma.gob.ar\/wp-content\/uploads\/2020\/09\/flyer-Schmidt-300x300.jpg 300w, https:\/\/cultura.sma.gob.ar\/wp-content\/uploads\/2020\/09\/flyer-Schmidt-150x150.jpg 150w, https:\/\/cultura.sma.gob.ar\/wp-content\/uploads\/2020\/09\/flyer-Schmidt-768x768.jpg 768w, https:\/\/cultura.sma.gob.ar\/wp-content\/uploads\/2020\/09\/flyer-Schmidt-1536x1536.jpg 1536w, https:\/\/cultura.sma.gob.ar\/wp-content\/uploads\/2020\/09\/flyer-Schmidt-90x90.jpg 90w, https:\/\/cultura.sma.gob.ar\/wp-content\/uploads\/2020\/09\/flyer-Schmidt.jpg 1875w\" sizes=\"auto, (max-width: 1024px) 100vw, 1024px\" \/><\/figure>\n\n\n\n<p><strong><span style=\"text-decoration: underline;\">El cielo est\u00e1 vac\u00edo<\/span><\/strong><\/p>\n\n\n\n<p><strong>Sergio Schmidt<\/strong><\/p>\n\n\n\n<p class=\"has-text-align-justify\">Me gusta que las obras reflejen algo de lo que pasa en el taller cuando son creadas, constru\u00eddas. Algo de los errores, de los caminos inciertos que transitan, de las dudas. Algo de la desprolijidad de lo humano, la mancha, el accidente. Me gusta que las obras convivan una al lado de la otra, me es dif\u00edcil separarlas. Hay algo de continuidad entre ellas. A veces esa continuidad es clara, otras veces es casi imperceptible, pero siempre existe. Hoy libero algunas para que convivan, tensionen su presencia, se potencien o se destruyan mutuamente.<\/p>\n","protected":false},"excerpt":{"rendered":"<p>Desde el lunes 5 de octubre. <a href=\"https:\/\/cultura.sma.gob.ar\/?p=327\" class=\"more-link\">Continue reading <span class=\"screen-reader-text\">Tres nuevas muestras de pintura en la Sala Chapitel<\/span><\/a><\/p>\n","protected":false},"author":1,"featured_media":295,"comment_status":"closed","ping_status":"","sticky":false,"template":"","format":"image","meta":{"footnotes":""},"categories":[6,9],"tags":[],"class_list":["post-327","post","type-post","status-publish","format-image","has-post-thumbnail","hentry","category-sala-lidaura-chapitel","category-ultimas-noticias","post_format-post-format-image"],"_links":{"self":[{"href":"https:\/\/cultura.sma.gob.ar\/index.php?rest_route=\/wp\/v2\/posts\/327","targetHints":{"allow":["GET"]}}],"collection":[{"href":"https:\/\/cultura.sma.gob.ar\/index.php?rest_route=\/wp\/v2\/posts"}],"about":[{"href":"https:\/\/cultura.sma.gob.ar\/index.php?rest_route=\/wp\/v2\/types\/post"}],"author":[{"embeddable":true,"href":"https:\/\/cultura.sma.gob.ar\/index.php?rest_route=\/wp\/v2\/users\/1"}],"replies":[{"embeddable":true,"href":"https:\/\/cultura.sma.gob.ar\/index.php?rest_route=%2Fwp%2Fv2%2Fcomments&post=327"}],"version-history":[{"count":1,"href":"https:\/\/cultura.sma.gob.ar\/index.php?rest_route=\/wp\/v2\/posts\/327\/revisions"}],"predecessor-version":[{"id":331,"href":"https:\/\/cultura.sma.gob.ar\/index.php?rest_route=\/wp\/v2\/posts\/327\/revisions\/331"}],"wp:featuredmedia":[{"embeddable":true,"href":"https:\/\/cultura.sma.gob.ar\/index.php?rest_route=\/wp\/v2\/media\/295"}],"wp:attachment":[{"href":"https:\/\/cultura.sma.gob.ar\/index.php?rest_route=%2Fwp%2Fv2%2Fmedia&parent=327"}],"wp:term":[{"taxonomy":"category","embeddable":true,"href":"https:\/\/cultura.sma.gob.ar\/index.php?rest_route=%2Fwp%2Fv2%2Fcategories&post=327"},{"taxonomy":"post_tag","embeddable":true,"href":"https:\/\/cultura.sma.gob.ar\/index.php?rest_route=%2Fwp%2Fv2%2Ftags&post=327"}],"curies":[{"name":"wp","href":"https:\/\/api.w.org\/{rel}","templated":true}]}}