{"id":3255,"date":"2022-05-09T13:02:28","date_gmt":"2022-05-09T16:02:28","guid":{"rendered":"http:\/\/cultura.sma.gob.ar\/?p=3255"},"modified":"2022-05-09T13:02:28","modified_gmt":"2022-05-09T16:02:28","slug":"patagonia-clasica-2022-21-de-mayo-espacio-trama","status":"publish","type":"post","link":"https:\/\/cultura.sma.gob.ar\/?p=3255","title":{"rendered":"Patagonia Cl\u00e1sica 2022 \/ 21 de mayo \/ Espacio Trama"},"content":{"rendered":"\n<figure class=\"wp-block-image size-large\"><img loading=\"lazy\" decoding=\"async\" width=\"453\" height=\"700\" src=\"http:\/\/cultura.sma.gob.ar\/wp-content\/uploads\/2022\/05\/Flyer-Patagonia-Clasica-OTONO-2.jpg\" alt=\"\" class=\"wp-image-3256\" srcset=\"https:\/\/cultura.sma.gob.ar\/wp-content\/uploads\/2022\/05\/Flyer-Patagonia-Clasica-OTONO-2.jpg 453w, https:\/\/cultura.sma.gob.ar\/wp-content\/uploads\/2022\/05\/Flyer-Patagonia-Clasica-OTONO-2-194x300.jpg 194w, https:\/\/cultura.sma.gob.ar\/wp-content\/uploads\/2022\/05\/Flyer-Patagonia-Clasica-OTONO-2-58x90.jpg 58w\" sizes=\"auto, (max-width: 453px) 100vw, 453px\" \/><\/figure>\n\n\n\n<p>Patagonia Cl\u00e1sica 2022<br>Edici\u00f3n oto\u00f1o \u00a0<\/p>\n\n\n\n<p>El s\u00e1bado 21 de mayo, a las 21hs, se presentar\u00e1 en el Espacio Trama el Cuarteto de cuerdas Confluencias (Cipolletti), junto al cellista Benjam\u00edn B\u00e1ez (BsAs, Teatro Col\u00f3n), en la Edici\u00f3n Oto\u00f1o 2022 de Patagonia Cl\u00e1sica, organizada por Paloma Nogu\u00e9s.<br>Disfrutaremos de Tchaikovsky y Schubert, en esta nueva casa cultural de San Mart\u00edn de los Andes.<\/p>\n\n\n\n<p>\ud83d\uddd3\ufe0f S\u00e1bado 21\/05\/22, &nbsp;21hs<br>\ud83d\udccd Espacio Trama (Gral. Roca 310)<\/p>\n\n\n\n<p>Localidades limitadas.<br>\ufffd\ufffd Entradas $2500 \ufffd\ufffd<br>\ufffd\ufffd Boleter\u00eda Espacio Trama (Gral. Roca 310) Lunes a viernes de 14hs a 20hs<br>\ud83d\udcf2 +54 9 2944 906234<\/p>\n\n\n\n<p>El domingo 22 de mayo, a las 17.30hs, se presentar\u00e1 en el Club House de Valle Escondido, el Cuarteto de cuerdas Confluencias (Cipolletti), junto al cellista Benjam\u00edn B\u00e1ez (BsAs, Teatro Col\u00f3n), en la Edici\u00f3n Oto\u00f1o 2022 de Patagonia Cl\u00e1sica, organizada por Paloma Nogu\u00e9s.<br>Luego de una merienda ofrecida por el Rest\u00f3 Del Valle, disfrutaremos de Tchaikovsky y Schubert, en un ambiente natural maravilloso.<\/p>\n\n\n\n<p>\ud83d\uddd3\ufe0f Domingo 22\/05\/22, &nbsp;17.30hs<br>\ud83d\udccd Club House &#8211; Valle Escondido.<br>\u2615 Merienda inclu\u00edda<\/p>\n\n\n\n<p>Localidades limitadas.<br>\ufffd\ufffd Entradas $3500 \ufffd\ufffd<br>\ud83d\udcf2 +54 9 2944 906234<\/p>\n","protected":false},"excerpt":{"rendered":"<p>Patagonia Cl\u00e1sica 2022Edici\u00f3n oto\u00f1o \u00a0 El s\u00e1bado 21 de mayo, a las 21hs, se presentar\u00e1 en el Espacio Trama el Cuarteto de cuerdas Confluencias (Cipolletti), junto al cellista Benjam\u00edn B\u00e1ez (BsAs, Teatro Col\u00f3n), en la Edici\u00f3n Oto\u00f1o 2022 de Patagonia Cl\u00e1sica, organizada por Paloma Nogu\u00e9s.Disfrutaremos de Tchaikovsky y Schubert, en esta nueva casa cultural de San Mart\u00edn de los Andes. \ud83d\uddd3\ufe0f S\u00e1bado 21\/05\/22, &nbsp;21hs\ud83d\udccd Espacio &hellip; <a href=\"https:\/\/cultura.sma.gob.ar\/?p=3255\" class=\"more-link\">Continue reading <span class=\"screen-reader-text\">Patagonia Cl\u00e1sica 2022 \/ 21 de mayo \/ Espacio Trama<\/span><\/a><\/p>\n","protected":false},"author":1,"featured_media":297,"comment_status":"closed","ping_status":"","sticky":false,"template":"","format":"image","meta":{"footnotes":""},"categories":[2,9],"tags":[],"class_list":["post-3255","post","type-post","status-publish","format-image","has-post-thumbnail","hentry","category-ciudad-cultural","category-ultimas-noticias","post_format-post-format-image"],"_links":{"self":[{"href":"https:\/\/cultura.sma.gob.ar\/index.php?rest_route=\/wp\/v2\/posts\/3255","targetHints":{"allow":["GET"]}}],"collection":[{"href":"https:\/\/cultura.sma.gob.ar\/index.php?rest_route=\/wp\/v2\/posts"}],"about":[{"href":"https:\/\/cultura.sma.gob.ar\/index.php?rest_route=\/wp\/v2\/types\/post"}],"author":[{"embeddable":true,"href":"https:\/\/cultura.sma.gob.ar\/index.php?rest_route=\/wp\/v2\/users\/1"}],"replies":[{"embeddable":true,"href":"https:\/\/cultura.sma.gob.ar\/index.php?rest_route=%2Fwp%2Fv2%2Fcomments&post=3255"}],"version-history":[{"count":1,"href":"https:\/\/cultura.sma.gob.ar\/index.php?rest_route=\/wp\/v2\/posts\/3255\/revisions"}],"predecessor-version":[{"id":3257,"href":"https:\/\/cultura.sma.gob.ar\/index.php?rest_route=\/wp\/v2\/posts\/3255\/revisions\/3257"}],"wp:featuredmedia":[{"embeddable":true,"href":"https:\/\/cultura.sma.gob.ar\/index.php?rest_route=\/wp\/v2\/media\/297"}],"wp:attachment":[{"href":"https:\/\/cultura.sma.gob.ar\/index.php?rest_route=%2Fwp%2Fv2%2Fmedia&parent=3255"}],"wp:term":[{"taxonomy":"category","embeddable":true,"href":"https:\/\/cultura.sma.gob.ar\/index.php?rest_route=%2Fwp%2Fv2%2Fcategories&post=3255"},{"taxonomy":"post_tag","embeddable":true,"href":"https:\/\/cultura.sma.gob.ar\/index.php?rest_route=%2Fwp%2Fv2%2Ftags&post=3255"}],"curies":[{"name":"wp","href":"https:\/\/api.w.org\/{rel}","templated":true}]}}