{"id":3252,"date":"2022-05-09T12:59:35","date_gmt":"2022-05-09T15:59:35","guid":{"rendered":"http:\/\/cultura.sma.gob.ar\/?p=3252"},"modified":"2022-05-12T10:10:09","modified_gmt":"2022-05-12T13:10:09","slug":"i-jornada-cientifico-cultural-perinatal-20-de-mayo-salon-municipal","status":"publish","type":"post","link":"https:\/\/cultura.sma.gob.ar\/?p=3252","title":{"rendered":"&#8220;I JORNADA CIENT\u00cdFICO-CULTURAL PERINATAL&#8221; \/ 20 de mayo \/ Sal\u00f3n Municipal"},"content":{"rendered":"\n<figure class=\"wp-block-image size-large\"><img loading=\"lazy\" decoding=\"async\" width=\"844\" height=\"1024\" src=\"http:\/\/cultura.sma.gob.ar\/wp-content\/uploads\/2022\/05\/IMG-20220505-WA0016_2-844x1024.jpg\" alt=\"\" class=\"wp-image-3253\" srcset=\"https:\/\/cultura.sma.gob.ar\/wp-content\/uploads\/2022\/05\/IMG-20220505-WA0016_2-844x1024.jpg 844w, https:\/\/cultura.sma.gob.ar\/wp-content\/uploads\/2022\/05\/IMG-20220505-WA0016_2-247x300.jpg 247w, https:\/\/cultura.sma.gob.ar\/wp-content\/uploads\/2022\/05\/IMG-20220505-WA0016_2-768x932.jpg 768w, https:\/\/cultura.sma.gob.ar\/wp-content\/uploads\/2022\/05\/IMG-20220505-WA0016_2-74x90.jpg 74w, https:\/\/cultura.sma.gob.ar\/wp-content\/uploads\/2022\/05\/IMG-20220505-WA0016_2.jpg 904w\" sizes=\"auto, (max-width: 844px) 100vw, 844px\" \/><\/figure>\n\n\n\n<p>&#8220;I JORNADA CIENT\u00cdFICO-CULTURAL PERINATAL&#8221; en San Mart\u00edn de los Andes. Actividad abierta y gratuita para todas las familias, profesionales y comunidad. A realizarse el Viernes 20 de Mayo del 2022 en el sal\u00f3n Municipal desde las 9 hs.&nbsp;<\/p>\n\n\n\n<p>En conmemoraci\u00f3n del D\u00eda de la Salud mental materna y en el mes por un parto respetado, es que desde GAiA Acompa\u00f1amiento Integral Perinatal, pensamos y Gestamos dicha jornada con el siguiente nombre: &#8220;Tejiendo en comunidad otros modos de nacer: Prevenci\u00f3n desde el origen&#8221;. Organizamos est\u00e1 jornada para visibilizar y generar herramientas, estrategias y red local de cuidados.<\/p>\n\n\n\n<p>Cu\u00eddar al que cuida, ubicar a la madre como protagonista -portadora de una voz y un decir indiscutible- y a la familia como eje de las intervenciones y no objetos de esas.<\/p>\n\n\n\n<p>&#8220;Producir comunidad alrededor de los beb\u00e9s y los ni\u00f1os peque\u00f1os a trav\u00e9s de los libros, los cantos, los cuentos, los juegos, es una forma de cuidado afectivo, cultural y po\u00e9tico.\u00a0 \u00a0Quien cuida al que cr\u00eda, protege a la humanidad&#8221; nos dice M.Emilia L\u00f3pez, y as\u00ed lo creemos desde GAiA.<\/p>\n\n\n\n<figure class=\"wp-block-image size-large\"><img loading=\"lazy\" decoding=\"async\" width=\"723\" height=\"1024\" src=\"http:\/\/cultura.sma.gob.ar\/wp-content\/uploads\/2022\/05\/WhatsApp-Image-2022-05-05-at-1.15.14-PM-723x1024.jpeg\" alt=\"\" class=\"wp-image-3286\" srcset=\"https:\/\/cultura.sma.gob.ar\/wp-content\/uploads\/2022\/05\/WhatsApp-Image-2022-05-05-at-1.15.14-PM-723x1024.jpeg 723w, https:\/\/cultura.sma.gob.ar\/wp-content\/uploads\/2022\/05\/WhatsApp-Image-2022-05-05-at-1.15.14-PM-212x300.jpeg 212w, https:\/\/cultura.sma.gob.ar\/wp-content\/uploads\/2022\/05\/WhatsApp-Image-2022-05-05-at-1.15.14-PM-768x1087.jpeg 768w, https:\/\/cultura.sma.gob.ar\/wp-content\/uploads\/2022\/05\/WhatsApp-Image-2022-05-05-at-1.15.14-PM-64x90.jpeg 64w, https:\/\/cultura.sma.gob.ar\/wp-content\/uploads\/2022\/05\/WhatsApp-Image-2022-05-05-at-1.15.14-PM.jpeg 904w\" sizes=\"auto, (max-width: 723px) 100vw, 723px\" \/><\/figure>\n\n\n\n<figure class=\"wp-block-image size-large\"><img loading=\"lazy\" decoding=\"async\" width=\"723\" height=\"1024\" src=\"http:\/\/cultura.sma.gob.ar\/wp-content\/uploads\/2022\/05\/WhatsApp-Image-2022-05-05-at-1.15.12-PM-723x1024.jpeg\" alt=\"\" class=\"wp-image-3287\" srcset=\"https:\/\/cultura.sma.gob.ar\/wp-content\/uploads\/2022\/05\/WhatsApp-Image-2022-05-05-at-1.15.12-PM-723x1024.jpeg 723w, https:\/\/cultura.sma.gob.ar\/wp-content\/uploads\/2022\/05\/WhatsApp-Image-2022-05-05-at-1.15.12-PM-212x300.jpeg 212w, https:\/\/cultura.sma.gob.ar\/wp-content\/uploads\/2022\/05\/WhatsApp-Image-2022-05-05-at-1.15.12-PM-768x1087.jpeg 768w, https:\/\/cultura.sma.gob.ar\/wp-content\/uploads\/2022\/05\/WhatsApp-Image-2022-05-05-at-1.15.12-PM-64x90.jpeg 64w, https:\/\/cultura.sma.gob.ar\/wp-content\/uploads\/2022\/05\/WhatsApp-Image-2022-05-05-at-1.15.12-PM.jpeg 904w\" sizes=\"auto, (max-width: 723px) 100vw, 723px\" \/><\/figure>\n\n\n\n<figure class=\"wp-block-image size-large\"><img loading=\"lazy\" decoding=\"async\" width=\"723\" height=\"1024\" src=\"http:\/\/cultura.sma.gob.ar\/wp-content\/uploads\/2022\/05\/WhatsApp-Image-2022-05-05-at-1.15.14-PM-1-723x1024.jpeg\" alt=\"\" class=\"wp-image-3288\" srcset=\"https:\/\/cultura.sma.gob.ar\/wp-content\/uploads\/2022\/05\/WhatsApp-Image-2022-05-05-at-1.15.14-PM-1-723x1024.jpeg 723w, https:\/\/cultura.sma.gob.ar\/wp-content\/uploads\/2022\/05\/WhatsApp-Image-2022-05-05-at-1.15.14-PM-1-212x300.jpeg 212w, https:\/\/cultura.sma.gob.ar\/wp-content\/uploads\/2022\/05\/WhatsApp-Image-2022-05-05-at-1.15.14-PM-1-768x1087.jpeg 768w, https:\/\/cultura.sma.gob.ar\/wp-content\/uploads\/2022\/05\/WhatsApp-Image-2022-05-05-at-1.15.14-PM-1-64x90.jpeg 64w, https:\/\/cultura.sma.gob.ar\/wp-content\/uploads\/2022\/05\/WhatsApp-Image-2022-05-05-at-1.15.14-PM-1.jpeg 904w\" sizes=\"auto, (max-width: 723px) 100vw, 723px\" \/><\/figure>\n\n\n\n<figure class=\"wp-block-image size-large\"><img loading=\"lazy\" decoding=\"async\" width=\"723\" height=\"1024\" src=\"http:\/\/cultura.sma.gob.ar\/wp-content\/uploads\/2022\/05\/WhatsApp-Image-2022-05-05-at-1.15.15-PM-723x1024.jpeg\" alt=\"\" class=\"wp-image-3289\" srcset=\"https:\/\/cultura.sma.gob.ar\/wp-content\/uploads\/2022\/05\/WhatsApp-Image-2022-05-05-at-1.15.15-PM-723x1024.jpeg 723w, https:\/\/cultura.sma.gob.ar\/wp-content\/uploads\/2022\/05\/WhatsApp-Image-2022-05-05-at-1.15.15-PM-212x300.jpeg 212w, https:\/\/cultura.sma.gob.ar\/wp-content\/uploads\/2022\/05\/WhatsApp-Image-2022-05-05-at-1.15.15-PM-768x1087.jpeg 768w, https:\/\/cultura.sma.gob.ar\/wp-content\/uploads\/2022\/05\/WhatsApp-Image-2022-05-05-at-1.15.15-PM-64x90.jpeg 64w, https:\/\/cultura.sma.gob.ar\/wp-content\/uploads\/2022\/05\/WhatsApp-Image-2022-05-05-at-1.15.15-PM.jpeg 904w\" sizes=\"auto, (max-width: 723px) 100vw, 723px\" \/><\/figure>\n\n\n\n<figure class=\"wp-block-image size-large\"><img loading=\"lazy\" decoding=\"async\" width=\"585\" height=\"1024\" src=\"http:\/\/cultura.sma.gob.ar\/wp-content\/uploads\/2022\/05\/WhatsApp-Image-2022-05-05-at-1.15.15-PM-1-585x1024.jpeg\" alt=\"\" class=\"wp-image-3290\" srcset=\"https:\/\/cultura.sma.gob.ar\/wp-content\/uploads\/2022\/05\/WhatsApp-Image-2022-05-05-at-1.15.15-PM-1-585x1024.jpeg 585w, https:\/\/cultura.sma.gob.ar\/wp-content\/uploads\/2022\/05\/WhatsApp-Image-2022-05-05-at-1.15.15-PM-1-171x300.jpeg 171w, https:\/\/cultura.sma.gob.ar\/wp-content\/uploads\/2022\/05\/WhatsApp-Image-2022-05-05-at-1.15.15-PM-1-51x90.jpeg 51w, https:\/\/cultura.sma.gob.ar\/wp-content\/uploads\/2022\/05\/WhatsApp-Image-2022-05-05-at-1.15.15-PM-1.jpeg 600w\" sizes=\"auto, (max-width: 585px) 100vw, 585px\" \/><\/figure>\n","protected":false},"excerpt":{"rendered":"<p>&#8220;I JORNADA CIENT\u00cdFICO-CULTURAL PERINATAL&#8221; en San Mart\u00edn de los Andes. Actividad abierta y gratuita para todas las familias, profesionales y comunidad. A realizarse el Viernes 20 de Mayo del 2022 en el sal\u00f3n Municipal desde las 9 hs.&nbsp; En conmemoraci\u00f3n del D\u00eda de la Salud mental materna y en el mes por un parto respetado, es que desde GAiA Acompa\u00f1amiento Integral Perinatal, pensamos y Gestamos &hellip; <a href=\"https:\/\/cultura.sma.gob.ar\/?p=3252\" class=\"more-link\">Continue reading <span class=\"screen-reader-text\">&#8220;I JORNADA CIENT\u00cdFICO-CULTURAL PERINATAL&#8221; \/ 20 de mayo \/ Sal\u00f3n Municipal<\/span><\/a><\/p>\n","protected":false},"author":1,"featured_media":297,"comment_status":"closed","ping_status":"","sticky":false,"template":"","format":"image","meta":{"footnotes":""},"categories":[2,9],"tags":[],"class_list":["post-3252","post","type-post","status-publish","format-image","has-post-thumbnail","hentry","category-ciudad-cultural","category-ultimas-noticias","post_format-post-format-image"],"_links":{"self":[{"href":"https:\/\/cultura.sma.gob.ar\/index.php?rest_route=\/wp\/v2\/posts\/3252","targetHints":{"allow":["GET"]}}],"collection":[{"href":"https:\/\/cultura.sma.gob.ar\/index.php?rest_route=\/wp\/v2\/posts"}],"about":[{"href":"https:\/\/cultura.sma.gob.ar\/index.php?rest_route=\/wp\/v2\/types\/post"}],"author":[{"embeddable":true,"href":"https:\/\/cultura.sma.gob.ar\/index.php?rest_route=\/wp\/v2\/users\/1"}],"replies":[{"embeddable":true,"href":"https:\/\/cultura.sma.gob.ar\/index.php?rest_route=%2Fwp%2Fv2%2Fcomments&post=3252"}],"version-history":[{"count":3,"href":"https:\/\/cultura.sma.gob.ar\/index.php?rest_route=\/wp\/v2\/posts\/3252\/revisions"}],"predecessor-version":[{"id":3291,"href":"https:\/\/cultura.sma.gob.ar\/index.php?rest_route=\/wp\/v2\/posts\/3252\/revisions\/3291"}],"wp:featuredmedia":[{"embeddable":true,"href":"https:\/\/cultura.sma.gob.ar\/index.php?rest_route=\/wp\/v2\/media\/297"}],"wp:attachment":[{"href":"https:\/\/cultura.sma.gob.ar\/index.php?rest_route=%2Fwp%2Fv2%2Fmedia&parent=3252"}],"wp:term":[{"taxonomy":"category","embeddable":true,"href":"https:\/\/cultura.sma.gob.ar\/index.php?rest_route=%2Fwp%2Fv2%2Fcategories&post=3252"},{"taxonomy":"post_tag","embeddable":true,"href":"https:\/\/cultura.sma.gob.ar\/index.php?rest_route=%2Fwp%2Fv2%2Ftags&post=3252"}],"curies":[{"name":"wp","href":"https:\/\/api.w.org\/{rel}","templated":true}]}}