{"id":325,"date":"2020-09-29T16:34:45","date_gmt":"2020-09-29T19:34:45","guid":{"rendered":"http:\/\/cultura.sma.gob.ar\/?p=325"},"modified":"2020-09-29T16:34:45","modified_gmt":"2020-09-29T19:34:45","slug":"edicion-especial-de-la-feria-del-libro-2020","status":"publish","type":"post","link":"https:\/\/cultura.sma.gob.ar\/?p=325","title":{"rendered":"Edici\u00f3n especial de la Feria del Libro 2020"},"content":{"rendered":"\n\n\n<p>La Secretar\u00eda de Cultura invita a todas aquellas personas interesadas en participar en la organizaci\u00f3n de esta edici\u00f3n especial de la Feria del Libro, a que env\u00eden un e-mail a <a href=\"mailto:feriadellibro@smandes.gov.ar\" target=\"_blank\" rel=\"noreferrer noopener\">feriadellibro@smandes.gov.ar<\/a> con sus datos de contacto.&nbsp;<\/p>\n\n\n\n<p>De esta forma, se los incluir\u00e1 en las comunicaciones y ser\u00e1n invitados a las reuniones necesarias.<\/p>\n","protected":false},"excerpt":{"rendered":"<p>Convocatoria a participar. <a href=\"https:\/\/cultura.sma.gob.ar\/?p=325\" class=\"more-link\">Continue reading <span class=\"screen-reader-text\">Edici\u00f3n especial de la Feria del Libro 2020<\/span><\/a><\/p>\n","protected":false},"author":1,"featured_media":296,"comment_status":"closed","ping_status":"","sticky":false,"template":"","format":"image","meta":{"footnotes":""},"categories":[3,9],"tags":[],"class_list":["post-325","post","type-post","status-publish","format-image","has-post-thumbnail","hentry","category-eventos-cultura","category-ultimas-noticias","post_format-post-format-image"],"_links":{"self":[{"href":"https:\/\/cultura.sma.gob.ar\/index.php?rest_route=\/wp\/v2\/posts\/325","targetHints":{"allow":["GET"]}}],"collection":[{"href":"https:\/\/cultura.sma.gob.ar\/index.php?rest_route=\/wp\/v2\/posts"}],"about":[{"href":"https:\/\/cultura.sma.gob.ar\/index.php?rest_route=\/wp\/v2\/types\/post"}],"author":[{"embeddable":true,"href":"https:\/\/cultura.sma.gob.ar\/index.php?rest_route=\/wp\/v2\/users\/1"}],"replies":[{"embeddable":true,"href":"https:\/\/cultura.sma.gob.ar\/index.php?rest_route=%2Fwp%2Fv2%2Fcomments&post=325"}],"version-history":[{"count":1,"href":"https:\/\/cultura.sma.gob.ar\/index.php?rest_route=\/wp\/v2\/posts\/325\/revisions"}],"predecessor-version":[{"id":326,"href":"https:\/\/cultura.sma.gob.ar\/index.php?rest_route=\/wp\/v2\/posts\/325\/revisions\/326"}],"wp:featuredmedia":[{"embeddable":true,"href":"https:\/\/cultura.sma.gob.ar\/index.php?rest_route=\/wp\/v2\/media\/296"}],"wp:attachment":[{"href":"https:\/\/cultura.sma.gob.ar\/index.php?rest_route=%2Fwp%2Fv2%2Fmedia&parent=325"}],"wp:term":[{"taxonomy":"category","embeddable":true,"href":"https:\/\/cultura.sma.gob.ar\/index.php?rest_route=%2Fwp%2Fv2%2Fcategories&post=325"},{"taxonomy":"post_tag","embeddable":true,"href":"https:\/\/cultura.sma.gob.ar\/index.php?rest_route=%2Fwp%2Fv2%2Ftags&post=325"}],"curies":[{"name":"wp","href":"https:\/\/api.w.org\/{rel}","templated":true}]}}