{"id":3249,"date":"2022-05-09T12:58:02","date_gmt":"2022-05-09T15:58:02","guid":{"rendered":"http:\/\/cultura.sma.gob.ar\/?p=3249"},"modified":"2022-05-09T12:58:02","modified_gmt":"2022-05-09T15:58:02","slug":"estacion-central-12-de-mayo-gunther-blaas-centro-cultural-cotesma","status":"publish","type":"post","link":"https:\/\/cultura.sma.gob.ar\/?p=3249","title":{"rendered":"Estaci\u00f3n Central \/ 12 de mayo \/ G\u00fcnther Blaas \/ Centro Cultural Cotesma"},"content":{"rendered":"\n<figure class=\"wp-block-image size-large\"><img loading=\"lazy\" decoding=\"async\" width=\"742\" height=\"1024\" src=\"http:\/\/cultura.sma.gob.ar\/wp-content\/uploads\/2022\/05\/Estacion-Central-Afiche-JPEG-742x1024.jpg\" alt=\"\" class=\"wp-image-3250\" srcset=\"https:\/\/cultura.sma.gob.ar\/wp-content\/uploads\/2022\/05\/Estacion-Central-Afiche-JPEG-742x1024.jpg 742w, https:\/\/cultura.sma.gob.ar\/wp-content\/uploads\/2022\/05\/Estacion-Central-Afiche-JPEG-217x300.jpg 217w, https:\/\/cultura.sma.gob.ar\/wp-content\/uploads\/2022\/05\/Estacion-Central-Afiche-JPEG-768x1060.jpg 768w, https:\/\/cultura.sma.gob.ar\/wp-content\/uploads\/2022\/05\/Estacion-Central-Afiche-JPEG-65x90.jpg 65w, https:\/\/cultura.sma.gob.ar\/wp-content\/uploads\/2022\/05\/Estacion-Central-Afiche-JPEG.jpg 774w\" sizes=\"auto, (max-width: 742px) 100vw, 742px\" \/><\/figure>\n\n\n\n<p>El pr\u00f3ximo jueves, 12 de Mayo a las 20:30hs en la Sala G\u00fcnther Blaas del Centro Cultural Cotesma, continuamos con la 6ta. Temporada de Proyecciones a la gorra. Como los a\u00f1os anteriores, la programaci\u00f3n y la presentaci\u00f3n est\u00e1 a cargo de Guillermo Ianniello, este a\u00f1o a beneficio del Club de Leones San Mart\u00edn de los Andes \u2013 Chapelco.<br>Siguiendo con el Ciclo N\u00b032 (Segundo de este a\u00f1o), titulado \u201cUN PASEO POR AM\u00c9RICA\u201d, se proyectar\u00e1 \u201cESTACI\u00d3N CENTRAL\u201d dirigida por Walter Salles y protagonizada por Vinicius de Oliveira, Marilia Pera y Fernanda Montenegro.<\/p>\n\n\n\n<p><strong>\u201cEstaci\u00f3n Central\u201d<\/strong>. (1998-Color)<br>Gran pel\u00edcula. Te atrapa desde el principio y ya no te suelta. Me produjo un r\u00edo de emociones.<br>Fernanda Montenegro es una actriz de raza, como pueden ser Bette Davis o Meryl Streep.<\/p>\n\n\n\n<p>La trama es insuperable. El gui\u00f3n, sencillamente soberbio.<\/p>\n\n\n\n<p>Es la historia entre dos hu\u00e9rfanos incompletos, de dos almas a la deriva que se complementan el uno al otro, ya que para la se\u00f1ora ese ni\u00f1o es el hijo\/nieto que nunca tuvo ni tendr\u00e1, mientras que para el ni\u00f1o es el sustitutivo r\u00e1pido, tierno, cercano, de la madre muerta.<br>Estaci\u00f3n Central de Brasil es una pel\u00edcula maravillosa, un drama muy humano y muy cercano a cualquier rinc\u00f3n de este mundo.<\/p>\n\n\n\n<p>El director nos sumerge de forma magistral en esta historia de superaci\u00f3n, contada con el coraz\u00f3n, que nos da la esperanza que a\u00fan hay personas en el mundo que se ayudan unas a otras, sean como sean y de donde sean, y lo describe en una narraci\u00f3n delicada, sencilla, directa, l\u00edrica, emotiva y emocionante, logrando una gran pel\u00edcula.<\/p>\n\n\n\n<p>Es pura poes\u00eda.<\/p>\n\n\n\n<p>Adem\u00e1s, los personajes de los dos hermanos carpinteros son un derroche de humanidad. Enamoran desde el momento en que aparecen.<br>La banda sonora es estupenda, de corte minimalista.<br>En definitiva, si quieres&nbsp;<strong>sentir con may\u00fasculas<\/strong>, no te la pierdas. Porque, adem\u00e1s, nunca la olvidar\u00e1s\u2026<\/p>\n\n\n\n<p>Duraci\u00f3n: 1 h. 55\u00b4 \u2013<\/p>\n\n\n\n<p>Este Ciclo&nbsp;<strong>(N\u00b0 32)<\/strong>&nbsp;incluye tambi\u00e9n las siguientes pel\u00edculas:<br>*7 Cajas (Paraguay)<br>*La Odisea de los Giles (Argentina)<\/p>\n","protected":false},"excerpt":{"rendered":"<p>El pr\u00f3ximo jueves, 12 de Mayo a las 20:30hs en la Sala G\u00fcnther Blaas del Centro Cultural Cotesma, continuamos con la 6ta. Temporada de Proyecciones a la gorra. Como los a\u00f1os anteriores, la programaci\u00f3n y la presentaci\u00f3n est\u00e1 a cargo de Guillermo Ianniello, este a\u00f1o a beneficio del Club de Leones San Mart\u00edn de los Andes \u2013 Chapelco.Siguiendo con el Ciclo N\u00b032 (Segundo de este &hellip; <a href=\"https:\/\/cultura.sma.gob.ar\/?p=3249\" class=\"more-link\">Continue reading <span class=\"screen-reader-text\">Estaci\u00f3n Central \/ 12 de mayo \/ G\u00fcnther Blaas \/ Centro Cultural Cotesma<\/span><\/a><\/p>\n","protected":false},"author":1,"featured_media":297,"comment_status":"closed","ping_status":"","sticky":false,"template":"","format":"image","meta":{"footnotes":""},"categories":[2,9],"tags":[],"class_list":["post-3249","post","type-post","status-publish","format-image","has-post-thumbnail","hentry","category-ciudad-cultural","category-ultimas-noticias","post_format-post-format-image"],"_links":{"self":[{"href":"https:\/\/cultura.sma.gob.ar\/index.php?rest_route=\/wp\/v2\/posts\/3249","targetHints":{"allow":["GET"]}}],"collection":[{"href":"https:\/\/cultura.sma.gob.ar\/index.php?rest_route=\/wp\/v2\/posts"}],"about":[{"href":"https:\/\/cultura.sma.gob.ar\/index.php?rest_route=\/wp\/v2\/types\/post"}],"author":[{"embeddable":true,"href":"https:\/\/cultura.sma.gob.ar\/index.php?rest_route=\/wp\/v2\/users\/1"}],"replies":[{"embeddable":true,"href":"https:\/\/cultura.sma.gob.ar\/index.php?rest_route=%2Fwp%2Fv2%2Fcomments&post=3249"}],"version-history":[{"count":1,"href":"https:\/\/cultura.sma.gob.ar\/index.php?rest_route=\/wp\/v2\/posts\/3249\/revisions"}],"predecessor-version":[{"id":3251,"href":"https:\/\/cultura.sma.gob.ar\/index.php?rest_route=\/wp\/v2\/posts\/3249\/revisions\/3251"}],"wp:featuredmedia":[{"embeddable":true,"href":"https:\/\/cultura.sma.gob.ar\/index.php?rest_route=\/wp\/v2\/media\/297"}],"wp:attachment":[{"href":"https:\/\/cultura.sma.gob.ar\/index.php?rest_route=%2Fwp%2Fv2%2Fmedia&parent=3249"}],"wp:term":[{"taxonomy":"category","embeddable":true,"href":"https:\/\/cultura.sma.gob.ar\/index.php?rest_route=%2Fwp%2Fv2%2Fcategories&post=3249"},{"taxonomy":"post_tag","embeddable":true,"href":"https:\/\/cultura.sma.gob.ar\/index.php?rest_route=%2Fwp%2Fv2%2Ftags&post=3249"}],"curies":[{"name":"wp","href":"https:\/\/api.w.org\/{rel}","templated":true}]}}