{"id":3246,"date":"2022-05-09T12:54:45","date_gmt":"2022-05-09T15:54:45","guid":{"rendered":"http:\/\/cultura.sma.gob.ar\/?p=3246"},"modified":"2022-05-09T12:54:45","modified_gmt":"2022-05-09T15:54:45","slug":"sin-senal-14-de-mayo-centro-cultural-cotesma","status":"publish","type":"post","link":"https:\/\/cultura.sma.gob.ar\/?p=3246","title":{"rendered":"\u201cSIN SE\u00d1AL\u201d \/ 14 de mayo \/ Centro Cultural Cotesma"},"content":{"rendered":"\n<figure class=\"wp-block-image size-large\"><img loading=\"lazy\" decoding=\"async\" width=\"1024\" height=\"1024\" src=\"http:\/\/cultura.sma.gob.ar\/wp-content\/uploads\/2022\/05\/Flyer-SIN-SENAL-14-05-1024x1024.jpg\" alt=\"\" class=\"wp-image-3247\" srcset=\"https:\/\/cultura.sma.gob.ar\/wp-content\/uploads\/2022\/05\/Flyer-SIN-SENAL-14-05-1024x1024.jpg 1024w, https:\/\/cultura.sma.gob.ar\/wp-content\/uploads\/2022\/05\/Flyer-SIN-SENAL-14-05-300x300.jpg 300w, https:\/\/cultura.sma.gob.ar\/wp-content\/uploads\/2022\/05\/Flyer-SIN-SENAL-14-05-150x150.jpg 150w, https:\/\/cultura.sma.gob.ar\/wp-content\/uploads\/2022\/05\/Flyer-SIN-SENAL-14-05-768x768.jpg 768w, https:\/\/cultura.sma.gob.ar\/wp-content\/uploads\/2022\/05\/Flyer-SIN-SENAL-14-05-90x90.jpg 90w, https:\/\/cultura.sma.gob.ar\/wp-content\/uploads\/2022\/05\/Flyer-SIN-SENAL-14-05.jpg 1080w\" sizes=\"auto, (max-width: 1024px) 100vw, 1024px\" \/><\/figure>\n\n\n\n<p>El pr\u00f3ximo s\u00e1bado, 14 de mayo a las 20:30hs, regresa, para hacer su gran despedida, \u201cSIN SE\u00d1AL\u201d a la Sala Amankay.<\/p>\n\n\n\n<p>&#8221;<em>Com\u00ed civilizaci\u00f3n, pero me sent\u00ed tan mal que me enferm\u00e9\u201d (Aldous Huxley).<br><\/em>La b\u00fasqueda de una conexi\u00f3n perdida. \u00bfQu\u00e9 queda dentro nuestro de otros tiempos? \u00bfQu\u00e9 queda fuera nuestro de este tiempo? Cuerpos atravesados por contradicciones sociales, cuerpos enteros o fragmentados, cuerpos en pedazos que se encuentran mientras siguen buscando\u2026<br>\u201cSIN SE\u00d1AL\u201d es una invitaci\u00f3n a sentir, a experimentar, a dejarse atravesar por este mundo discontinuo entre lo humano y no humano, la p\u00e9rdida de sentido y la continuidad material.<br><br><strong>Concepto:<\/strong><br>SIN SE\u00d1AL, se cre\u00f3 usando como disparador un mundo dist\u00f3pico, o no tanto, que fue tomado por el pl\u00e1stico. Estas mujeres perdieron todo tipo de conexi\u00f3n, interna y externa e intentan encontrarse y redescubrirse en este nuevo mundo, a veces de terror, ciencia ficci\u00f3n y sin gravedad; otras veces de amor y de instintos a flor de piel.<br>Ellas traen el registro del mundo anterior, ese que expuso sus cuerpos esperables, sus movimientos esperables, sus cuerpos como producto, como material desechable, como pl\u00e1stico.<br>Los pl\u00e1sticos en la obra son predominantes, modifican realmente los cuerpos y la escena. Es un material cambiante que facilita y obstruye en todo momento.<br>La obra es an\u00e1rquica, no tiene un sentido lineal ni lleva a una \u00fanica conclusi\u00f3n.\u00a0<br><br><strong>Rese\u00f1a de la compa\u00f1\u00eda:<\/strong><br>La compa\u00f1\u00eda FUERA DE LUGAR se conform\u00f3 en el a\u00f1o 2020 dentro del contexto de pandemia, la cual impact\u00f3 profundamente en las ideas y formas de creaci\u00f3n. El motor de ese encuentro fue poner a dialogar distintos lenguajes art\u00edsticos al servicio de una experimentaci\u00f3n que permitiera atravesar la realidad que se presentaba. Sus integrantes son Maite Arana, Sol Lence, Romina Farias, Denise Francese y Stefania Mateu quienes residen actualmente en la ciudad de San Mart\u00edn de los Andes. La obra \u201cSIN SE\u00d1AL\u201d es una creaci\u00f3n colectiva gestada a trav\u00e9s de diferentes visiones en base a un disparador que nos atravesaba en ese momento. Esta obra cuenta con el apoyo del INT (Instituto Nacional de Teatro) y con la direcci\u00f3n de Jorgelina Balsa.<br><br><a rel=\"noreferrer noopener\" href=\"https:\/\/correo.smandes.gov.ar\/owa\/redir.aspx?C=a01c9a8c08814ee19b2638e24a14125f&amp;URL=http%3a%2f%2fwww.instagram.com%2fcia.fueradelugar\" target=\"_blank\">www.instagram.com\/cia.fueradelugar<br><br><\/a>Entrada General $700 .En venta en la boleteria del Centro Cultural Cotesma<br><br><strong><u>Integrantes<\/u><\/strong>:<\/p>\n\n\n\n<ul class=\"wp-block-list\"><li>Maite Arana<\/li><li>Sol Lence<\/li><li>Romina Farias<\/li><li>Denise Francese<\/li><li>Stefania Mateu<\/li><\/ul>\n\n\n\n<p><strong><u>Idea<\/u><\/strong>:&nbsp;<\/p>\n\n\n\n<ul class=\"wp-block-list\"><li>Stefania Mateu<\/li><\/ul>\n\n\n\n<p><strong><u>Creaci\u00f3n<\/u><\/strong>:&nbsp;<\/p>\n\n\n\n<ul class=\"wp-block-list\"><li>Colectiva<\/li><\/ul>\n\n\n\n<p><strong><u>Direcci\u00f3n<\/u><\/strong>:&nbsp;<\/p>\n\n\n\n<ul class=\"wp-block-list\"><li>Jorgelina Balsa<\/li><\/ul>\n\n\n\n<p><strong><u>Fotograf\u00eda<\/u><\/strong>:<\/p>\n\n\n\n<ul class=\"wp-block-list\"><li>Leonardo Guevara<\/li><\/ul>\n\n\n\n<p><strong><u>Dise\u00f1o gr\u00e1fico<\/u><\/strong>:<\/p>\n\n\n\n<ul class=\"wp-block-list\"><li>Maria Sol Lence<\/li><\/ul>\n\n\n\n<p><strong><u>Ilustraciones<\/u><\/strong>:<\/p>\n\n\n\n<ul class=\"wp-block-list\"><li>Denise Francese<\/li><\/ul>\n\n\n\n<p><strong><u>Vestuario<\/u><\/strong>:<\/p>\n\n\n\n<ul class=\"wp-block-list\"><li>Andrea Ferraris<\/li><\/ul>\n\n\n\n<p><strong><u>Dise\u00f1o de Luces<\/u><\/strong>:<\/p>\n\n\n\n<ul class=\"wp-block-list\"><li>Cachi<\/li><\/ul>\n\n\n\n<p><strong><u>G\u00e9nero<\/u><\/strong>:<\/p>\n\n\n\n<ul class=\"wp-block-list\"><li>Danza Teatro<\/li><\/ul>\n\n\n\n<p><strong><u>Lenguaje<\/u><\/strong>:<\/p>\n\n\n\n<ul class=\"wp-block-list\"><li>Dist\u00f3pico, universal.&nbsp;<\/li><\/ul>\n\n\n\n<p><strong><u>P\u00fablico<\/u><\/strong>:<\/p>\n\n\n\n<ul class=\"wp-block-list\"><li>Adolescentes y adultos.<\/li><\/ul>\n","protected":false},"excerpt":{"rendered":"<p>El pr\u00f3ximo s\u00e1bado, 14 de mayo a las 20:30hs, regresa, para hacer su gran despedida, \u201cSIN SE\u00d1AL\u201d a la Sala Amankay. &#8221;Com\u00ed civilizaci\u00f3n, pero me sent\u00ed tan mal que me enferm\u00e9\u201d (Aldous Huxley).La b\u00fasqueda de una conexi\u00f3n perdida. \u00bfQu\u00e9 queda dentro nuestro de otros tiempos? \u00bfQu\u00e9 queda fuera nuestro de este tiempo? Cuerpos atravesados por contradicciones sociales, cuerpos enteros o fragmentados, cuerpos en pedazos que &hellip; <a href=\"https:\/\/cultura.sma.gob.ar\/?p=3246\" class=\"more-link\">Continue reading <span class=\"screen-reader-text\">\u201cSIN SE\u00d1AL\u201d \/ 14 de mayo \/ Centro Cultural Cotesma<\/span><\/a><\/p>\n","protected":false},"author":1,"featured_media":297,"comment_status":"closed","ping_status":"","sticky":false,"template":"","format":"image","meta":{"footnotes":""},"categories":[2,9],"tags":[],"class_list":["post-3246","post","type-post","status-publish","format-image","has-post-thumbnail","hentry","category-ciudad-cultural","category-ultimas-noticias","post_format-post-format-image"],"_links":{"self":[{"href":"https:\/\/cultura.sma.gob.ar\/index.php?rest_route=\/wp\/v2\/posts\/3246","targetHints":{"allow":["GET"]}}],"collection":[{"href":"https:\/\/cultura.sma.gob.ar\/index.php?rest_route=\/wp\/v2\/posts"}],"about":[{"href":"https:\/\/cultura.sma.gob.ar\/index.php?rest_route=\/wp\/v2\/types\/post"}],"author":[{"embeddable":true,"href":"https:\/\/cultura.sma.gob.ar\/index.php?rest_route=\/wp\/v2\/users\/1"}],"replies":[{"embeddable":true,"href":"https:\/\/cultura.sma.gob.ar\/index.php?rest_route=%2Fwp%2Fv2%2Fcomments&post=3246"}],"version-history":[{"count":1,"href":"https:\/\/cultura.sma.gob.ar\/index.php?rest_route=\/wp\/v2\/posts\/3246\/revisions"}],"predecessor-version":[{"id":3248,"href":"https:\/\/cultura.sma.gob.ar\/index.php?rest_route=\/wp\/v2\/posts\/3246\/revisions\/3248"}],"wp:featuredmedia":[{"embeddable":true,"href":"https:\/\/cultura.sma.gob.ar\/index.php?rest_route=\/wp\/v2\/media\/297"}],"wp:attachment":[{"href":"https:\/\/cultura.sma.gob.ar\/index.php?rest_route=%2Fwp%2Fv2%2Fmedia&parent=3246"}],"wp:term":[{"taxonomy":"category","embeddable":true,"href":"https:\/\/cultura.sma.gob.ar\/index.php?rest_route=%2Fwp%2Fv2%2Fcategories&post=3246"},{"taxonomy":"post_tag","embeddable":true,"href":"https:\/\/cultura.sma.gob.ar\/index.php?rest_route=%2Fwp%2Fv2%2Ftags&post=3246"}],"curies":[{"name":"wp","href":"https:\/\/api.w.org\/{rel}","templated":true}]}}