{"id":3243,"date":"2022-05-09T12:52:16","date_gmt":"2022-05-09T15:52:16","guid":{"rendered":"http:\/\/cultura.sma.gob.ar\/?p=3243"},"modified":"2022-05-09T12:52:16","modified_gmt":"2022-05-09T15:52:16","slug":"variete-pequenas-historias-de-circo-13-de-mayo-centro-cultural-cotesma","status":"publish","type":"post","link":"https:\/\/cultura.sma.gob.ar\/?p=3243","title":{"rendered":"Variet\u00e9 \u201cPEQUE\u00d1AS HISTORIAS DE CIRCO\u201d \/ 13 de mayo \/ Centro Cultural Cotesma"},"content":{"rendered":"\n<figure class=\"wp-block-image size-large\"><img loading=\"lazy\" decoding=\"async\" width=\"1024\" height=\"1024\" src=\"http:\/\/cultura.sma.gob.ar\/wp-content\/uploads\/2022\/05\/Flyer-Variete-13-de-mayo-1024x1024.jpg\" alt=\"\" class=\"wp-image-3244\" srcset=\"https:\/\/cultura.sma.gob.ar\/wp-content\/uploads\/2022\/05\/Flyer-Variete-13-de-mayo-1024x1024.jpg 1024w, https:\/\/cultura.sma.gob.ar\/wp-content\/uploads\/2022\/05\/Flyer-Variete-13-de-mayo-300x300.jpg 300w, https:\/\/cultura.sma.gob.ar\/wp-content\/uploads\/2022\/05\/Flyer-Variete-13-de-mayo-150x150.jpg 150w, https:\/\/cultura.sma.gob.ar\/wp-content\/uploads\/2022\/05\/Flyer-Variete-13-de-mayo-768x768.jpg 768w, https:\/\/cultura.sma.gob.ar\/wp-content\/uploads\/2022\/05\/Flyer-Variete-13-de-mayo-90x90.jpg 90w, https:\/\/cultura.sma.gob.ar\/wp-content\/uploads\/2022\/05\/Flyer-Variete-13-de-mayo.jpg 1280w\" sizes=\"auto, (max-width: 1024px) 100vw, 1024px\" \/><\/figure>\n\n\n\n<p>El pr\u00f3ximo viernes, 13 de mayo, a las 19hs en nuestra querida Sala Amankay, compartiremos una imperdible tarde circense de la mano de la Variet\u00e9 \u201cPEQUE\u00d1AS HISTORIAS DE CIRCO\u201d.<\/p>\n\n\n\n<p>Un espect\u00e1culo de show fusi\u00f3n destinado a las infancias y familias que quieran disfrutar de peque\u00f1as historias de circo, donde podr\u00e1n asombrarse con mucha alegr\u00eda de las acrobacias, danza, destrezas, m\u00fasica y aventuras de artistas circenses. En esta oportunidad se presentar\u00e1n las siguientes compa\u00f1\u00edas y artistas: Kadda, Duo Patagonia y Cristal.<\/p>\n\n\n\n<p>Entrada General: $500. En venta en la boleteria del Centro Cultural Cotesma.<\/p>\n","protected":false},"excerpt":{"rendered":"<p>El pr\u00f3ximo viernes, 13 de mayo, a las 19hs en nuestra querida Sala Amankay, compartiremos una imperdible tarde circense de la mano de la Variet\u00e9 \u201cPEQUE\u00d1AS HISTORIAS DE CIRCO\u201d. Un espect\u00e1culo de show fusi\u00f3n destinado a las infancias y familias que quieran disfrutar de peque\u00f1as historias de circo, donde podr\u00e1n asombrarse con mucha alegr\u00eda de las acrobacias, danza, destrezas, m\u00fasica y aventuras de artistas circenses. &hellip; <a href=\"https:\/\/cultura.sma.gob.ar\/?p=3243\" class=\"more-link\">Continue reading <span class=\"screen-reader-text\">Variet\u00e9 \u201cPEQUE\u00d1AS HISTORIAS DE CIRCO\u201d \/ 13 de mayo \/ Centro Cultural Cotesma<\/span><\/a><\/p>\n","protected":false},"author":1,"featured_media":297,"comment_status":"closed","ping_status":"","sticky":false,"template":"","format":"image","meta":{"footnotes":""},"categories":[2,9],"tags":[],"class_list":["post-3243","post","type-post","status-publish","format-image","has-post-thumbnail","hentry","category-ciudad-cultural","category-ultimas-noticias","post_format-post-format-image"],"_links":{"self":[{"href":"https:\/\/cultura.sma.gob.ar\/index.php?rest_route=\/wp\/v2\/posts\/3243","targetHints":{"allow":["GET"]}}],"collection":[{"href":"https:\/\/cultura.sma.gob.ar\/index.php?rest_route=\/wp\/v2\/posts"}],"about":[{"href":"https:\/\/cultura.sma.gob.ar\/index.php?rest_route=\/wp\/v2\/types\/post"}],"author":[{"embeddable":true,"href":"https:\/\/cultura.sma.gob.ar\/index.php?rest_route=\/wp\/v2\/users\/1"}],"replies":[{"embeddable":true,"href":"https:\/\/cultura.sma.gob.ar\/index.php?rest_route=%2Fwp%2Fv2%2Fcomments&post=3243"}],"version-history":[{"count":1,"href":"https:\/\/cultura.sma.gob.ar\/index.php?rest_route=\/wp\/v2\/posts\/3243\/revisions"}],"predecessor-version":[{"id":3245,"href":"https:\/\/cultura.sma.gob.ar\/index.php?rest_route=\/wp\/v2\/posts\/3243\/revisions\/3245"}],"wp:featuredmedia":[{"embeddable":true,"href":"https:\/\/cultura.sma.gob.ar\/index.php?rest_route=\/wp\/v2\/media\/297"}],"wp:attachment":[{"href":"https:\/\/cultura.sma.gob.ar\/index.php?rest_route=%2Fwp%2Fv2%2Fmedia&parent=3243"}],"wp:term":[{"taxonomy":"category","embeddable":true,"href":"https:\/\/cultura.sma.gob.ar\/index.php?rest_route=%2Fwp%2Fv2%2Fcategories&post=3243"},{"taxonomy":"post_tag","embeddable":true,"href":"https:\/\/cultura.sma.gob.ar\/index.php?rest_route=%2Fwp%2Fv2%2Ftags&post=3243"}],"curies":[{"name":"wp","href":"https:\/\/api.w.org\/{rel}","templated":true}]}}