{"id":3239,"date":"2022-05-09T12:49:46","date_gmt":"2022-05-09T15:49:46","guid":{"rendered":"http:\/\/cultura.sma.gob.ar\/?p=3239"},"modified":"2022-05-09T12:49:46","modified_gmt":"2022-05-09T15:49:46","slug":"aprendijuegos-blippi-y-tus-amigos-de-la-granja-12-de-mayo-centro-cultural-cotesma","status":"publish","type":"post","link":"https:\/\/cultura.sma.gob.ar\/?p=3239","title":{"rendered":"\u201cAPRENDIJUEGOS \u2013 BLIPPI\u201d y \u201cTUS AMIGOS DE LA GRANJA\u201d \/ 12 de mayo \/ Centro Cultural Cotesma"},"content":{"rendered":"\n<figure class=\"wp-block-image size-large\"><img loading=\"lazy\" decoding=\"async\" width=\"672\" height=\"739\" src=\"http:\/\/cultura.sma.gob.ar\/wp-content\/uploads\/2022\/05\/Aprendijuegos-Blippi-Centro-Cultural-Cotesma.jpg\" alt=\"\" class=\"wp-image-3240\" srcset=\"https:\/\/cultura.sma.gob.ar\/wp-content\/uploads\/2022\/05\/Aprendijuegos-Blippi-Centro-Cultural-Cotesma.jpg 672w, https:\/\/cultura.sma.gob.ar\/wp-content\/uploads\/2022\/05\/Aprendijuegos-Blippi-Centro-Cultural-Cotesma-273x300.jpg 273w, https:\/\/cultura.sma.gob.ar\/wp-content\/uploads\/2022\/05\/Aprendijuegos-Blippi-Centro-Cultural-Cotesma-82x90.jpg 82w\" sizes=\"auto, (max-width: 672px) 100vw, 672px\" \/><\/figure>\n\n\n\n<figure class=\"wp-block-image size-large\"><img loading=\"lazy\" decoding=\"async\" width=\"750\" height=\"562\" src=\"http:\/\/cultura.sma.gob.ar\/wp-content\/uploads\/2022\/05\/Tus-amigos-de-la-granja-Actores-Centro-Cultural-Cotesma.jpg\" alt=\"\" class=\"wp-image-3241\" srcset=\"https:\/\/cultura.sma.gob.ar\/wp-content\/uploads\/2022\/05\/Tus-amigos-de-la-granja-Actores-Centro-Cultural-Cotesma.jpg 750w, https:\/\/cultura.sma.gob.ar\/wp-content\/uploads\/2022\/05\/Tus-amigos-de-la-granja-Actores-Centro-Cultural-Cotesma-300x225.jpg 300w, https:\/\/cultura.sma.gob.ar\/wp-content\/uploads\/2022\/05\/Tus-amigos-de-la-granja-Actores-Centro-Cultural-Cotesma-120x90.jpg 120w\" sizes=\"auto, (max-width: 750px) 100vw, 750px\" \/><\/figure>\n\n\n\n<p>El pr\u00f3ximo jueves, 12 de mayo, regresan los espect\u00e1culos infantiles a la Sala Amankay, al igual que pas\u00f3 en Febrero con \u201cMasha y el Oso\u201d y \u201cOperaci\u00f3n Ciudad Aventura\u201d, viviremos otra doble jornada con dos imperdibles propuestas:<br>A las 18:30hs, \u201cAPRENDIJUEGOS \u2013 BLIPPI\u201d y a las 20:15hs \u201cTUS AMIGOS DE LA GRANJA\u201d. Vos ya los conoc\u00e9s, no te los pod\u00e9s perder.<\/p>\n\n\n\n<p><strong>\u201cAPRENDIJUEGOS \u2013 BLIPPI\u201d<\/strong><br>\u201cAprendijuegos\u201d es un espect\u00e1culo para toda la familia que narra las aventuras de Blippi, un curioso explorador que con la ayuda de grandes y chicos podr\u00e1 aprender cosas nuevas, descubrir tesoros y resolver misterios.<br>En un divertido recorrido pedag\u00f3gico y lleno de valores, Blippi compartir\u00e1 con sus amigos un momento de juegos, canciones, risas y toda la magia del teatro.<br>Para aprender jugando y jugar aprendiendo llega \u00e9sta nueva propuesta que conquistar\u00e1 r\u00e1pidamente el coraz\u00f3n de su p\u00fablico<br>\u00a1El teatro es seguro! \u00a1Vamos al teatro!<\/p>\n\n\n\n<p><strong>\u201cTUS AMIGOS DE LA GRANJA\u201d<\/strong><br>Llega al teatro un nuevo show con los personajes y canciones de ayer, de hoy y de siempre, para que todos los papis canten y bailen junto a sus hijos.<br>Vas a conocer al LOBO FEROZ y su \u00e9xito \u201cEXACTO\u201d, la CHANCHA, LA VACA LOLA, LA GALLINA TURULECA, LA PATA LULU, PERCHERON y muchos otros amigos de la Granja en un show multimedia que deslumbrar\u00e1 a todos con mucha interacci\u00f3n con el p\u00fablico, mucho color, una vistosa escenograf\u00eda y aplausos de principio a fin.<br>Los animales de la granja tienen ganas de preparar una merienda para todos los chicos\u2026\u00bfpodr\u00e1n lograrlo?&#8230; El granjero como actor principal est\u00e1 acompa\u00f1ado de 8 animales de La Granja.<br>No te quedes afuera y ven\u00ed a descubrirlo. Un show colmado de historias, divertido y emocionante para disfrutar en familia.<br>Te esperamos en el teatro para conocer a todos Tus Amigos de La Granja\u2026<\/p>\n\n\n\n<p>Dos imperdibles musicales infantiles, dirigidos a toda la familia.<br>Entrada General: $1800 por espect\u00e1culo (abonan a partir del a\u00f1o).<\/p>\n","protected":false},"excerpt":{"rendered":"<p>El pr\u00f3ximo jueves, 12 de mayo, regresan los espect\u00e1culos infantiles a la Sala Amankay, al igual que pas\u00f3 en Febrero con \u201cMasha y el Oso\u201d y \u201cOperaci\u00f3n Ciudad Aventura\u201d, viviremos otra doble jornada con dos imperdibles propuestas:A las 18:30hs, \u201cAPRENDIJUEGOS \u2013 BLIPPI\u201d y a las 20:15hs \u201cTUS AMIGOS DE LA GRANJA\u201d. Vos ya los conoc\u00e9s, no te los pod\u00e9s perder. \u201cAPRENDIJUEGOS \u2013 BLIPPI\u201d\u201cAprendijuegos\u201d es un &hellip; <a href=\"https:\/\/cultura.sma.gob.ar\/?p=3239\" class=\"more-link\">Continue reading <span class=\"screen-reader-text\">\u201cAPRENDIJUEGOS \u2013 BLIPPI\u201d y \u201cTUS AMIGOS DE LA GRANJA\u201d \/ 12 de mayo \/ Centro Cultural Cotesma<\/span><\/a><\/p>\n","protected":false},"author":1,"featured_media":297,"comment_status":"closed","ping_status":"","sticky":false,"template":"","format":"image","meta":{"footnotes":""},"categories":[2,9],"tags":[],"class_list":["post-3239","post","type-post","status-publish","format-image","has-post-thumbnail","hentry","category-ciudad-cultural","category-ultimas-noticias","post_format-post-format-image"],"_links":{"self":[{"href":"https:\/\/cultura.sma.gob.ar\/index.php?rest_route=\/wp\/v2\/posts\/3239","targetHints":{"allow":["GET"]}}],"collection":[{"href":"https:\/\/cultura.sma.gob.ar\/index.php?rest_route=\/wp\/v2\/posts"}],"about":[{"href":"https:\/\/cultura.sma.gob.ar\/index.php?rest_route=\/wp\/v2\/types\/post"}],"author":[{"embeddable":true,"href":"https:\/\/cultura.sma.gob.ar\/index.php?rest_route=\/wp\/v2\/users\/1"}],"replies":[{"embeddable":true,"href":"https:\/\/cultura.sma.gob.ar\/index.php?rest_route=%2Fwp%2Fv2%2Fcomments&post=3239"}],"version-history":[{"count":1,"href":"https:\/\/cultura.sma.gob.ar\/index.php?rest_route=\/wp\/v2\/posts\/3239\/revisions"}],"predecessor-version":[{"id":3242,"href":"https:\/\/cultura.sma.gob.ar\/index.php?rest_route=\/wp\/v2\/posts\/3239\/revisions\/3242"}],"wp:featuredmedia":[{"embeddable":true,"href":"https:\/\/cultura.sma.gob.ar\/index.php?rest_route=\/wp\/v2\/media\/297"}],"wp:attachment":[{"href":"https:\/\/cultura.sma.gob.ar\/index.php?rest_route=%2Fwp%2Fv2%2Fmedia&parent=3239"}],"wp:term":[{"taxonomy":"category","embeddable":true,"href":"https:\/\/cultura.sma.gob.ar\/index.php?rest_route=%2Fwp%2Fv2%2Fcategories&post=3239"},{"taxonomy":"post_tag","embeddable":true,"href":"https:\/\/cultura.sma.gob.ar\/index.php?rest_route=%2Fwp%2Fv2%2Ftags&post=3239"}],"curies":[{"name":"wp","href":"https:\/\/api.w.org\/{rel}","templated":true}]}}