{"id":3234,"date":"2022-05-08T21:44:06","date_gmt":"2022-05-09T00:44:06","guid":{"rendered":"http:\/\/cultura.sma.gob.ar\/?p=3234"},"modified":"2022-05-30T16:25:07","modified_gmt":"2022-05-30T19:25:07","slug":"convocatoria-para-integrar-la-comision-100-anos-de-la-creacion-de-la-parroquia-san-jose","status":"publish","type":"post","link":"https:\/\/cultura.sma.gob.ar\/?p=3234","title":{"rendered":"Convocatoria para integrar la \u201cComisi\u00f3n 100 a\u00f1os de la creaci\u00f3n de la Parroquia San Jos\u00e9\u201d (FINALIZADA)"},"content":{"rendered":"\n<figure class=\"wp-block-image size-large\"><img loading=\"lazy\" decoding=\"async\" width=\"1024\" height=\"773\" src=\"http:\/\/cultura.sma.gob.ar\/wp-content\/uploads\/2022\/05\/f269-1024x773.jpg\" alt=\"\" class=\"wp-image-3235\" srcset=\"https:\/\/cultura.sma.gob.ar\/wp-content\/uploads\/2022\/05\/f269-1024x773.jpg 1024w, https:\/\/cultura.sma.gob.ar\/wp-content\/uploads\/2022\/05\/f269-300x226.jpg 300w, https:\/\/cultura.sma.gob.ar\/wp-content\/uploads\/2022\/05\/f269-768x580.jpg 768w, https:\/\/cultura.sma.gob.ar\/wp-content\/uploads\/2022\/05\/f269-1536x1159.jpg 1536w, https:\/\/cultura.sma.gob.ar\/wp-content\/uploads\/2022\/05\/f269-2048x1545.jpg 2048w, https:\/\/cultura.sma.gob.ar\/wp-content\/uploads\/2022\/05\/f269-119x90.jpg 119w\" sizes=\"auto, (max-width: 1024px) 100vw, 1024px\" \/><\/figure>\n\n\n\n<p><br>La Secretar\u00eda de Cultura de San Mart\u00edn de los Andes, a trav\u00e9s del Departamento de Patrimonio Hist\u00f3rico y Ciencias, invita a la comunidad a integrar la Comisi\u00f3n del Centenario del edificio San Jos\u00e9, primera iglesia del pueblo y teatro municipal a partir de la d\u00e9cada del 80, con el fin de organizar la celebraci\u00f3n de este aniversario, en el a\u00f1o 2023.<\/p>\n\n\n\n<p>Las personas y\/o instituciones que deseen participar en dicha comisi\u00f3n tienen plazo hasta el 27 de mayo de 2022 para anotarse en el Museo Municipal Primeros Pobladores.<\/p>\n","protected":false},"excerpt":{"rendered":"<p>La Secretar\u00eda de Cultura de San Mart\u00edn de los Andes, a trav\u00e9s del Departamento de Patrimonio Hist\u00f3rico y Ciencias, invita a la comunidad a integrar la Comisi\u00f3n del Centenario del edificio San Jos\u00e9, primera iglesia del pueblo y teatro municipal a partir de la d\u00e9cada del 80, con el fin de organizar la celebraci\u00f3n de este aniversario, en el a\u00f1o 2023. Las personas y\/o instituciones &hellip; <a href=\"https:\/\/cultura.sma.gob.ar\/?p=3234\" class=\"more-link\">Continue reading <span class=\"screen-reader-text\">Convocatoria para integrar la \u201cComisi\u00f3n 100 a\u00f1os de la creaci\u00f3n de la Parroquia San Jos\u00e9\u201d (FINALIZADA)<\/span><\/a><\/p>\n","protected":false},"author":1,"featured_media":294,"comment_status":"closed","ping_status":"","sticky":false,"template":"","format":"image","meta":{"footnotes":""},"categories":[4,9],"tags":[],"class_list":["post-3234","post","type-post","status-publish","format-image","has-post-thumbnail","hentry","category-museo-primeros-pobladores","category-ultimas-noticias","post_format-post-format-image"],"_links":{"self":[{"href":"https:\/\/cultura.sma.gob.ar\/index.php?rest_route=\/wp\/v2\/posts\/3234","targetHints":{"allow":["GET"]}}],"collection":[{"href":"https:\/\/cultura.sma.gob.ar\/index.php?rest_route=\/wp\/v2\/posts"}],"about":[{"href":"https:\/\/cultura.sma.gob.ar\/index.php?rest_route=\/wp\/v2\/types\/post"}],"author":[{"embeddable":true,"href":"https:\/\/cultura.sma.gob.ar\/index.php?rest_route=\/wp\/v2\/users\/1"}],"replies":[{"embeddable":true,"href":"https:\/\/cultura.sma.gob.ar\/index.php?rest_route=%2Fwp%2Fv2%2Fcomments&post=3234"}],"version-history":[{"count":2,"href":"https:\/\/cultura.sma.gob.ar\/index.php?rest_route=\/wp\/v2\/posts\/3234\/revisions"}],"predecessor-version":[{"id":3378,"href":"https:\/\/cultura.sma.gob.ar\/index.php?rest_route=\/wp\/v2\/posts\/3234\/revisions\/3378"}],"wp:featuredmedia":[{"embeddable":true,"href":"https:\/\/cultura.sma.gob.ar\/index.php?rest_route=\/wp\/v2\/media\/294"}],"wp:attachment":[{"href":"https:\/\/cultura.sma.gob.ar\/index.php?rest_route=%2Fwp%2Fv2%2Fmedia&parent=3234"}],"wp:term":[{"taxonomy":"category","embeddable":true,"href":"https:\/\/cultura.sma.gob.ar\/index.php?rest_route=%2Fwp%2Fv2%2Fcategories&post=3234"},{"taxonomy":"post_tag","embeddable":true,"href":"https:\/\/cultura.sma.gob.ar\/index.php?rest_route=%2Fwp%2Fv2%2Ftags&post=3234"}],"curies":[{"name":"wp","href":"https:\/\/api.w.org\/{rel}","templated":true}]}}