{"id":3228,"date":"2022-05-08T21:24:33","date_gmt":"2022-05-09T00:24:33","guid":{"rendered":"http:\/\/cultura.sma.gob.ar\/?p=3228"},"modified":"2022-05-08T21:30:27","modified_gmt":"2022-05-09T00:30:27","slug":"programa-teatro-san-jose-presenta-meticulosos-recortes-de-senoritas-rancias","status":"publish","type":"post","link":"https:\/\/cultura.sma.gob.ar\/?p=3228","title":{"rendered":"Programa Teatro San Jos\u00e9 Presenta: &#8221;Meticulosos Recortes de Se\u00f1oritas Rancias&#8221;"},"content":{"rendered":"\n<figure class=\"wp-block-image size-large\"><img loading=\"lazy\" decoding=\"async\" width=\"1024\" height=\"1024\" src=\"http:\/\/cultura.sma.gob.ar\/wp-content\/uploads\/2022\/05\/redes-01-4-1024x1024.jpg\" alt=\"\" class=\"wp-image-3229\" srcset=\"https:\/\/cultura.sma.gob.ar\/wp-content\/uploads\/2022\/05\/redes-01-4-1024x1024.jpg 1024w, https:\/\/cultura.sma.gob.ar\/wp-content\/uploads\/2022\/05\/redes-01-4-300x300.jpg 300w, https:\/\/cultura.sma.gob.ar\/wp-content\/uploads\/2022\/05\/redes-01-4-150x150.jpg 150w, https:\/\/cultura.sma.gob.ar\/wp-content\/uploads\/2022\/05\/redes-01-4-768x768.jpg 768w, https:\/\/cultura.sma.gob.ar\/wp-content\/uploads\/2022\/05\/redes-01-4-1536x1536.jpg 1536w, https:\/\/cultura.sma.gob.ar\/wp-content\/uploads\/2022\/05\/redes-01-4-90x90.jpg 90w, https:\/\/cultura.sma.gob.ar\/wp-content\/uploads\/2022\/05\/redes-01-4.jpg 1875w\" sizes=\"auto, (max-width: 1024px) 100vw, 1024px\" \/><\/figure>\n\n\n\n<p>Llega la comedia de humor negro que recoge fragmentos que se reflejan en algunas oscuridades de nuestra propia historia social y pol\u00edtica.  A trav\u00e9s de situaciones absurdas, casi surrealistas, veremos fragmentos de la vida cotidiana de tres mujeres que parecen cuidar a un padre lejano, dormido y quiz\u00e1s peligroso. El espect\u00e1culo cuenta adem\u00e1s con una instalaci\u00f3n de objetos que describen la vida cotidiana de los personajes.<\/p>\n\n\n\n<p>Esta obra est\u00e1 orientada para p\u00fablico adulto.<\/p>\n\n\n\n<p>Ser\u00e1 el s\u00e1bado 14 de mayo a las 21 hs.<\/p>\n\n\n\n<p>Las entradas tienen un valor de 200 pesos y se pueden retirar por el Teatro San Jos\u00e9, de lunes a viernes de 9 a 22 hs.<\/p>\n\n\n\n<p><strong>Direcci\u00f3n: Luis Sarlinga<\/strong><\/p>\n\n\n\n<p><strong>Elenco:&nbsp;<\/strong>Laura Escalante &#8211; Malena\/&nbsp;Carolina Roa Farinelli &#8211; Melina\/Paola Aciar &#8211; Milena.&nbsp;<\/p>\n","protected":false},"excerpt":{"rendered":"<p>Llega la comedia de humor negro que recoge fragmentos que se reflejan en algunas oscuridades de nuestra propia historia social y pol\u00edtica. A trav\u00e9s de situaciones absurdas, casi surrealistas, veremos fragmentos de la vida cotidiana de tres mujeres que parecen cuidar a un padre lejano, dormido y quiz\u00e1s peligroso. El espect\u00e1culo cuenta adem\u00e1s con una instalaci\u00f3n de objetos que describen la vida cotidiana de los &hellip; <a href=\"https:\/\/cultura.sma.gob.ar\/?p=3228\" class=\"more-link\">Continue reading <span class=\"screen-reader-text\">Programa Teatro San Jos\u00e9 Presenta: &#8221;Meticulosos Recortes de Se\u00f1oritas Rancias&#8221;<\/span><\/a><\/p>\n","protected":false},"author":1,"featured_media":292,"comment_status":"closed","ping_status":"","sticky":false,"template":"","format":"image","meta":{"footnotes":""},"categories":[2,8,9],"tags":[],"class_list":["post-3228","post","type-post","status-publish","format-image","has-post-thumbnail","hentry","category-ciudad-cultural","category-teatro-san-jose","category-ultimas-noticias","post_format-post-format-image"],"_links":{"self":[{"href":"https:\/\/cultura.sma.gob.ar\/index.php?rest_route=\/wp\/v2\/posts\/3228","targetHints":{"allow":["GET"]}}],"collection":[{"href":"https:\/\/cultura.sma.gob.ar\/index.php?rest_route=\/wp\/v2\/posts"}],"about":[{"href":"https:\/\/cultura.sma.gob.ar\/index.php?rest_route=\/wp\/v2\/types\/post"}],"author":[{"embeddable":true,"href":"https:\/\/cultura.sma.gob.ar\/index.php?rest_route=\/wp\/v2\/users\/1"}],"replies":[{"embeddable":true,"href":"https:\/\/cultura.sma.gob.ar\/index.php?rest_route=%2Fwp%2Fv2%2Fcomments&post=3228"}],"version-history":[{"count":2,"href":"https:\/\/cultura.sma.gob.ar\/index.php?rest_route=\/wp\/v2\/posts\/3228\/revisions"}],"predecessor-version":[{"id":3231,"href":"https:\/\/cultura.sma.gob.ar\/index.php?rest_route=\/wp\/v2\/posts\/3228\/revisions\/3231"}],"wp:featuredmedia":[{"embeddable":true,"href":"https:\/\/cultura.sma.gob.ar\/index.php?rest_route=\/wp\/v2\/media\/292"}],"wp:attachment":[{"href":"https:\/\/cultura.sma.gob.ar\/index.php?rest_route=%2Fwp%2Fv2%2Fmedia&parent=3228"}],"wp:term":[{"taxonomy":"category","embeddable":true,"href":"https:\/\/cultura.sma.gob.ar\/index.php?rest_route=%2Fwp%2Fv2%2Fcategories&post=3228"},{"taxonomy":"post_tag","embeddable":true,"href":"https:\/\/cultura.sma.gob.ar\/index.php?rest_route=%2Fwp%2Fv2%2Ftags&post=3228"}],"curies":[{"name":"wp","href":"https:\/\/api.w.org\/{rel}","templated":true}]}}