{"id":3224,"date":"2022-04-28T19:58:11","date_gmt":"2022-04-28T22:58:11","guid":{"rendered":"http:\/\/cultura.sma.gob.ar\/?p=3224"},"modified":"2022-04-28T19:58:11","modified_gmt":"2022-04-28T22:58:11","slug":"bandoneon-psicodelico-de-pablo-jonisz","status":"publish","type":"post","link":"https:\/\/cultura.sma.gob.ar\/?p=3224","title":{"rendered":"Bandone\u00f3n Psicod\u00e9lico, de Pablo Jonisz"},"content":{"rendered":"\n<figure class=\"wp-block-image size-large\"><img loading=\"lazy\" decoding=\"async\" width=\"1024\" height=\"1024\" src=\"http:\/\/cultura.sma.gob.ar\/wp-content\/uploads\/2022\/04\/png_20220420_001625_0000-1024x1024.png\" alt=\"\" class=\"wp-image-3225\" srcset=\"https:\/\/cultura.sma.gob.ar\/wp-content\/uploads\/2022\/04\/png_20220420_001625_0000-1024x1024.png 1024w, https:\/\/cultura.sma.gob.ar\/wp-content\/uploads\/2022\/04\/png_20220420_001625_0000-300x300.png 300w, https:\/\/cultura.sma.gob.ar\/wp-content\/uploads\/2022\/04\/png_20220420_001625_0000-150x150.png 150w, https:\/\/cultura.sma.gob.ar\/wp-content\/uploads\/2022\/04\/png_20220420_001625_0000-768x768.png 768w, https:\/\/cultura.sma.gob.ar\/wp-content\/uploads\/2022\/04\/png_20220420_001625_0000-90x90.png 90w, https:\/\/cultura.sma.gob.ar\/wp-content\/uploads\/2022\/04\/png_20220420_001625_0000.png 1080w\" sizes=\"auto, (max-width: 1024px) 100vw, 1024px\" \/><\/figure>\n\n\n\n<p>Un viaje en bandone\u00f3n alrededor del mundo <\/p>\n\n\n\n<p>Pablo Jonisz es un m\u00fasico ambulante que hace 8 a\u00f1os recorre distintos bares y restoranes de nuestro pueblo. <\/p>\n\n\n\n<p>Esta vez nos trae su \u00edntima y variopinta m\u00fasica a la hermosa sala del teatro San Jos\u00e9.<\/p>\n\n\n\n<p>La cita es el viernes 29 de abril a las 21 hs.\u00a0<\/p>\n\n\n\n<p>Entradas a la venta\u00a0en el Teatro San Jos\u00e9 de 09 a 22 hs.\u00a0\u00a0<\/p>\n\n\n\n<p>Valor de entrada: $400.<\/p>\n","protected":false},"excerpt":{"rendered":"<p>Un viaje en bandone\u00f3n alrededor del mundo Pablo Jonisz es un m\u00fasico ambulante que hace 8 a\u00f1os recorre distintos bares y restoranes de nuestro pueblo. Esta vez nos trae su \u00edntima y variopinta m\u00fasica a la hermosa sala del teatro San Jos\u00e9. La cita es el viernes 29 de abril a las 21 hs.\u00a0 Entradas a la venta\u00a0en el Teatro San Jos\u00e9 de 09 a &hellip; <a href=\"https:\/\/cultura.sma.gob.ar\/?p=3224\" class=\"more-link\">Continue reading <span class=\"screen-reader-text\">Bandone\u00f3n Psicod\u00e9lico, de Pablo Jonisz<\/span><\/a><\/p>\n","protected":false},"author":1,"featured_media":291,"comment_status":"closed","ping_status":"","sticky":false,"template":"","format":"image","meta":{"footnotes":""},"categories":[2,9],"tags":[],"class_list":["post-3224","post","type-post","status-publish","format-image","has-post-thumbnail","hentry","category-ciudad-cultural","category-ultimas-noticias","post_format-post-format-image"],"_links":{"self":[{"href":"https:\/\/cultura.sma.gob.ar\/index.php?rest_route=\/wp\/v2\/posts\/3224","targetHints":{"allow":["GET"]}}],"collection":[{"href":"https:\/\/cultura.sma.gob.ar\/index.php?rest_route=\/wp\/v2\/posts"}],"about":[{"href":"https:\/\/cultura.sma.gob.ar\/index.php?rest_route=\/wp\/v2\/types\/post"}],"author":[{"embeddable":true,"href":"https:\/\/cultura.sma.gob.ar\/index.php?rest_route=\/wp\/v2\/users\/1"}],"replies":[{"embeddable":true,"href":"https:\/\/cultura.sma.gob.ar\/index.php?rest_route=%2Fwp%2Fv2%2Fcomments&post=3224"}],"version-history":[{"count":1,"href":"https:\/\/cultura.sma.gob.ar\/index.php?rest_route=\/wp\/v2\/posts\/3224\/revisions"}],"predecessor-version":[{"id":3226,"href":"https:\/\/cultura.sma.gob.ar\/index.php?rest_route=\/wp\/v2\/posts\/3224\/revisions\/3226"}],"wp:featuredmedia":[{"embeddable":true,"href":"https:\/\/cultura.sma.gob.ar\/index.php?rest_route=\/wp\/v2\/media\/291"}],"wp:attachment":[{"href":"https:\/\/cultura.sma.gob.ar\/index.php?rest_route=%2Fwp%2Fv2%2Fmedia&parent=3224"}],"wp:term":[{"taxonomy":"category","embeddable":true,"href":"https:\/\/cultura.sma.gob.ar\/index.php?rest_route=%2Fwp%2Fv2%2Fcategories&post=3224"},{"taxonomy":"post_tag","embeddable":true,"href":"https:\/\/cultura.sma.gob.ar\/index.php?rest_route=%2Fwp%2Fv2%2Ftags&post=3224"}],"curies":[{"name":"wp","href":"https:\/\/api.w.org\/{rel}","templated":true}]}}