{"id":3220,"date":"2022-04-27T22:19:39","date_gmt":"2022-04-28T01:19:39","guid":{"rendered":"http:\/\/cultura.sma.gob.ar\/?p=3220"},"modified":"2022-04-27T22:19:39","modified_gmt":"2022-04-28T01:19:39","slug":"taller-de-cineamano-y-animacion-artesanal-dictado-por-julieta-tabbush","status":"publish","type":"post","link":"https:\/\/cultura.sma.gob.ar\/?p=3220","title":{"rendered":"Taller  de &#8221;Cineamano y animaci\u00f3n artesanal&#8221;, dictado por Julieta Tabbush"},"content":{"rendered":"\n<figure class=\"wp-block-image size-large\"><img loading=\"lazy\" decoding=\"async\" width=\"960\" height=\"638\" src=\"http:\/\/cultura.sma.gob.ar\/wp-content\/uploads\/2022\/04\/WhatsApp-Image-2022-04-27-at-09.47.12.jpeg\" alt=\"\" class=\"wp-image-3221\" srcset=\"https:\/\/cultura.sma.gob.ar\/wp-content\/uploads\/2022\/04\/WhatsApp-Image-2022-04-27-at-09.47.12.jpeg 960w, https:\/\/cultura.sma.gob.ar\/wp-content\/uploads\/2022\/04\/WhatsApp-Image-2022-04-27-at-09.47.12-300x199.jpeg 300w, https:\/\/cultura.sma.gob.ar\/wp-content\/uploads\/2022\/04\/WhatsApp-Image-2022-04-27-at-09.47.12-768x510.jpeg 768w, https:\/\/cultura.sma.gob.ar\/wp-content\/uploads\/2022\/04\/WhatsApp-Image-2022-04-27-at-09.47.12-135x90.jpeg 135w\" sizes=\"auto, (max-width: 960px) 100vw, 960px\" \/><\/figure>\n\n\n\n<p>La recuperaci\u00f3n de tecnolog\u00edas obsoletas para la puesta en escena<\/p>\n\n\n\n<p>El taller est\u00e1 dirigido a docentes de todas las \u00e1reas, artistas pl\u00e1sticos, actores, titiriteros, j\u00f3venes, adultos y p\u00fablico en general.<\/p>\n\n\n\n<p>La duraci\u00f3n del seminario es de tres jornadas\u00a0 consecutivas\u00a0de 3 horas cada una, finalizando con la presentaci\u00f3n de los trabajos producidos en el laboratorio lum\u00ednico, a manera de puesta en com\u00fan.<\/p>\n\n\n\n<p>El cupo m\u00e1ximo del taller es de 10 personas.<\/p>\n\n\n\n<p>El taller se dictar\u00e1 en la sala de exposiciones Lidaura Chapitel el d\u00eda jueves 5 y viernes 6 de mayo de 18 a 21 hrs, y el s\u00e1bado 7 por la ma\u00f1ana de 10 a 13 hrs.<\/p>\n\n\n\n<p>Para inscribirse hay que comunicarse con la Secretar\u00eda de Cultura al 424 804 entre las 15 y las 20 hs o enviar un mail a <a href=\"mailto:salamunicipal.chapitel@gmail.com\">salamunicipal.chapitel@gmail.com<\/a><\/p>\n\n\n\n<p>Uno de los objetivos es la realizaci\u00f3n de trabajos pl\u00e1sticos colaborativos que funcionen como punto de partida para abordar las infinitas posibilidades de la t\u00e9cnica.<\/p>\n\n\n\n<p>El\u00a0 taller concluye con la producci\u00f3n y realizaci\u00f3n de peque\u00f1os trabajos audiovisuales abordados en grupos de 3 o 4\u00a0 personas, as\u00ed los sombristas, ver\u00e1n en la pantalla el resultado de sus ideas, llevando a la pr\u00e1ctica concreta el conocimiento reci\u00e9n adquirido.<\/p>\n","protected":false},"excerpt":{"rendered":"<p>La recuperaci\u00f3n de tecnolog\u00edas obsoletas para la puesta en escena El taller est\u00e1 dirigido a docentes de todas las \u00e1reas, artistas pl\u00e1sticos, actores, titiriteros, j\u00f3venes, adultos y p\u00fablico en general. La duraci\u00f3n del seminario es de tres jornadas\u00a0 consecutivas\u00a0de 3 horas cada una, finalizando con la presentaci\u00f3n de los trabajos producidos en el laboratorio lum\u00ednico, a manera de puesta en com\u00fan. El cupo m\u00e1ximo del &hellip; <a href=\"https:\/\/cultura.sma.gob.ar\/?p=3220\" class=\"more-link\">Continue reading <span class=\"screen-reader-text\">Taller  de &#8221;Cineamano y animaci\u00f3n artesanal&#8221;, dictado por Julieta Tabbush<\/span><\/a><\/p>\n","protected":false},"author":1,"featured_media":296,"comment_status":"closed","ping_status":"","sticky":false,"template":"","format":"image","meta":{"footnotes":""},"categories":[3,9],"tags":[],"class_list":["post-3220","post","type-post","status-publish","format-image","has-post-thumbnail","hentry","category-eventos-cultura","category-ultimas-noticias","post_format-post-format-image"],"_links":{"self":[{"href":"https:\/\/cultura.sma.gob.ar\/index.php?rest_route=\/wp\/v2\/posts\/3220","targetHints":{"allow":["GET"]}}],"collection":[{"href":"https:\/\/cultura.sma.gob.ar\/index.php?rest_route=\/wp\/v2\/posts"}],"about":[{"href":"https:\/\/cultura.sma.gob.ar\/index.php?rest_route=\/wp\/v2\/types\/post"}],"author":[{"embeddable":true,"href":"https:\/\/cultura.sma.gob.ar\/index.php?rest_route=\/wp\/v2\/users\/1"}],"replies":[{"embeddable":true,"href":"https:\/\/cultura.sma.gob.ar\/index.php?rest_route=%2Fwp%2Fv2%2Fcomments&post=3220"}],"version-history":[{"count":1,"href":"https:\/\/cultura.sma.gob.ar\/index.php?rest_route=\/wp\/v2\/posts\/3220\/revisions"}],"predecessor-version":[{"id":3222,"href":"https:\/\/cultura.sma.gob.ar\/index.php?rest_route=\/wp\/v2\/posts\/3220\/revisions\/3222"}],"wp:featuredmedia":[{"embeddable":true,"href":"https:\/\/cultura.sma.gob.ar\/index.php?rest_route=\/wp\/v2\/media\/296"}],"wp:attachment":[{"href":"https:\/\/cultura.sma.gob.ar\/index.php?rest_route=%2Fwp%2Fv2%2Fmedia&parent=3220"}],"wp:term":[{"taxonomy":"category","embeddable":true,"href":"https:\/\/cultura.sma.gob.ar\/index.php?rest_route=%2Fwp%2Fv2%2Fcategories&post=3220"},{"taxonomy":"post_tag","embeddable":true,"href":"https:\/\/cultura.sma.gob.ar\/index.php?rest_route=%2Fwp%2Fv2%2Ftags&post=3220"}],"curies":[{"name":"wp","href":"https:\/\/api.w.org\/{rel}","templated":true}]}}