{"id":3216,"date":"2022-04-27T21:55:56","date_gmt":"2022-04-28T00:55:56","guid":{"rendered":"http:\/\/cultura.sma.gob.ar\/?p=3216"},"modified":"2022-04-27T21:55:56","modified_gmt":"2022-04-28T00:55:56","slug":"este-domingo-comienza-el-festival-de-titeres-funcion-gratuita-e-inauguracion-de-muestra-de-mascaras","status":"publish","type":"post","link":"https:\/\/cultura.sma.gob.ar\/?p=3216","title":{"rendered":"Este domingo comienza el Festival de T\u00edteres: funci\u00f3n gratuita e inauguraci\u00f3n de muestra de m\u00e1scaras"},"content":{"rendered":"\n<figure class=\"wp-block-image size-large\"><img loading=\"lazy\" decoding=\"async\" width=\"1024\" height=\"683\" src=\"http:\/\/cultura.sma.gob.ar\/wp-content\/uploads\/2022\/04\/PHOTO-2022-04-08-12-38-32-1024x683.jpg\" alt=\"\" class=\"wp-image-3217\" srcset=\"https:\/\/cultura.sma.gob.ar\/wp-content\/uploads\/2022\/04\/PHOTO-2022-04-08-12-38-32-1024x683.jpg 1024w, https:\/\/cultura.sma.gob.ar\/wp-content\/uploads\/2022\/04\/PHOTO-2022-04-08-12-38-32-300x200.jpg 300w, https:\/\/cultura.sma.gob.ar\/wp-content\/uploads\/2022\/04\/PHOTO-2022-04-08-12-38-32-768x512.jpg 768w, https:\/\/cultura.sma.gob.ar\/wp-content\/uploads\/2022\/04\/PHOTO-2022-04-08-12-38-32-135x90.jpg 135w, https:\/\/cultura.sma.gob.ar\/wp-content\/uploads\/2022\/04\/PHOTO-2022-04-08-12-38-32.jpg 1200w\" sizes=\"auto, (max-width: 1024px) 100vw, 1024px\" \/><\/figure>\n\n\n\n<p>La Secretaria de Cultura de San Mart\u00edn de los Andes y el grupo La Pelela t\u00edteres, a cargo de Daniel \u201cNegro\u201d Aguirre, coorganizadores de este evento, invitan a vecinos y vecinas a la funci\u00f3n inaugural, gratuita, y apta para todo p\u00fablico este domingo 1\u00ba de mayo a las 18.30 hs en el Teatro San Jos\u00e9. Se trata de la obra \u201cAl agua morsa\u201d de la compa\u00f1\u00eda Bigote de Monigote.<\/p>\n\n\n\n<p>Las entradas estar\u00e1n disponibles para su adquisici\u00f3n desde este jueves de 9 a 22 hs. en la boleter\u00eda del teatro.<\/p>\n\n\n\n<p>Luego del t\u00e9rmino de la funci\u00f3n, tambi\u00e9n se invita a la inauguraci\u00f3n de la muestra \u201cM\u00e1scaras como espejos\u201d del artista barilochense Kike Mayer organizada junto a Fundaci\u00f3n OSDE en la sala de exposiciones \u201cLidaura Chapitel\u201d.<\/p>\n\n\n\n<p>Cabe recordar a docentes de jardines y escuelas que todav\u00eda contin\u00faa abierta la inscripci\u00f3n para asistir a las funciones de la semana en los cupos que quedan disponibles. <\/p>\n\n\n\n<p>El tel\u00e9fono para comunicarse y reservar es el 420522 de 8 a 14 hs.<\/p>\n","protected":false},"excerpt":{"rendered":"<p>La Secretaria de Cultura de San Mart\u00edn de los Andes y el grupo La Pelela t\u00edteres, a cargo de Daniel \u201cNegro\u201d Aguirre, coorganizadores de este evento, invitan a vecinos y vecinas a la funci\u00f3n inaugural, gratuita, y apta para todo p\u00fablico este domingo 1\u00ba de mayo a las 18.30 hs en el Teatro San Jos\u00e9. Se trata de la obra \u201cAl agua morsa\u201d de la &hellip; <a href=\"https:\/\/cultura.sma.gob.ar\/?p=3216\" class=\"more-link\">Continue reading <span class=\"screen-reader-text\">Este domingo comienza el Festival de T\u00edteres: funci\u00f3n gratuita e inauguraci\u00f3n de muestra de m\u00e1scaras<\/span><\/a><\/p>\n","protected":false},"author":1,"featured_media":296,"comment_status":"closed","ping_status":"","sticky":false,"template":"","format":"image","meta":{"footnotes":""},"categories":[3,9],"tags":[],"class_list":["post-3216","post","type-post","status-publish","format-image","has-post-thumbnail","hentry","category-eventos-cultura","category-ultimas-noticias","post_format-post-format-image"],"_links":{"self":[{"href":"https:\/\/cultura.sma.gob.ar\/index.php?rest_route=\/wp\/v2\/posts\/3216","targetHints":{"allow":["GET"]}}],"collection":[{"href":"https:\/\/cultura.sma.gob.ar\/index.php?rest_route=\/wp\/v2\/posts"}],"about":[{"href":"https:\/\/cultura.sma.gob.ar\/index.php?rest_route=\/wp\/v2\/types\/post"}],"author":[{"embeddable":true,"href":"https:\/\/cultura.sma.gob.ar\/index.php?rest_route=\/wp\/v2\/users\/1"}],"replies":[{"embeddable":true,"href":"https:\/\/cultura.sma.gob.ar\/index.php?rest_route=%2Fwp%2Fv2%2Fcomments&post=3216"}],"version-history":[{"count":1,"href":"https:\/\/cultura.sma.gob.ar\/index.php?rest_route=\/wp\/v2\/posts\/3216\/revisions"}],"predecessor-version":[{"id":3218,"href":"https:\/\/cultura.sma.gob.ar\/index.php?rest_route=\/wp\/v2\/posts\/3216\/revisions\/3218"}],"wp:featuredmedia":[{"embeddable":true,"href":"https:\/\/cultura.sma.gob.ar\/index.php?rest_route=\/wp\/v2\/media\/296"}],"wp:attachment":[{"href":"https:\/\/cultura.sma.gob.ar\/index.php?rest_route=%2Fwp%2Fv2%2Fmedia&parent=3216"}],"wp:term":[{"taxonomy":"category","embeddable":true,"href":"https:\/\/cultura.sma.gob.ar\/index.php?rest_route=%2Fwp%2Fv2%2Fcategories&post=3216"},{"taxonomy":"post_tag","embeddable":true,"href":"https:\/\/cultura.sma.gob.ar\/index.php?rest_route=%2Fwp%2Fv2%2Ftags&post=3216"}],"curies":[{"name":"wp","href":"https:\/\/api.w.org\/{rel}","templated":true}]}}