{"id":3211,"date":"2022-04-27T21:34:01","date_gmt":"2022-04-28T00:34:01","guid":{"rendered":"http:\/\/cultura.sma.gob.ar\/?p=3211"},"modified":"2022-04-27T21:34:01","modified_gmt":"2022-04-28T00:34:01","slug":"mascaras-como-espejos-extraordinaria-propuesta-de-fundacion-osde-para-el-festival-de-titeres","status":"publish","type":"post","link":"https:\/\/cultura.sma.gob.ar\/?p=3211","title":{"rendered":"\u201cM\u00e1scaras como espejos\u201d, extraordinaria propuesta de Fundaci\u00f3n OSDE para el Festival de T\u00edteres"},"content":{"rendered":"\n<figure class=\"wp-block-image size-large\"><img loading=\"lazy\" decoding=\"async\" width=\"1024\" height=\"1024\" src=\"http:\/\/cultura.sma.gob.ar\/wp-content\/uploads\/2022\/04\/Flyer-Muestra-1024x1024.jpg\" alt=\"\" class=\"wp-image-3212\" srcset=\"https:\/\/cultura.sma.gob.ar\/wp-content\/uploads\/2022\/04\/Flyer-Muestra-1024x1024.jpg 1024w, https:\/\/cultura.sma.gob.ar\/wp-content\/uploads\/2022\/04\/Flyer-Muestra-300x300.jpg 300w, https:\/\/cultura.sma.gob.ar\/wp-content\/uploads\/2022\/04\/Flyer-Muestra-150x150.jpg 150w, https:\/\/cultura.sma.gob.ar\/wp-content\/uploads\/2022\/04\/Flyer-Muestra-768x768.jpg 768w, https:\/\/cultura.sma.gob.ar\/wp-content\/uploads\/2022\/04\/Flyer-Muestra-90x90.jpg 90w, https:\/\/cultura.sma.gob.ar\/wp-content\/uploads\/2022\/04\/Flyer-Muestra.jpg 1280w\" sizes=\"auto, (max-width: 1024px) 100vw, 1024px\" \/><\/figure>\n\n\n\n<figure class=\"wp-block-image size-large\"><img loading=\"lazy\" decoding=\"async\" width=\"1024\" height=\"1024\" src=\"http:\/\/cultura.sma.gob.ar\/wp-content\/uploads\/2022\/04\/Flyer-Taller-Mascaras-1024x1024.jpg\" alt=\"\" class=\"wp-image-3213\" srcset=\"https:\/\/cultura.sma.gob.ar\/wp-content\/uploads\/2022\/04\/Flyer-Taller-Mascaras-1024x1024.jpg 1024w, https:\/\/cultura.sma.gob.ar\/wp-content\/uploads\/2022\/04\/Flyer-Taller-Mascaras-300x300.jpg 300w, https:\/\/cultura.sma.gob.ar\/wp-content\/uploads\/2022\/04\/Flyer-Taller-Mascaras-150x150.jpg 150w, https:\/\/cultura.sma.gob.ar\/wp-content\/uploads\/2022\/04\/Flyer-Taller-Mascaras-768x768.jpg 768w, https:\/\/cultura.sma.gob.ar\/wp-content\/uploads\/2022\/04\/Flyer-Taller-Mascaras-90x90.jpg 90w, https:\/\/cultura.sma.gob.ar\/wp-content\/uploads\/2022\/04\/Flyer-Taller-Mascaras.jpg 1280w\" sizes=\"auto, (max-width: 1024px) 100vw, 1024px\" \/><\/figure>\n\n\n\n<p>Como lo viene haciendo desde 2013, Fundaci\u00f3n OSDE se suma al Festival Internacional de T\u00edteres de San Mart\u00edn de los Andes aportando una Muestra y un Taller.<\/p>\n\n\n\n<p>En esta oportunidad, Fundaci\u00f3n OSDE junto a la Secretar\u00eda de Cultura y La Pelela T\u00edteres, organiz\u00f3 el montaje de la muestra \u201cM\u00e1scaras como espejos\u201d, del barilochense Kike Mayer, que se exhibir\u00e1 del 1\u00b0 al 8 de mayo en la Sala Lidaura Chapitel, y tambi\u00e9n un Taller Intensivo de Construcci\u00f3n de M\u00e1scaras-T\u00edteres, a cargo del mismo artista, destinado especialmente a adolescentes y adultos, que se realizar\u00e1 el lunes 2 de mayo de 18 a 20 hs en el CDI \u201cSemillitas\u201d (Cap. Drury y F\u00f3sbery).<\/p>\n\n\n\n<p>La participaci\u00f3n de Kike Mayer prestigia al 14\u00b0 Festival Internacional de T\u00edteres. Se trata de uno de los mascareros m\u00e1s importantes del pa\u00eds y de un artista pl\u00e1stico premiado en el \u00e1mbito nacional e internacional.<\/p>\n\n\n\n<p>La muestra \u201cM\u00e1scaras como espejos\u201d se inaugurar\u00e1 este domingo 1\u00b0 de mayo a las 20 hs (tras la funci\u00f3n inaugural del Festival, que ser\u00e1 a las 18:30 en el Teatro San Jos\u00e9). Incluye tres series de m\u00e1scaras: \u201cdel zodiaco\u201d \u201cemociones\u201d y \u201cla comedia del arte\u201d, y contar\u00e1 tambi\u00e9n con coloridos e impactantes pinturas en acr\u00edlico. Ser\u00e1 visitada por m\u00e1s de cinco mil chicas y chicos que asistir\u00e1n Festival de T\u00edteres y por las familias y el p\u00fablico en general que se acerque en forma espont\u00e1nea.<\/p>\n\n\n\n<p>En cuanto al Taller Intensivo de Construcci\u00f3n de M\u00e1scaras-T\u00edteres, tiene un cupo de 15 participantes y es de participaci\u00f3n libre y gratuita, como todas las actividades que propone Fundaci\u00f3n OSDE. Est\u00e1 especialmente destinado a adolescentes y tambi\u00e9n a adultos que se desempe\u00f1an como multiplicadores en \u00e1mbitos culturales y educativos.<\/p>\n\n\n\n<p>Para inscribirse hay que comunicarse con la Secretar\u00eda de Cultura al 424804 entre las 15 y las 20 hs o enviar un mail a salamunicipal.chapitel@gmail.com<\/p>\n","protected":false},"excerpt":{"rendered":"<p>Como lo viene haciendo desde 2013, Fundaci\u00f3n OSDE se suma al Festival Internacional de T\u00edteres de San Mart\u00edn de los Andes aportando una Muestra y un Taller. En esta oportunidad, Fundaci\u00f3n OSDE junto a la Secretar\u00eda de Cultura y La Pelela T\u00edteres, organiz\u00f3 el montaje de la muestra \u201cM\u00e1scaras como espejos\u201d, del barilochense Kike Mayer, que se exhibir\u00e1 del 1\u00b0 al 8 de mayo en &hellip; <a href=\"https:\/\/cultura.sma.gob.ar\/?p=3211\" class=\"more-link\">Continue reading <span class=\"screen-reader-text\">\u201cM\u00e1scaras como espejos\u201d, extraordinaria propuesta de Fundaci\u00f3n OSDE para el Festival de T\u00edteres<\/span><\/a><\/p>\n","protected":false},"author":1,"featured_media":296,"comment_status":"closed","ping_status":"","sticky":false,"template":"","format":"image","meta":{"footnotes":""},"categories":[3,9],"tags":[],"class_list":["post-3211","post","type-post","status-publish","format-image","has-post-thumbnail","hentry","category-eventos-cultura","category-ultimas-noticias","post_format-post-format-image"],"_links":{"self":[{"href":"https:\/\/cultura.sma.gob.ar\/index.php?rest_route=\/wp\/v2\/posts\/3211","targetHints":{"allow":["GET"]}}],"collection":[{"href":"https:\/\/cultura.sma.gob.ar\/index.php?rest_route=\/wp\/v2\/posts"}],"about":[{"href":"https:\/\/cultura.sma.gob.ar\/index.php?rest_route=\/wp\/v2\/types\/post"}],"author":[{"embeddable":true,"href":"https:\/\/cultura.sma.gob.ar\/index.php?rest_route=\/wp\/v2\/users\/1"}],"replies":[{"embeddable":true,"href":"https:\/\/cultura.sma.gob.ar\/index.php?rest_route=%2Fwp%2Fv2%2Fcomments&post=3211"}],"version-history":[{"count":1,"href":"https:\/\/cultura.sma.gob.ar\/index.php?rest_route=\/wp\/v2\/posts\/3211\/revisions"}],"predecessor-version":[{"id":3214,"href":"https:\/\/cultura.sma.gob.ar\/index.php?rest_route=\/wp\/v2\/posts\/3211\/revisions\/3214"}],"wp:featuredmedia":[{"embeddable":true,"href":"https:\/\/cultura.sma.gob.ar\/index.php?rest_route=\/wp\/v2\/media\/296"}],"wp:attachment":[{"href":"https:\/\/cultura.sma.gob.ar\/index.php?rest_route=%2Fwp%2Fv2%2Fmedia&parent=3211"}],"wp:term":[{"taxonomy":"category","embeddable":true,"href":"https:\/\/cultura.sma.gob.ar\/index.php?rest_route=%2Fwp%2Fv2%2Fcategories&post=3211"},{"taxonomy":"post_tag","embeddable":true,"href":"https:\/\/cultura.sma.gob.ar\/index.php?rest_route=%2Fwp%2Fv2%2Ftags&post=3211"}],"curies":[{"name":"wp","href":"https:\/\/api.w.org\/{rel}","templated":true}]}}