{"id":3206,"date":"2022-04-23T12:02:07","date_gmt":"2022-04-23T15:02:07","guid":{"rendered":"http:\/\/cultura.sma.gob.ar\/?p=3206"},"modified":"2022-04-23T12:03:02","modified_gmt":"2022-04-23T15:03:02","slug":"del-1o-al-8-de-mayo-se-realizara-el-14-festival-internacional-de-titeres","status":"publish","type":"post","link":"https:\/\/cultura.sma.gob.ar\/?p=3206","title":{"rendered":"Del 1 al 8 de mayo se realizar\u00e1 el 14\u00b0 Festival Internacional de T\u00edteres"},"content":{"rendered":"\n<figure class=\"wp-block-image size-large\"><img decoding=\"async\" src=\"https:\/\/scontent.fcpc1-1.fna.fbcdn.net\/v\/t39.30808-6\/242252128_4365634376853846_1936383102270605016_n.jpg?_nc_cat=108&amp;ccb=1-5&amp;_nc_sid=8bfeb9&amp;_nc_eui2=AeH0ntMpzhpoEtUt7Zb1jCzFXfSS_ivFCWVd9JL-K8UJZRkDpJp6zr0S_bEKCHcUesoQpRfntIWqqkuVtZcWNPlK&amp;_nc_ohc=FvTFN7g1QsoAX_CiN9b&amp;_nc_ht=scontent.fcpc1-1.fna&amp;oh=00_AT9cQYA44kGkVBeUV46D6tvjPJRvtfl6qiVzqXD0QLyaSQ&amp;oe=626868CC\" alt=\"\"\/><\/figure>\n\n\n\n<p>La Secretaria de Cultura de San Mart\u00edn de los Andes y el grupo &#8221;La Pelela t\u00edteres&#8221;, a cargo de Daniel \u201cNegro\u201d Aguirre, invitan a las escuelas y a toda la comunidad a participar de la 14\u00ba edici\u00f3n del Festival Internacional de T\u00edteres, uno de los eventos culturales m\u00e1s trascendentes de nuestra localidad.<\/p>\n\n\n\n<p>En esta oportunidad se presentar\u00e1n 10 elencos, provenientes de C\u00f3rdoba, Buenos Aires, Mendoza, R\u00edo Negro y Neuqu\u00e9n. <\/p>\n\n\n\n<p>Cabe destacar, que por las dificultades para el arribo al pa\u00eds que impuso la pandemia, por primera vez en la historia del Festival no participar\u00e1n compa\u00f1\u00edas extranjeras.<br>Se realizar\u00e1n 46 funciones en nuestra localidad, llegando a 6000 ni\u00f1os y ni\u00f1as. Y adem\u00e1s, este a\u00f1o se sumar\u00e1, como subsede del Festival, Jun\u00edn de los Andes, donde se realizar\u00e1n 12 funciones.<\/p>\n\n\n\n<p>La inauguraci\u00f3n de este 14\u00b0 Festival internacional de T\u00edteres ser\u00e1 el domingo 1\u00b0 de mayo, a las 18:30 hs, en el Teatro San Jos\u00e9, con la obra \u201cAl agua Morsa\u201d del grupo \u201cBigote de Monigote\u201d de Buenos Aires. Ese mismo d\u00eda, a las 20 hs, en la Sala \u201cLidaura Chapitel\u201d, se inaugurar\u00e1 la exposici\u00f3n \u201cMascaras como espejos: La apariencia que revela al ser\u201d del barilochense Quique Mayer, sin duda uno de los mascareros m\u00e1s importantes del pa\u00eds, artista pl\u00e1stico reconocido internacionalmente.<\/p>\n\n\n\n<p>Esta exposici\u00f3n art\u00edstica de excelencia, que potenciar\u00e1 fuertemente la propuesta del Festival, es organizada por Fundaci\u00f3n OSDE junto a la Secretaria de Cultura de San Martin de los Andes y La Pelela T\u00edteres. La misma, ser\u00e1 visitada tambi\u00e9n por los 6000 ni\u00f1os y ni\u00f1as que asistir\u00e1n a las funciones del Festival.<\/p>\n\n\n\n<p>Asimismo, Fundaci\u00f3n OSDE har\u00e1 posible la realizaci\u00f3n del Taller de Construcci\u00f3n de M\u00e1scaras, tambi\u00e9n a cargo de Quique Mayer, libre y gratuito, y destinado a adolescentes y p\u00fablico en general. Este taller se realizar\u00e1 el lunes 2 de mayo, de 18 a 20 hs en el CDI \u201cSemillitas\u201d.<\/p>\n\n\n\n<p>Por \u00faltimo, el 14\u00b0 Festival Internacional de T\u00edteres ofrecer\u00e1 el taller de \u201cCineamano y animaci\u00f3n artesanal\u201d a cargo de la gran artista titiritera neuquina Julieta Tabbush. Este taller, tambi\u00e9n libre y gratuito, se realizar\u00e1 el jueves 5 y el viernes 6 de mayo, de 18 a 21 hs.,y el s\u00e1bado 7 de mayo, de 10 a 13 hs.<\/p>\n\n\n\n<p>Este festival es posible gracias al acompa\u00f1amiento del Ministerio de las Culturas de la Provincia y la Legislatura del Neuqu\u00e9n.<\/p>\n","protected":false},"excerpt":{"rendered":"<p>La Secretaria de Cultura de San Mart\u00edn de los Andes y el grupo &#8221;La Pelela t\u00edteres&#8221;, a cargo de Daniel \u201cNegro\u201d Aguirre, invitan a las escuelas y a toda la comunidad a participar de la 14\u00ba edici\u00f3n del Festival Internacional de T\u00edteres, uno de los eventos culturales m\u00e1s trascendentes de nuestra localidad. En esta oportunidad se presentar\u00e1n 10 elencos, provenientes de C\u00f3rdoba, Buenos Aires, Mendoza, &hellip; <a href=\"https:\/\/cultura.sma.gob.ar\/?p=3206\" class=\"more-link\">Continue reading <span class=\"screen-reader-text\">Del 1 al 8 de mayo se realizar\u00e1 el 14\u00b0 Festival Internacional de T\u00edteres<\/span><\/a><\/p>\n","protected":false},"author":1,"featured_media":296,"comment_status":"closed","ping_status":"","sticky":false,"template":"","format":"image","meta":{"footnotes":""},"categories":[3,9],"tags":[],"class_list":["post-3206","post","type-post","status-publish","format-image","has-post-thumbnail","hentry","category-eventos-cultura","category-ultimas-noticias","post_format-post-format-image"],"_links":{"self":[{"href":"https:\/\/cultura.sma.gob.ar\/index.php?rest_route=\/wp\/v2\/posts\/3206","targetHints":{"allow":["GET"]}}],"collection":[{"href":"https:\/\/cultura.sma.gob.ar\/index.php?rest_route=\/wp\/v2\/posts"}],"about":[{"href":"https:\/\/cultura.sma.gob.ar\/index.php?rest_route=\/wp\/v2\/types\/post"}],"author":[{"embeddable":true,"href":"https:\/\/cultura.sma.gob.ar\/index.php?rest_route=\/wp\/v2\/users\/1"}],"replies":[{"embeddable":true,"href":"https:\/\/cultura.sma.gob.ar\/index.php?rest_route=%2Fwp%2Fv2%2Fcomments&post=3206"}],"version-history":[{"count":2,"href":"https:\/\/cultura.sma.gob.ar\/index.php?rest_route=\/wp\/v2\/posts\/3206\/revisions"}],"predecessor-version":[{"id":3208,"href":"https:\/\/cultura.sma.gob.ar\/index.php?rest_route=\/wp\/v2\/posts\/3206\/revisions\/3208"}],"wp:featuredmedia":[{"embeddable":true,"href":"https:\/\/cultura.sma.gob.ar\/index.php?rest_route=\/wp\/v2\/media\/296"}],"wp:attachment":[{"href":"https:\/\/cultura.sma.gob.ar\/index.php?rest_route=%2Fwp%2Fv2%2Fmedia&parent=3206"}],"wp:term":[{"taxonomy":"category","embeddable":true,"href":"https:\/\/cultura.sma.gob.ar\/index.php?rest_route=%2Fwp%2Fv2%2Fcategories&post=3206"},{"taxonomy":"post_tag","embeddable":true,"href":"https:\/\/cultura.sma.gob.ar\/index.php?rest_route=%2Fwp%2Fv2%2Ftags&post=3206"}],"curies":[{"name":"wp","href":"https:\/\/api.w.org\/{rel}","templated":true}]}}