{"id":3195,"date":"2022-04-19T09:14:56","date_gmt":"2022-04-19T12:14:56","guid":{"rendered":"http:\/\/cultura.sma.gob.ar\/?p=3195"},"modified":"2022-05-10T10:11:43","modified_gmt":"2022-05-10T13:11:43","slug":"convocatoria-a-escritores-y-escritoras-locales-relatos-de-malvinas","status":"publish","type":"post","link":"https:\/\/cultura.sma.gob.ar\/?p=3195","title":{"rendered":"Convocatoria a escritores y escritoras locales: &#8221;Relatos de Malvinas&#8221; (FINALIZADA)"},"content":{"rendered":"\n<figure class=\"wp-block-gallery columns-1 is-cropped wp-block-gallery-1 is-layout-flex wp-block-gallery-is-layout-flex\"><ul class=\"blocks-gallery-grid\"><li class=\"blocks-gallery-item\"><figure><img loading=\"lazy\" decoding=\"async\" width=\"1024\" height=\"1024\" src=\"http:\/\/cultura.sma.gob.ar\/wp-content\/uploads\/2022\/04\/FLYER-CONVOCATORIA-ESCRITORES-1024x1024.jpg\" alt=\"\" data-id=\"3196\" data-full-url=\"http:\/\/cultura.sma.gob.ar\/wp-content\/uploads\/2022\/04\/FLYER-CONVOCATORIA-ESCRITORES.jpg\" data-link=\"http:\/\/cultura.sma.gob.ar\/?attachment_id=3196\" class=\"wp-image-3196\" srcset=\"https:\/\/cultura.sma.gob.ar\/wp-content\/uploads\/2022\/04\/FLYER-CONVOCATORIA-ESCRITORES-1024x1024.jpg 1024w, https:\/\/cultura.sma.gob.ar\/wp-content\/uploads\/2022\/04\/FLYER-CONVOCATORIA-ESCRITORES-300x300.jpg 300w, https:\/\/cultura.sma.gob.ar\/wp-content\/uploads\/2022\/04\/FLYER-CONVOCATORIA-ESCRITORES-150x150.jpg 150w, https:\/\/cultura.sma.gob.ar\/wp-content\/uploads\/2022\/04\/FLYER-CONVOCATORIA-ESCRITORES-768x768.jpg 768w, https:\/\/cultura.sma.gob.ar\/wp-content\/uploads\/2022\/04\/FLYER-CONVOCATORIA-ESCRITORES-1536x1536.jpg 1536w, https:\/\/cultura.sma.gob.ar\/wp-content\/uploads\/2022\/04\/FLYER-CONVOCATORIA-ESCRITORES-90x90.jpg 90w, https:\/\/cultura.sma.gob.ar\/wp-content\/uploads\/2022\/04\/FLYER-CONVOCATORIA-ESCRITORES.jpg 1875w\" sizes=\"auto, (max-width: 1024px) 100vw, 1024px\" \/><\/figure><\/li><\/ul><\/figure>\n\n\n\n<p>La Secretar\u00eda de Cultura y el Centro Editor Municipal, invitan a escritores y escritoras locales a participar del libro Relatos de Malvinas.<\/p>\n\n\n\n<p>El libro reunir\u00e1 narraciones escritas a partir de testimonios de veteranos de la guerra de Malvinas que residen en la localidad.<br>Los relatos podr\u00e1n tener un abordaje literario o de cr\u00f3nica period\u00edstica, pero en todos los casos deber\u00e1n respetar fielmente la informaci\u00f3n suministrada.<\/p>\n\n\n\n<p>Cada narraci\u00f3n contendr\u00e1 una an\u00e9cdota espec\u00edfica e ir\u00e1 acompa\u00f1ado por los<br>datos biogr\u00e1ficos y una imagen de \u00e9poca de la persona entrevistada.<\/p>\n\n\n\n<p>La propuesta busca recopilar una parte de la memoria oral de los ex combatientes a 40 a\u00f1os de la guerra, recordando y homenajeando a todos los compatriotas que lucharon en las Islas Malvinas, y en especial a quienes dieron la vida defendiendo la soberan\u00eda argentina.<\/p>\n\n\n\n<p>Los escritores\/as y periodistas que deseen participar deben estar anotados en el Registro Municipal de Trabajadores y Trabajadoras de la Cultura, Ord. N\u00b0 13461.<\/p>\n\n\n\n<p>La convocatoria estar\u00e1 abierta hasta el 2 de mayo inclusive.<\/p>\n\n\n\n<p>Para inscripciones y m\u00e1s informaci\u00f3n, pod\u00e9s escribir a talleres.cultura@smandes.gov.ar<\/p>\n","protected":false},"excerpt":{"rendered":"<p>La Secretar\u00eda de Cultura y el Centro Editor Municipal, invitan a escritores y escritoras locales a participar del libro Relatos de Malvinas. El libro reunir\u00e1 narraciones escritas a partir de testimonios de veteranos de la guerra de Malvinas que residen en la localidad.Los relatos podr\u00e1n tener un abordaje literario o de cr\u00f3nica period\u00edstica, pero en todos los casos deber\u00e1n respetar fielmente la informaci\u00f3n suministrada. Cada &hellip; <a href=\"https:\/\/cultura.sma.gob.ar\/?p=3195\" class=\"more-link\">Continue reading <span class=\"screen-reader-text\">Convocatoria a escritores y escritoras locales: &#8221;Relatos de Malvinas&#8221; (FINALIZADA)<\/span><\/a><\/p>\n","protected":false},"author":1,"featured_media":293,"comment_status":"closed","ping_status":"","sticky":false,"template":"","format":"image","meta":{"footnotes":""},"categories":[7,9],"tags":[88,70,87,86,84,85],"class_list":["post-3195","post","type-post","status-publish","format-image","has-post-thumbnail","hentry","category-talleres-cultura","category-ultimas-noticias","tag-centro-editor-municipal","tag-convocatoria","tag-escritoras","tag-escritores","tag-malvinas","tag-memoriaoral","post_format-post-format-image"],"_links":{"self":[{"href":"https:\/\/cultura.sma.gob.ar\/index.php?rest_route=\/wp\/v2\/posts\/3195","targetHints":{"allow":["GET"]}}],"collection":[{"href":"https:\/\/cultura.sma.gob.ar\/index.php?rest_route=\/wp\/v2\/posts"}],"about":[{"href":"https:\/\/cultura.sma.gob.ar\/index.php?rest_route=\/wp\/v2\/types\/post"}],"author":[{"embeddable":true,"href":"https:\/\/cultura.sma.gob.ar\/index.php?rest_route=\/wp\/v2\/users\/1"}],"replies":[{"embeddable":true,"href":"https:\/\/cultura.sma.gob.ar\/index.php?rest_route=%2Fwp%2Fv2%2Fcomments&post=3195"}],"version-history":[{"count":2,"href":"https:\/\/cultura.sma.gob.ar\/index.php?rest_route=\/wp\/v2\/posts\/3195\/revisions"}],"predecessor-version":[{"id":3267,"href":"https:\/\/cultura.sma.gob.ar\/index.php?rest_route=\/wp\/v2\/posts\/3195\/revisions\/3267"}],"wp:featuredmedia":[{"embeddable":true,"href":"https:\/\/cultura.sma.gob.ar\/index.php?rest_route=\/wp\/v2\/media\/293"}],"wp:attachment":[{"href":"https:\/\/cultura.sma.gob.ar\/index.php?rest_route=%2Fwp%2Fv2%2Fmedia&parent=3195"}],"wp:term":[{"taxonomy":"category","embeddable":true,"href":"https:\/\/cultura.sma.gob.ar\/index.php?rest_route=%2Fwp%2Fv2%2Fcategories&post=3195"},{"taxonomy":"post_tag","embeddable":true,"href":"https:\/\/cultura.sma.gob.ar\/index.php?rest_route=%2Fwp%2Fv2%2Ftags&post=3195"}],"curies":[{"name":"wp","href":"https:\/\/api.w.org\/{rel}","templated":true}]}}