{"id":3186,"date":"2022-04-09T17:02:23","date_gmt":"2022-04-09T20:02:23","guid":{"rendered":"http:\/\/cultura.sma.gob.ar\/?p=3186"},"modified":"2022-04-09T17:02:23","modified_gmt":"2022-04-09T20:02:23","slug":"curso-historia-del-arte-y-la-arquitectura-para-viajeros-19-4-biblioteca-popular-9-de-julio","status":"publish","type":"post","link":"https:\/\/cultura.sma.gob.ar\/?p=3186","title":{"rendered":"Curso &#8221;Historia del arte y la arquitectura para viajeros&#8221; &#8211; 19\/4 &#8211; Biblioteca Popular 9 de julio"},"content":{"rendered":"\n<figure class=\"wp-block-image size-large\"><img loading=\"lazy\" decoding=\"async\" width=\"940\" height=\"1024\" src=\"http:\/\/cultura.sma.gob.ar\/wp-content\/uploads\/2022\/04\/Historia-para-viajeros-940x1024.jpg\" alt=\"\" class=\"wp-image-3187\" srcset=\"https:\/\/cultura.sma.gob.ar\/wp-content\/uploads\/2022\/04\/Historia-para-viajeros-940x1024.jpg 940w, https:\/\/cultura.sma.gob.ar\/wp-content\/uploads\/2022\/04\/Historia-para-viajeros-276x300.jpg 276w, https:\/\/cultura.sma.gob.ar\/wp-content\/uploads\/2022\/04\/Historia-para-viajeros-768x836.jpg 768w, https:\/\/cultura.sma.gob.ar\/wp-content\/uploads\/2022\/04\/Historia-para-viajeros-83x90.jpg 83w, https:\/\/cultura.sma.gob.ar\/wp-content\/uploads\/2022\/04\/Historia-para-viajeros.jpg 1080w\" sizes=\"auto, (max-width: 940px) 100vw, 940px\" \/><\/figure>\n\n\n\n<p><br>El curso est\u00e1 destinado a personas que est\u00e9n pensando en viajar, hayan viajado o simplemente les interese conocer m\u00e1s sobre el arte, la arquitectura y la cultura italiana.<br>Con el objetivo de comprender y valorar de otra manera que vemos cuando vemos un edificio, una ruina, una pintura o una escultura, se propone hacer un relato ameno sobre los momentos hist\u00f3ricos claves que entrecrucen la historia, la mitolog\u00eda, el arte, la ciudad y la arquitectura, expresadas a trav\u00e9s de fotograf\u00edas, escenas de pel\u00edculas, documentales, canciones, literatura hasta recomendaciones de destinos y recorridos.<br>Dictada por la Mg. Arq. Mar\u00eda Bel\u00e9n De Grandis los martes a las 19.30 a 21.30 en la Biblioteca Popular 9 de Julio, comenzando el 19 de Abril<br>La actividad tiene un costo de $1.000 por clase. Para m\u00e1s informaci\u00f3n comunicarse al (0299)155803897 o por mail a: mbdegrandis@gmail.com<\/p>\n","protected":false},"excerpt":{"rendered":"<p>El curso est\u00e1 destinado a personas que est\u00e9n pensando en viajar, hayan viajado o simplemente les interese conocer m\u00e1s sobre el arte, la arquitectura y la cultura italiana.Con el objetivo de comprender y valorar de otra manera que vemos cuando vemos un edificio, una ruina, una pintura o una escultura, se propone hacer un relato ameno sobre los momentos hist\u00f3ricos claves que entrecrucen la historia, &hellip; <a href=\"https:\/\/cultura.sma.gob.ar\/?p=3186\" class=\"more-link\">Continue reading <span class=\"screen-reader-text\">Curso &#8221;Historia del arte y la arquitectura para viajeros&#8221; &#8211; 19\/4 &#8211; Biblioteca Popular 9 de julio<\/span><\/a><\/p>\n","protected":false},"author":1,"featured_media":297,"comment_status":"closed","ping_status":"","sticky":false,"template":"","format":"image","meta":{"footnotes":""},"categories":[2,9],"tags":[],"class_list":["post-3186","post","type-post","status-publish","format-image","has-post-thumbnail","hentry","category-ciudad-cultural","category-ultimas-noticias","post_format-post-format-image"],"_links":{"self":[{"href":"https:\/\/cultura.sma.gob.ar\/index.php?rest_route=\/wp\/v2\/posts\/3186","targetHints":{"allow":["GET"]}}],"collection":[{"href":"https:\/\/cultura.sma.gob.ar\/index.php?rest_route=\/wp\/v2\/posts"}],"about":[{"href":"https:\/\/cultura.sma.gob.ar\/index.php?rest_route=\/wp\/v2\/types\/post"}],"author":[{"embeddable":true,"href":"https:\/\/cultura.sma.gob.ar\/index.php?rest_route=\/wp\/v2\/users\/1"}],"replies":[{"embeddable":true,"href":"https:\/\/cultura.sma.gob.ar\/index.php?rest_route=%2Fwp%2Fv2%2Fcomments&post=3186"}],"version-history":[{"count":1,"href":"https:\/\/cultura.sma.gob.ar\/index.php?rest_route=\/wp\/v2\/posts\/3186\/revisions"}],"predecessor-version":[{"id":3188,"href":"https:\/\/cultura.sma.gob.ar\/index.php?rest_route=\/wp\/v2\/posts\/3186\/revisions\/3188"}],"wp:featuredmedia":[{"embeddable":true,"href":"https:\/\/cultura.sma.gob.ar\/index.php?rest_route=\/wp\/v2\/media\/297"}],"wp:attachment":[{"href":"https:\/\/cultura.sma.gob.ar\/index.php?rest_route=%2Fwp%2Fv2%2Fmedia&parent=3186"}],"wp:term":[{"taxonomy":"category","embeddable":true,"href":"https:\/\/cultura.sma.gob.ar\/index.php?rest_route=%2Fwp%2Fv2%2Fcategories&post=3186"},{"taxonomy":"post_tag","embeddable":true,"href":"https:\/\/cultura.sma.gob.ar\/index.php?rest_route=%2Fwp%2Fv2%2Ftags&post=3186"}],"curies":[{"name":"wp","href":"https:\/\/api.w.org\/{rel}","templated":true}]}}