{"id":3170,"date":"2022-04-09T15:58:39","date_gmt":"2022-04-09T18:58:39","guid":{"rendered":"http:\/\/cultura.sma.gob.ar\/?p=3170"},"modified":"2022-05-10T09:44:14","modified_gmt":"2022-05-10T12:44:14","slug":"este-lunes-11-de-abril-arrancan-las-estaciones-culturales-en-cinco-barrios-y-con-36-talleres-gratuitos","status":"publish","type":"post","link":"https:\/\/cultura.sma.gob.ar\/?p=3170","title":{"rendered":"Comenzaron las Estaciones Culturales en cinco barrios y con 36 talleres gratuitos"},"content":{"rendered":"\n<div class=\"wp-block-jetpack-tiled-gallery aligncenter is-style-rectangular\"><div class=\"tiled-gallery__gallery\"><div class=\"tiled-gallery__row\"><div class=\"tiled-gallery__col\" style=\"flex-basis:100%\"><figure class=\"tiled-gallery__item\"><img decoding=\"async\" alt=\"\" data-height=\"1875\" data-id=\"3178\" data-link=\"http:\/\/cultura.sma.gob.ar\/?attachment_id=3178\" data-url=\"http:\/\/cultura.sma.gob.ar\/wp-content\/uploads\/2022\/04\/programa-reencuentro_carteleria-22-1.jpg\" data-width=\"1875\" src=\"https:\/\/i2.wp.com\/cultura.sma.gob.ar\/wp-content\/uploads\/2022\/04\/programa-reencuentro_carteleria-22-1.jpg\" layout=\"responsive\"\/><\/figure><\/div><\/div><\/div><\/div>\n\n\n\n<figure class=\"wp-block-image size-large\"><img loading=\"lazy\" decoding=\"async\" width=\"1024\" height=\"1024\" src=\"http:\/\/cultura.sma.gob.ar\/wp-content\/uploads\/2022\/04\/EC-GRILLA-REDES-CANTERA-1-1024x1024.png\" alt=\"\" class=\"wp-image-3179\" srcset=\"https:\/\/cultura.sma.gob.ar\/wp-content\/uploads\/2022\/04\/EC-GRILLA-REDES-CANTERA-1-1024x1024.png 1024w, https:\/\/cultura.sma.gob.ar\/wp-content\/uploads\/2022\/04\/EC-GRILLA-REDES-CANTERA-1-300x300.png 300w, https:\/\/cultura.sma.gob.ar\/wp-content\/uploads\/2022\/04\/EC-GRILLA-REDES-CANTERA-1-150x150.png 150w, https:\/\/cultura.sma.gob.ar\/wp-content\/uploads\/2022\/04\/EC-GRILLA-REDES-CANTERA-1-768x768.png 768w, https:\/\/cultura.sma.gob.ar\/wp-content\/uploads\/2022\/04\/EC-GRILLA-REDES-CANTERA-1-90x90.png 90w, https:\/\/cultura.sma.gob.ar\/wp-content\/uploads\/2022\/04\/EC-GRILLA-REDES-CANTERA-1.png 1080w\" sizes=\"auto, (max-width: 1024px) 100vw, 1024px\" \/><\/figure>\n\n\n\n<ul class=\"wp-block-list\"><li>Encuadernaci\u00f3n (j\u00f3venes y adultos)<\/li><li>Maquetas, arquitectura y ciudad (ni\u00f1os\/as)<\/li><li>Expresi\u00f3n corporal (adolescentes)<\/li><li>Amigurumis, figuras a crochet (adultos)<\/li><li>Dibujo y pintura (j\u00f3venes y adultos)<\/li><li>Folclore (j\u00f3venes y adultos)<\/li><li>Ajedrez (a partir de 6 a\u00f1os)<\/li><li>Tango (adultos, adultos mayores)<\/li><\/ul>\n\n\n\n<p><strong>Actividades en la Delegaci\u00f3n Municipal del Arenal<\/strong><\/p>\n\n\n\n<figure class=\"wp-block-image size-large\"><img loading=\"lazy\" decoding=\"async\" width=\"1024\" height=\"1024\" src=\"http:\/\/cultura.sma.gob.ar\/wp-content\/uploads\/2022\/04\/EC-GRILLA-REDES-ARENAL-1-1024x1024.png\" alt=\"\" class=\"wp-image-3180\" srcset=\"https:\/\/cultura.sma.gob.ar\/wp-content\/uploads\/2022\/04\/EC-GRILLA-REDES-ARENAL-1-1024x1024.png 1024w, https:\/\/cultura.sma.gob.ar\/wp-content\/uploads\/2022\/04\/EC-GRILLA-REDES-ARENAL-1-300x300.png 300w, https:\/\/cultura.sma.gob.ar\/wp-content\/uploads\/2022\/04\/EC-GRILLA-REDES-ARENAL-1-150x150.png 150w, https:\/\/cultura.sma.gob.ar\/wp-content\/uploads\/2022\/04\/EC-GRILLA-REDES-ARENAL-1-768x768.png 768w, https:\/\/cultura.sma.gob.ar\/wp-content\/uploads\/2022\/04\/EC-GRILLA-REDES-ARENAL-1-90x90.png 90w, https:\/\/cultura.sma.gob.ar\/wp-content\/uploads\/2022\/04\/EC-GRILLA-REDES-ARENAL-1.png 1080w\" sizes=\"auto, (max-width: 1024px) 100vw, 1024px\" \/><\/figure>\n\n\n\n<ul class=\"wp-block-list\"><li>Artes pl\u00e1sticas mixtas (adolescentes)<\/li><li>Danza urbana (adolescentes)<\/li><li>Encuadernaci\u00f3n (j\u00f3venes y adultos)<\/li><li>Folclore (adultos)<\/li><\/ul>\n\n\n\n<p><strong>Actividades en la Junta Vecinal de Villa Paur<\/strong><\/p>\n\n\n\n<figure class=\"wp-block-image size-large\"><img loading=\"lazy\" decoding=\"async\" width=\"1024\" height=\"1024\" src=\"http:\/\/cultura.sma.gob.ar\/wp-content\/uploads\/2022\/04\/EC-GRILLA-REDES-VILLAPAUR-1-1024x1024.png\" alt=\"\" class=\"wp-image-3181\" srcset=\"https:\/\/cultura.sma.gob.ar\/wp-content\/uploads\/2022\/04\/EC-GRILLA-REDES-VILLAPAUR-1-1024x1024.png 1024w, https:\/\/cultura.sma.gob.ar\/wp-content\/uploads\/2022\/04\/EC-GRILLA-REDES-VILLAPAUR-1-300x300.png 300w, https:\/\/cultura.sma.gob.ar\/wp-content\/uploads\/2022\/04\/EC-GRILLA-REDES-VILLAPAUR-1-150x150.png 150w, https:\/\/cultura.sma.gob.ar\/wp-content\/uploads\/2022\/04\/EC-GRILLA-REDES-VILLAPAUR-1-768x768.png 768w, https:\/\/cultura.sma.gob.ar\/wp-content\/uploads\/2022\/04\/EC-GRILLA-REDES-VILLAPAUR-1-90x90.png 90w, https:\/\/cultura.sma.gob.ar\/wp-content\/uploads\/2022\/04\/EC-GRILLA-REDES-VILLAPAUR-1.png 1080w\" sizes=\"auto, (max-width: 1024px) 100vw, 1024px\" \/><\/figure>\n\n\n\n<ul class=\"wp-block-list\"><li>Dibujo y pintura (j\u00f3venes y adultos)<\/li><li>T\u00edteres (ni\u00f1os\/as)<\/li><li>Danza urbana (adolescentes)<\/li><li>Tango (j\u00f3venes y adultos)<\/li><li>T\u00e9cnicas de artes pl\u00e1sticas (ni\u00f1os\/as)<\/li><li>Escritura y lectura creativa (adolescentes)<\/li><\/ul>\n\n\n\n<p><strong>Actividades en la Delegaci\u00f3n Municipal de Vega Centro<\/strong><\/p>\n\n\n\n<figure class=\"wp-block-image size-large\"><img loading=\"lazy\" decoding=\"async\" width=\"1024\" height=\"1024\" src=\"http:\/\/cultura.sma.gob.ar\/wp-content\/uploads\/2022\/04\/EC-GRILLA-REDES-VEGA-CENTRO-1-1024x1024.png\" alt=\"\" class=\"wp-image-3182\" srcset=\"https:\/\/cultura.sma.gob.ar\/wp-content\/uploads\/2022\/04\/EC-GRILLA-REDES-VEGA-CENTRO-1-1024x1024.png 1024w, https:\/\/cultura.sma.gob.ar\/wp-content\/uploads\/2022\/04\/EC-GRILLA-REDES-VEGA-CENTRO-1-300x300.png 300w, https:\/\/cultura.sma.gob.ar\/wp-content\/uploads\/2022\/04\/EC-GRILLA-REDES-VEGA-CENTRO-1-150x150.png 150w, https:\/\/cultura.sma.gob.ar\/wp-content\/uploads\/2022\/04\/EC-GRILLA-REDES-VEGA-CENTRO-1-768x768.png 768w, https:\/\/cultura.sma.gob.ar\/wp-content\/uploads\/2022\/04\/EC-GRILLA-REDES-VEGA-CENTRO-1-90x90.png 90w, https:\/\/cultura.sma.gob.ar\/wp-content\/uploads\/2022\/04\/EC-GRILLA-REDES-VEGA-CENTRO-1.png 1080w\" sizes=\"auto, (max-width: 1024px) 100vw, 1024px\" \/><\/figure>\n\n\n\n<ul class=\"wp-block-list\"><li>Amigurumis, figuras a crochet (j\u00f3venes y adultos)<\/li><li>Ajedrez (ni\u00f1os\/as)<\/li><li>Clown, t\u00e9cnicas de actuaci\u00f3n (adolescentes)<\/li><li>Escritura y lectura creativa (ni\u00f1os\/as)<\/li><li>Maquetas, arquitectura y ciudad (ni\u00f1os\/as)<\/li><li>Tango (adultos y adultos\/mayores)<\/li><li>Reciclado y pintura decorativa (adultos)<\/li><li>T\u00e9cnicas de artes pl\u00e1sticas (ni\u00f1os\/as)<\/li><\/ul>\n\n\n\n<h5 class=\"wp-block-heading\"><strong>Actividades en la Delegaci\u00f3n Municipal de Cordones del Chapelco<\/strong><\/h5>\n\n\n\n<figure class=\"wp-block-image size-large\"><img loading=\"lazy\" decoding=\"async\" width=\"1024\" height=\"1024\" src=\"http:\/\/cultura.sma.gob.ar\/wp-content\/uploads\/2022\/04\/EC-GRILLA-REDES-CORDONES-1-1024x1024.png\" alt=\"\" class=\"wp-image-3183\" srcset=\"https:\/\/cultura.sma.gob.ar\/wp-content\/uploads\/2022\/04\/EC-GRILLA-REDES-CORDONES-1-1024x1024.png 1024w, https:\/\/cultura.sma.gob.ar\/wp-content\/uploads\/2022\/04\/EC-GRILLA-REDES-CORDONES-1-300x300.png 300w, https:\/\/cultura.sma.gob.ar\/wp-content\/uploads\/2022\/04\/EC-GRILLA-REDES-CORDONES-1-150x150.png 150w, https:\/\/cultura.sma.gob.ar\/wp-content\/uploads\/2022\/04\/EC-GRILLA-REDES-CORDONES-1-768x768.png 768w, https:\/\/cultura.sma.gob.ar\/wp-content\/uploads\/2022\/04\/EC-GRILLA-REDES-CORDONES-1-90x90.png 90w, https:\/\/cultura.sma.gob.ar\/wp-content\/uploads\/2022\/04\/EC-GRILLA-REDES-CORDONES-1.png 1080w\" sizes=\"auto, (max-width: 1024px) 100vw, 1024px\" \/><\/figure>\n\n\n\n<ul class=\"wp-block-list\"><li>T\u00edteres (ni\u00f1os\/as)<\/li><li>Artes pl\u00e1sticas mixtas (adolescentes)<\/li><li>Amigurumis, figuras a crochet (adultos)<\/li><li>Reciclado y pintura decorativa (adultos)<\/li><li>Tango (j\u00f3venes y adultos)<\/li><li>Ajedrez (a partir de 6 a\u00f1os)<\/li><\/ul>\n\n\n\n<p>Todos los talleres comienzan esta semana, a partir del 11 de abril.<\/p>\n\n\n\n<p>Consultas e inscripciones a talleres.cultura@smandes.gov.ar y ahora tambi\u00e9n podes contactarnos por WhatsApp al 2944 212937. Contanos qu\u00e9 actividad quer\u00e9s hacer, tu nombre, fecha de nacimiento, edad y DNI.<\/p>\n\n\n\n<p>\u00a1Hay 36 talleres art\u00edsticos para todas las edades! \u00a1No te los pierdas!<\/p>\n\n\n\n<figure class=\"wp-block-image size-large\"><img loading=\"lazy\" decoding=\"async\" width=\"1024\" height=\"1024\" src=\"http:\/\/cultura.sma.gob.ar\/wp-content\/uploads\/2022\/04\/FLYER-REDES-WAPP-1024x1024.jpeg\" alt=\"\" class=\"wp-image-3171\" srcset=\"https:\/\/cultura.sma.gob.ar\/wp-content\/uploads\/2022\/04\/FLYER-REDES-WAPP-1024x1024.jpeg 1024w, https:\/\/cultura.sma.gob.ar\/wp-content\/uploads\/2022\/04\/FLYER-REDES-WAPP-300x300.jpeg 300w, https:\/\/cultura.sma.gob.ar\/wp-content\/uploads\/2022\/04\/FLYER-REDES-WAPP-150x150.jpeg 150w, https:\/\/cultura.sma.gob.ar\/wp-content\/uploads\/2022\/04\/FLYER-REDES-WAPP-768x768.jpeg 768w, https:\/\/cultura.sma.gob.ar\/wp-content\/uploads\/2022\/04\/FLYER-REDES-WAPP-90x90.jpeg 90w, https:\/\/cultura.sma.gob.ar\/wp-content\/uploads\/2022\/04\/FLYER-REDES-WAPP.jpeg 1280w\" sizes=\"auto, (max-width: 1024px) 100vw, 1024px\" \/><\/figure>\n","protected":false},"excerpt":{"rendered":"<p>Encuadernaci\u00f3n (j\u00f3venes y adultos) Maquetas, arquitectura y ciudad (ni\u00f1os\/as) Expresi\u00f3n corporal (adolescentes) Amigurumis, figuras a crochet (adultos) Dibujo y pintura (j\u00f3venes y adultos) Folclore (j\u00f3venes y adultos) Ajedrez (a partir de 6 a\u00f1os) Tango (adultos, adultos mayores) Actividades en la Delegaci\u00f3n Municipal del Arenal Artes pl\u00e1sticas mixtas (adolescentes) Danza urbana (adolescentes) Encuadernaci\u00f3n (j\u00f3venes y adultos) Folclore (adultos) Actividades en la Junta Vecinal de Villa Paur &hellip; <a href=\"https:\/\/cultura.sma.gob.ar\/?p=3170\" class=\"more-link\">Continue reading <span class=\"screen-reader-text\">Comenzaron las Estaciones Culturales en cinco barrios y con 36 talleres gratuitos<\/span><\/a><\/p>\n","protected":false},"author":1,"featured_media":293,"comment_status":"closed","ping_status":"","sticky":false,"template":"","format":"image","meta":{"footnotes":""},"categories":[7,9],"tags":[],"class_list":["post-3170","post","type-post","status-publish","format-image","has-post-thumbnail","hentry","category-talleres-cultura","category-ultimas-noticias","post_format-post-format-image"],"_links":{"self":[{"href":"https:\/\/cultura.sma.gob.ar\/index.php?rest_route=\/wp\/v2\/posts\/3170","targetHints":{"allow":["GET"]}}],"collection":[{"href":"https:\/\/cultura.sma.gob.ar\/index.php?rest_route=\/wp\/v2\/posts"}],"about":[{"href":"https:\/\/cultura.sma.gob.ar\/index.php?rest_route=\/wp\/v2\/types\/post"}],"author":[{"embeddable":true,"href":"https:\/\/cultura.sma.gob.ar\/index.php?rest_route=\/wp\/v2\/users\/1"}],"replies":[{"embeddable":true,"href":"https:\/\/cultura.sma.gob.ar\/index.php?rest_route=%2Fwp%2Fv2%2Fcomments&post=3170"}],"version-history":[{"count":2,"href":"https:\/\/cultura.sma.gob.ar\/index.php?rest_route=\/wp\/v2\/posts\/3170\/revisions"}],"predecessor-version":[{"id":3262,"href":"https:\/\/cultura.sma.gob.ar\/index.php?rest_route=\/wp\/v2\/posts\/3170\/revisions\/3262"}],"wp:featuredmedia":[{"embeddable":true,"href":"https:\/\/cultura.sma.gob.ar\/index.php?rest_route=\/wp\/v2\/media\/293"}],"wp:attachment":[{"href":"https:\/\/cultura.sma.gob.ar\/index.php?rest_route=%2Fwp%2Fv2%2Fmedia&parent=3170"}],"wp:term":[{"taxonomy":"category","embeddable":true,"href":"https:\/\/cultura.sma.gob.ar\/index.php?rest_route=%2Fwp%2Fv2%2Fcategories&post=3170"},{"taxonomy":"post_tag","embeddable":true,"href":"https:\/\/cultura.sma.gob.ar\/index.php?rest_route=%2Fwp%2Fv2%2Ftags&post=3170"}],"curies":[{"name":"wp","href":"https:\/\/api.w.org\/{rel}","templated":true}]}}