{"id":3163,"date":"2022-04-07T06:04:26","date_gmt":"2022-04-07T09:04:26","guid":{"rendered":"http:\/\/cultura.sma.gob.ar\/?p=3163"},"modified":"2022-05-10T09:46:26","modified_gmt":"2022-05-10T12:46:26","slug":"talleres-la-escuela-en-la-sala-mirar-es-hacer","status":"publish","type":"post","link":"https:\/\/cultura.sma.gob.ar\/?p=3163","title":{"rendered":"Talleres \u201cLa Escuela en la Sala: MIRAR ES HACER&#8221; (FINALIZADOS)"},"content":{"rendered":"\n<figure class=\"wp-block-image size-large\"><img loading=\"lazy\" decoding=\"async\" width=\"724\" height=\"1024\" src=\"http:\/\/cultura.sma.gob.ar\/wp-content\/uploads\/2022\/04\/mirar-es-hacer-01-724x1024.jpg\" alt=\"\" class=\"wp-image-3164\" srcset=\"https:\/\/cultura.sma.gob.ar\/wp-content\/uploads\/2022\/04\/mirar-es-hacer-01-724x1024.jpg 724w, https:\/\/cultura.sma.gob.ar\/wp-content\/uploads\/2022\/04\/mirar-es-hacer-01-212x300.jpg 212w, https:\/\/cultura.sma.gob.ar\/wp-content\/uploads\/2022\/04\/mirar-es-hacer-01-768x1086.jpg 768w, https:\/\/cultura.sma.gob.ar\/wp-content\/uploads\/2022\/04\/mirar-es-hacer-01-1086x1536.jpg 1086w, https:\/\/cultura.sma.gob.ar\/wp-content\/uploads\/2022\/04\/mirar-es-hacer-01-1448x2048.jpg 1448w, https:\/\/cultura.sma.gob.ar\/wp-content\/uploads\/2022\/04\/mirar-es-hacer-01-64x90.jpg 64w, https:\/\/cultura.sma.gob.ar\/wp-content\/uploads\/2022\/04\/mirar-es-hacer-01.jpg 1754w\" sizes=\"auto, (max-width: 724px) 100vw, 724px\" \/><\/figure>\n\n\n\n<p>Visitas interpretativas a las muestras y talleres para grupos escolares en la Sala Municipal de Exposiciones \u201cLidaura Chapitel\u201d<\/p>\n\n\n\n<p>En el marco de la exposici\u00f3n CARTOGRAF\u00cdA DE UNA CELEBRACI\u00d3N de las artistas S. Fern\u00e1ndez, C. Gorbal\u00e1n, C. T\u00e1ngaro, R. Ercoli, A. Engelman y D. Noguer se ofrece el taller-visita \u201c.\u201d<\/p>\n\n\n\n<p><strong>Destinatarios:<\/strong> 3\u00b0 y 4\u00b0 grado de nivel primario<\/p>\n\n\n\n<p><strong>D\u00edas: <\/strong><\/p>\n\n\n\n<p><strong>Turno ma\u00f1ana:<\/strong> MARTES 12 y 19 de abril de 10 a 11:30 hs <\/p>\n\n\n\n<p><strong>Turno tarde:<\/strong> LUNES 11 y 18 de abril de 15:30 a 16:45 HS.<\/p>\n\n\n\n<p><strong>Cupo:<\/strong> 30 chicos\/as por taller.<\/p>\n\n\n\n<p>Informes e inscripci\u00f3n: Sala Chapitel-Cap. Drury 665, tel\u00e9fonos 424-804,<br>salamunicipal.chapitel@gmail.com<br><\/p>\n\n\n\n<p><strong>RESE\u00d1A DEL TALLER:<\/strong><br>La actividad combina dos maneras de acercarse a las obras, por un lado recorriendo la muestra a trav\u00e9s de algunas preguntas planteadas para discutir de forma grupal las percepciones y contenidos de las im\u00e1genes, y un segundo instante de producci\u00f3n grupal planteado como experimentaci\u00f3n sobre la propia realizaci\u00f3n. Finalizamos la actividad con una puesta en com\u00fan.<\/p>\n\n\n\n<p><strong>Actividad propuesta:<\/strong><\/p>\n\n\n\n<p><strong>Presentaci\u00f3n\/Introducci\u00f3n:<\/strong><br>Se propone un recorrido a trav\u00e9s de la muestra que indague sobre las distintas herramientas de las artes visuales que se entremezclan en cada una de las obras,<br>reconociendo c\u00f3mo se cruzan y yuxtaponen recursos para generar los diferentes<br>discursos en el arte actual.<br>&nbsp;<br><strong>Actividad:<\/strong><br>Tomando una variante del proceso de una de las artistas, experimentaremos con la t\u00e9cnica de esgrafiado, t\u00e9cnica pict\u00f3rica en la que se trabaja sobre capas superpuestas y el dibujo por tachadura o rallado.<br>Las producciones se ir\u00e1n sumando a un soporte colectivo y conformar\u00e1n una instalaci\u00f3n que permanecer\u00e1 exhibida en la sala en el transcurso de la muestra.<\/p>\n\n\n\n<p><strong>Cierre:<\/strong><br>Concluiremos con una puesta en com\u00fan, compartiendo los pareceres y experiencias surgidas del recorrido por la exposici\u00f3n y lo producido durante el  taller.<\/p>\n\n\n\n<p>Para m\u00e1s informaci\u00f3n sobre la muestra, ingresar al siguiente link:<\/p>\n\n\n\n<figure class=\"wp-block-embed-wordpress wp-block-embed is-type-wp-embed is-provider-wordpress\"><div class=\"wp-block-embed__wrapper\">\n<blockquote class=\"wp-embedded-content\" data-secret=\"yr0zPK7o8g\"><a href=\"http:\/\/cultura.sma.gob.ar\/2022\/03\/27\/llega-la-exposicion-cartografia-de-una-celebracion-a-la-sala-municipal-lidaura-chapitel\/\">Llega la Exposici\u00f3n &#8221;Cartograf\u00eda de una Celebraci\u00f3n&#8221; a la Sala Municipal Lidaura Chapitel<\/a><\/blockquote><iframe loading=\"lazy\" class=\"wp-embedded-content\" sandbox=\"allow-scripts\" security=\"restricted\" style=\"position: absolute; clip: rect(1px, 1px, 1px, 1px);\" title=\"&#8220;Llega la Exposici\u00f3n &#8221;Cartograf\u00eda de una Celebraci\u00f3n&#8221; a la Sala Municipal Lidaura Chapitel&#8221; &#8212; \" src=\"http:\/\/cultura.sma.gob.ar\/2022\/03\/27\/llega-la-exposicion-cartografia-de-una-celebracion-a-la-sala-municipal-lidaura-chapitel\/embed\/#?secret=yr0zPK7o8g\" data-secret=\"yr0zPK7o8g\" width=\"600\" height=\"338\" frameborder=\"0\" marginwidth=\"0\" marginheight=\"0\" scrolling=\"no\"><\/iframe>\n<\/div><\/figure>\n","protected":false},"excerpt":{"rendered":"<p>Visitas interpretativas a las muestras y talleres para grupos escolares en la Sala Municipal de Exposiciones \u201cLidaura Chapitel\u201d En el marco de la exposici\u00f3n CARTOGRAF\u00cdA DE UNA CELEBRACI\u00d3N de las artistas S. Fern\u00e1ndez, C. Gorbal\u00e1n, C. T\u00e1ngaro, R. Ercoli, A. Engelman y D. Noguer se ofrece el taller-visita \u201c.\u201d Destinatarios: 3\u00b0 y 4\u00b0 grado de nivel primario D\u00edas: Turno ma\u00f1ana: MARTES 12 y 19 de &hellip; <a href=\"https:\/\/cultura.sma.gob.ar\/?p=3163\" class=\"more-link\">Continue reading <span class=\"screen-reader-text\">Talleres \u201cLa Escuela en la Sala: MIRAR ES HACER&#8221; (FINALIZADOS)<\/span><\/a><\/p>\n","protected":false},"author":1,"featured_media":293,"comment_status":"closed","ping_status":"","sticky":false,"template":"","format":"image","meta":{"footnotes":""},"categories":[6,7,9],"tags":[],"class_list":["post-3163","post","type-post","status-publish","format-image","has-post-thumbnail","hentry","category-sala-lidaura-chapitel","category-talleres-cultura","category-ultimas-noticias","post_format-post-format-image"],"_links":{"self":[{"href":"https:\/\/cultura.sma.gob.ar\/index.php?rest_route=\/wp\/v2\/posts\/3163","targetHints":{"allow":["GET"]}}],"collection":[{"href":"https:\/\/cultura.sma.gob.ar\/index.php?rest_route=\/wp\/v2\/posts"}],"about":[{"href":"https:\/\/cultura.sma.gob.ar\/index.php?rest_route=\/wp\/v2\/types\/post"}],"author":[{"embeddable":true,"href":"https:\/\/cultura.sma.gob.ar\/index.php?rest_route=\/wp\/v2\/users\/1"}],"replies":[{"embeddable":true,"href":"https:\/\/cultura.sma.gob.ar\/index.php?rest_route=%2Fwp%2Fv2%2Fcomments&post=3163"}],"version-history":[{"count":2,"href":"https:\/\/cultura.sma.gob.ar\/index.php?rest_route=\/wp\/v2\/posts\/3163\/revisions"}],"predecessor-version":[{"id":3265,"href":"https:\/\/cultura.sma.gob.ar\/index.php?rest_route=\/wp\/v2\/posts\/3163\/revisions\/3265"}],"wp:featuredmedia":[{"embeddable":true,"href":"https:\/\/cultura.sma.gob.ar\/index.php?rest_route=\/wp\/v2\/media\/293"}],"wp:attachment":[{"href":"https:\/\/cultura.sma.gob.ar\/index.php?rest_route=%2Fwp%2Fv2%2Fmedia&parent=3163"}],"wp:term":[{"taxonomy":"category","embeddable":true,"href":"https:\/\/cultura.sma.gob.ar\/index.php?rest_route=%2Fwp%2Fv2%2Fcategories&post=3163"},{"taxonomy":"post_tag","embeddable":true,"href":"https:\/\/cultura.sma.gob.ar\/index.php?rest_route=%2Fwp%2Fv2%2Ftags&post=3163"}],"curies":[{"name":"wp","href":"https:\/\/api.w.org\/{rel}","templated":true}]}}