{"id":3158,"date":"2022-04-05T15:35:01","date_gmt":"2022-04-05T18:35:01","guid":{"rendered":"http:\/\/cultura.sma.gob.ar\/?p=3158"},"modified":"2022-04-05T15:35:01","modified_gmt":"2022-04-05T18:35:01","slug":"me-importa-tu-voz-en-el-teatro-san-jose","status":"publish","type":"post","link":"https:\/\/cultura.sma.gob.ar\/?p=3158","title":{"rendered":"&#8221;Me importa tu voz&#8221;, en el Teatro San Jos\u00e9"},"content":{"rendered":"\n<figure class=\"wp-block-image size-large\"><img loading=\"lazy\" decoding=\"async\" width=\"775\" height=\"511\" src=\"http:\/\/cultura.sma.gob.ar\/wp-content\/uploads\/2022\/04\/me-impor.png\" alt=\"\" class=\"wp-image-3159\" srcset=\"https:\/\/cultura.sma.gob.ar\/wp-content\/uploads\/2022\/04\/me-impor.png 775w, https:\/\/cultura.sma.gob.ar\/wp-content\/uploads\/2022\/04\/me-impor-300x198.png 300w, https:\/\/cultura.sma.gob.ar\/wp-content\/uploads\/2022\/04\/me-impor-768x506.png 768w, https:\/\/cultura.sma.gob.ar\/wp-content\/uploads\/2022\/04\/me-impor-136x90.png 136w\" sizes=\"auto, (max-width: 775px) 100vw, 775px\" \/><\/figure>\n\n\n\n<figure class=\"wp-block-image size-large\"><img loading=\"lazy\" decoding=\"async\" width=\"757\" height=\"585\" src=\"http:\/\/cultura.sma.gob.ar\/wp-content\/uploads\/2022\/04\/me-importa-tu-voz.png\" alt=\"\" class=\"wp-image-3160\" srcset=\"https:\/\/cultura.sma.gob.ar\/wp-content\/uploads\/2022\/04\/me-importa-tu-voz.png 757w, https:\/\/cultura.sma.gob.ar\/wp-content\/uploads\/2022\/04\/me-importa-tu-voz-300x232.png 300w, https:\/\/cultura.sma.gob.ar\/wp-content\/uploads\/2022\/04\/me-importa-tu-voz-116x90.png 116w\" sizes=\"auto, (max-width: 757px) 100vw, 757px\" \/><\/figure>\n\n\n\n<p><\/p>\n\n\n\n<p>Espect\u00e1culo musical para primeras infancias.<\/p>\n\n\n\n<ul class=\"wp-block-list\"><li>D\u00eda: S\u00e1bado 16 de abril<\/li><li>Hora: 18 hs.<\/li><li>Valor de la entrada: $400<\/li><\/ul>\n\n\n\n<p><em>&#8220;Este espect\u00e1culo musical est\u00e1 dirigido a la primera infancia pero la invitaci\u00f3n es para toda la familia, pues se trata de una propuesta sumamente rica en ritmos musicales que nos llevar\u00e1n de viaje por diversas culturas. Con mucha alegr\u00eda y colorido, el p\u00fablico m\u00e1s peque\u00f1o ser\u00e1 invitado a zambullirse en el universo de Mia con canciones cortas y divertidas que acompa\u00f1an a descubrir partes del cuerpo y tambi\u00e9n a jugar en ronda. El relato sobre la tradici\u00f3n de una tribu africana llevar\u00e1 a Mia a compartir su experiencia de conexi\u00f3n con sus hij@s a trav\u00e9s de la m\u00fasica y de su mano la invitaci\u00f3n ser\u00e1 a que madres, padres, t\u00edas, t\u00edos, abuelas, abuelos conecten con la esencia de sus hij@s, y as\u00ed tambi\u00e9n con su propia infancia. Los temas musicales de Mia est\u00e1n afinados en frecuencias sustentables que propician procesos de transformaci\u00f3n emocional\/mental y conexi\u00f3n con el aqu\u00ed y el ahora. Como esa tribu, atesoraremos estos momentos compartidos de cantar, bailar, movernos o simplemente disfrutar de la m\u00fasica junto a nuestras infancias&#8221;.<\/em><\/p>\n\n\n\n<p>ELENCO<\/p>\n\n\n\n<p>&nbsp;Mia Sound &#8211; actuaci\u00f3n y canto (voz principal).<\/p>\n\n\n\n<p>Carolina Ventura actuaci\u00f3n (Hada) y canto (voz de apoyo).<\/p>\n\n\n\n<p>&nbsp;Octavio Stampalia presentador y m\u00fasico invitado qui\u00e9n interpretar\u00e1 un teclado y cantar\u00e1 (voz de apoyo).<\/p>\n\n\n\n<p>&nbsp;STAFF T\u00c9CNICO<\/p>\n\n\n\n<p><strong>Sonido<\/strong>&#8211; Ra\u00fal Pina, Alejandro Bidondo y Diego Monti&nbsp;.&nbsp;<strong>Iluminaci\u00f3n<\/strong>&#8211; H\u00e9ctor \u201cCachi\u201d Troncoso&nbsp;<strong>.Director<\/strong>&#8211; Duilio Smiriglia<strong>. Producci\u00f3n general<\/strong>&nbsp;-La Ria Producciones&nbsp;&nbsp;<strong>.Dise\u00f1o e Ilustraci\u00f3n<\/strong>&#8211; Virginia Reverdito&nbsp;<strong>.Community Manager<\/strong>-Mayra Lucila Su\u00e1rez&nbsp;<strong>.Asesora de vestuario<\/strong>&#8211; Lisy Von Zehmen&nbsp;<strong>.Modistas<\/strong>&#8211; Daisy Canale Aguilera y Alicia Ruiz.<\/p>\n","protected":false},"excerpt":{"rendered":"<p>Espect\u00e1culo musical para primeras infancias. D\u00eda: S\u00e1bado 16 de abril Hora: 18 hs. Valor de la entrada: $400 &#8220;Este espect\u00e1culo musical est\u00e1 dirigido a la primera infancia pero la invitaci\u00f3n es para toda la familia, pues se trata de una propuesta sumamente rica en ritmos musicales que nos llevar\u00e1n de viaje por diversas culturas. Con mucha alegr\u00eda y colorido, el p\u00fablico m\u00e1s peque\u00f1o ser\u00e1 invitado &hellip; <a href=\"https:\/\/cultura.sma.gob.ar\/?p=3158\" class=\"more-link\">Continue reading <span class=\"screen-reader-text\">&#8221;Me importa tu voz&#8221;, en el Teatro San Jos\u00e9<\/span><\/a><\/p>\n","protected":false},"author":1,"featured_media":0,"comment_status":"closed","ping_status":"","sticky":false,"template":"","format":"image","meta":{"footnotes":""},"categories":[2,8],"tags":[],"class_list":["post-3158","post","type-post","status-publish","format-image","hentry","category-ciudad-cultural","category-teatro-san-jose","post_format-post-format-image"],"_links":{"self":[{"href":"https:\/\/cultura.sma.gob.ar\/index.php?rest_route=\/wp\/v2\/posts\/3158","targetHints":{"allow":["GET"]}}],"collection":[{"href":"https:\/\/cultura.sma.gob.ar\/index.php?rest_route=\/wp\/v2\/posts"}],"about":[{"href":"https:\/\/cultura.sma.gob.ar\/index.php?rest_route=\/wp\/v2\/types\/post"}],"author":[{"embeddable":true,"href":"https:\/\/cultura.sma.gob.ar\/index.php?rest_route=\/wp\/v2\/users\/1"}],"replies":[{"embeddable":true,"href":"https:\/\/cultura.sma.gob.ar\/index.php?rest_route=%2Fwp%2Fv2%2Fcomments&post=3158"}],"version-history":[{"count":1,"href":"https:\/\/cultura.sma.gob.ar\/index.php?rest_route=\/wp\/v2\/posts\/3158\/revisions"}],"predecessor-version":[{"id":3161,"href":"https:\/\/cultura.sma.gob.ar\/index.php?rest_route=\/wp\/v2\/posts\/3158\/revisions\/3161"}],"wp:attachment":[{"href":"https:\/\/cultura.sma.gob.ar\/index.php?rest_route=%2Fwp%2Fv2%2Fmedia&parent=3158"}],"wp:term":[{"taxonomy":"category","embeddable":true,"href":"https:\/\/cultura.sma.gob.ar\/index.php?rest_route=%2Fwp%2Fv2%2Fcategories&post=3158"},{"taxonomy":"post_tag","embeddable":true,"href":"https:\/\/cultura.sma.gob.ar\/index.php?rest_route=%2Fwp%2Fv2%2Ftags&post=3158"}],"curies":[{"name":"wp","href":"https:\/\/api.w.org\/{rel}","templated":true}]}}