{"id":3150,"date":"2022-04-05T15:18:28","date_gmt":"2022-04-05T18:18:28","guid":{"rendered":"http:\/\/cultura.sma.gob.ar\/?p=3150"},"modified":"2022-04-08T13:00:36","modified_gmt":"2022-04-08T16:00:36","slug":"arrancan-las-estaciones-culturales-en-5-barrios-y-con-36-talleres-gratuitos","status":"publish","type":"post","link":"https:\/\/cultura.sma.gob.ar\/?p=3150","title":{"rendered":"Arrancan las Estaciones Culturales en 5 barrios y con 36 talleres gratuitos"},"content":{"rendered":"\n<figure class=\"wp-block-image size-large\"><img loading=\"lazy\" decoding=\"async\" width=\"1024\" height=\"1024\" src=\"http:\/\/cultura.sma.gob.ar\/wp-content\/uploads\/2022\/04\/programa-reencuentro_carteleria-22-1024x1024.jpg\" alt=\"\" class=\"wp-image-3151\" srcset=\"https:\/\/cultura.sma.gob.ar\/wp-content\/uploads\/2022\/04\/programa-reencuentro_carteleria-22-1024x1024.jpg 1024w, https:\/\/cultura.sma.gob.ar\/wp-content\/uploads\/2022\/04\/programa-reencuentro_carteleria-22-300x300.jpg 300w, https:\/\/cultura.sma.gob.ar\/wp-content\/uploads\/2022\/04\/programa-reencuentro_carteleria-22-150x150.jpg 150w, https:\/\/cultura.sma.gob.ar\/wp-content\/uploads\/2022\/04\/programa-reencuentro_carteleria-22-768x768.jpg 768w, https:\/\/cultura.sma.gob.ar\/wp-content\/uploads\/2022\/04\/programa-reencuentro_carteleria-22-1536x1536.jpg 1536w, https:\/\/cultura.sma.gob.ar\/wp-content\/uploads\/2022\/04\/programa-reencuentro_carteleria-22-90x90.jpg 90w, https:\/\/cultura.sma.gob.ar\/wp-content\/uploads\/2022\/04\/programa-reencuentro_carteleria-22.jpg 1875w\" sizes=\"auto, (max-width: 1024px) 100vw, 1024px\" \/><\/figure>\n\n\n\n<p>A partir del lunes 11 de abril comenzar\u00e1n a funcionar las Estaciones Culturales, con 36 talleres gratuitos para todas las edades, distribuidos en 5 Estaciones Culturales, que estar\u00e1n ubicadas en los barrios Cordones del Chapelco, Vega Centro , Villa Paur, El Arenal y Cantera.<\/p>\n\n\n\n<p>Habr\u00e1 talleres de Expresi\u00f3n corporal; Dibujo y pintura; Encuadernaci\u00f3n; Maquetas, arquitectura y ciudad; Folclore; Clown; T\u00edteres; Tango; Danza urbana, Ajedrez, Taller literario para ni\u00f1os y ni\u00f1as; Reciclado y pintura decorativa, T\u00e9cnicas de artes pl\u00e1sticas y Amigurumis (figuras en crochet);<br>A continuaci\u00f3n se detallan los lugares, d\u00edas y horarios de funcionamiento de cada  Estaci\u00f3n Cultural:<\/p>\n\n\n\n<p><strong>EC Cordones del Chapelco<\/strong><br>Lugar: Delegaci\u00f3n Municipal. D\u00edas y horarios: martes y s\u00e1bado, de 16 a 22 hs.<\/p>\n\n\n\n<p><strong>EC Vega Centro<\/strong><br>Lugar: Delegaci\u00f3n Municipal. D\u00edas y horarios: lunes, mi\u00e9rcoles y viernes, de 16 a 22 hs.<\/p>\n\n\n\n<p><strong>EC Villa Paur<\/strong><br>D\u00edas y horarios: lunes y mi\u00e9rcoles, de 16 a 22 hs.<\/p>\n\n\n\n<p><strong>EC El Arenal<\/strong><br>Lugar: Delegaci\u00f3n Municipal. D\u00edas y horarios: viernes y s\u00e1bado, de 16 a 22 hs.<\/p>\n\n\n\n<p>EC Cantera<br>Lugar: Junta Vecinal. D\u00edas y horarios: lunes, mi\u00e9rcoles y s\u00e1bado, de 16 a 22<br>hs.<\/p>\n\n\n\n<p>Inscribite a los talleres en la Estaci\u00f3n Cultural m\u00e1s cercana o en la Secretar\u00eda de Cultura. <\/p>\n\n\n\n<p>Tambi\u00e9n podes llamar al 424-804 de 8 a 15 hs.<\/p>\n","protected":false},"excerpt":{"rendered":"<p>A partir del lunes 11 de abril comenzar\u00e1n a funcionar las Estaciones Culturales, con 36 talleres gratuitos para todas las edades, distribuidos en 5 Estaciones Culturales, que estar\u00e1n ubicadas en los barrios Cordones del Chapelco, Vega Centro , Villa Paur, El Arenal y Cantera. Habr\u00e1 talleres de Expresi\u00f3n corporal; Dibujo y pintura; Encuadernaci\u00f3n; Maquetas, arquitectura y ciudad; Folclore; Clown; T\u00edteres; Tango; Danza urbana, Ajedrez, Taller &hellip; <a href=\"https:\/\/cultura.sma.gob.ar\/?p=3150\" class=\"more-link\">Continue reading <span class=\"screen-reader-text\">Arrancan las Estaciones Culturales en 5 barrios y con 36 talleres gratuitos<\/span><\/a><\/p>\n","protected":false},"author":1,"featured_media":293,"comment_status":"closed","ping_status":"","sticky":false,"template":"","format":"image","meta":{"footnotes":""},"categories":[7,9],"tags":[],"class_list":["post-3150","post","type-post","status-publish","format-image","has-post-thumbnail","hentry","category-talleres-cultura","category-ultimas-noticias","post_format-post-format-image"],"_links":{"self":[{"href":"https:\/\/cultura.sma.gob.ar\/index.php?rest_route=\/wp\/v2\/posts\/3150","targetHints":{"allow":["GET"]}}],"collection":[{"href":"https:\/\/cultura.sma.gob.ar\/index.php?rest_route=\/wp\/v2\/posts"}],"about":[{"href":"https:\/\/cultura.sma.gob.ar\/index.php?rest_route=\/wp\/v2\/types\/post"}],"author":[{"embeddable":true,"href":"https:\/\/cultura.sma.gob.ar\/index.php?rest_route=\/wp\/v2\/users\/1"}],"replies":[{"embeddable":true,"href":"https:\/\/cultura.sma.gob.ar\/index.php?rest_route=%2Fwp%2Fv2%2Fcomments&post=3150"}],"version-history":[{"count":2,"href":"https:\/\/cultura.sma.gob.ar\/index.php?rest_route=\/wp\/v2\/posts\/3150\/revisions"}],"predecessor-version":[{"id":3168,"href":"https:\/\/cultura.sma.gob.ar\/index.php?rest_route=\/wp\/v2\/posts\/3150\/revisions\/3168"}],"wp:featuredmedia":[{"embeddable":true,"href":"https:\/\/cultura.sma.gob.ar\/index.php?rest_route=\/wp\/v2\/media\/293"}],"wp:attachment":[{"href":"https:\/\/cultura.sma.gob.ar\/index.php?rest_route=%2Fwp%2Fv2%2Fmedia&parent=3150"}],"wp:term":[{"taxonomy":"category","embeddable":true,"href":"https:\/\/cultura.sma.gob.ar\/index.php?rest_route=%2Fwp%2Fv2%2Fcategories&post=3150"},{"taxonomy":"post_tag","embeddable":true,"href":"https:\/\/cultura.sma.gob.ar\/index.php?rest_route=%2Fwp%2Fv2%2Ftags&post=3150"}],"curies":[{"name":"wp","href":"https:\/\/api.w.org\/{rel}","templated":true}]}}