{"id":3137,"date":"2022-03-30T21:12:55","date_gmt":"2022-03-31T00:12:55","guid":{"rendered":"http:\/\/cultura.sma.gob.ar\/?p=3137"},"modified":"2022-03-30T21:12:55","modified_gmt":"2022-03-31T00:12:55","slug":"llega-el-festival-mover-teatro-fisico-con-talleres-y-funciones-en-el-teatro-san-jose","status":"publish","type":"post","link":"https:\/\/cultura.sma.gob.ar\/?p=3137","title":{"rendered":"Llega el &#8221;Festival MOVER &#8211; Teatro F\u00edsico&#8221;, con talleres y funciones en el Teatro San Jos\u00e9"},"content":{"rendered":"\n<figure class=\"wp-block-image size-large\"><img loading=\"lazy\" decoding=\"async\" width=\"1024\" height=\"1024\" src=\"http:\/\/cultura.sma.gob.ar\/wp-content\/uploads\/2022\/03\/WhatsApp-Image-2022-03-30-at-2.18.38-PM-1-1024x1024.jpeg\" alt=\"\" class=\"wp-image-3138\" srcset=\"https:\/\/cultura.sma.gob.ar\/wp-content\/uploads\/2022\/03\/WhatsApp-Image-2022-03-30-at-2.18.38-PM-1-1024x1024.jpeg 1024w, https:\/\/cultura.sma.gob.ar\/wp-content\/uploads\/2022\/03\/WhatsApp-Image-2022-03-30-at-2.18.38-PM-1-300x300.jpeg 300w, https:\/\/cultura.sma.gob.ar\/wp-content\/uploads\/2022\/03\/WhatsApp-Image-2022-03-30-at-2.18.38-PM-1-150x150.jpeg 150w, https:\/\/cultura.sma.gob.ar\/wp-content\/uploads\/2022\/03\/WhatsApp-Image-2022-03-30-at-2.18.38-PM-1-768x768.jpeg 768w, https:\/\/cultura.sma.gob.ar\/wp-content\/uploads\/2022\/03\/WhatsApp-Image-2022-03-30-at-2.18.38-PM-1-90x90.jpeg 90w, https:\/\/cultura.sma.gob.ar\/wp-content\/uploads\/2022\/03\/WhatsApp-Image-2022-03-30-at-2.18.38-PM-1.jpeg 1182w\" sizes=\"auto, (max-width: 1024px) 100vw, 1024px\" \/><\/figure>\n\n\n\n<figure class=\"wp-block-image size-large\"><img loading=\"lazy\" decoding=\"async\" width=\"1024\" height=\"1024\" src=\"http:\/\/cultura.sma.gob.ar\/wp-content\/uploads\/2022\/03\/WhatsApp-Image-2022-03-30-at-2.18.38-PM-1024x1024.jpeg\" alt=\"\" class=\"wp-image-3139\" srcset=\"https:\/\/cultura.sma.gob.ar\/wp-content\/uploads\/2022\/03\/WhatsApp-Image-2022-03-30-at-2.18.38-PM-1024x1024.jpeg 1024w, https:\/\/cultura.sma.gob.ar\/wp-content\/uploads\/2022\/03\/WhatsApp-Image-2022-03-30-at-2.18.38-PM-300x300.jpeg 300w, https:\/\/cultura.sma.gob.ar\/wp-content\/uploads\/2022\/03\/WhatsApp-Image-2022-03-30-at-2.18.38-PM-150x150.jpeg 150w, https:\/\/cultura.sma.gob.ar\/wp-content\/uploads\/2022\/03\/WhatsApp-Image-2022-03-30-at-2.18.38-PM-768x768.jpeg 768w, https:\/\/cultura.sma.gob.ar\/wp-content\/uploads\/2022\/03\/WhatsApp-Image-2022-03-30-at-2.18.38-PM-90x90.jpeg 90w, https:\/\/cultura.sma.gob.ar\/wp-content\/uploads\/2022\/03\/WhatsApp-Image-2022-03-30-at-2.18.38-PM.jpeg 1182w\" sizes=\"auto, (max-width: 1024px) 100vw, 1024px\" \/><\/figure>\n\n\n\n<p>Llega esta propuesta al Teatro San Jos\u00e9, con entradas disponibles en boleter\u00eda.<\/p>\n\n\n\n<p><strong>FUNCIONES:\u00a0<\/strong> <\/p>\n\n\n\n<p><strong>REPETIR HASTA DISOLVER<\/strong>:<\/p>\n\n\n\n<ul class=\"wp-block-list\"><li>S\u00e1bado 9 de abril<\/li><\/ul>\n\n\n\n<ul class=\"wp-block-list\"><li>Hora: 19:40 <\/li><\/ul>\n\n\n\n<p><\/p>\n\n\n\n<p><strong>CLAUDIO INFERNO Y SU TORRE DE VIDRIO:<\/strong><\/p>\n\n\n\n<ul class=\"wp-block-list\"><li>Hora: 20:30 <\/li><\/ul>\n\n\n\n<ul class=\"wp-block-list\"><li>Lugar: Teatro San Jos\u00e9<\/li><\/ul>\n\n\n\n<ul class=\"wp-block-list\"><li>Valor de las entradas: $400. <\/li><\/ul>\n\n\n\n<ul class=\"wp-block-list\"><li>Si se adquieren para las dos obras $600.<\/li><\/ul>\n\n\n\n<ul class=\"wp-block-list\"><li>Entradas a la venta en: Boleter\u00eda\u00a0Teatro San Jos\u00e9. Drury\u00a0759,  de 9 a 21 hs.\u00a0<\/li><\/ul>\n\n\n\n<p><strong>Repetir hasta disolver<\/strong><\/p>\n\n\n\n<p><em>\u201cHallar el patr\u00f3n y repetir hasta disolver<\/em><\/p>\n\n\n\n<p><em>Premio a las actividades perform\u00e1ticas en entornos Virtuales, INT.<\/em><\/p>\n\n\n\n<p>Grupo: E.T.<\/p>\n\n\n\n<p>&nbsp;Concepto y creaci\u00f3n: Emilia Tosar<\/p>\n\n\n\n<p>Performers: Lucia Bonato y Emilia Tosar.<\/p>\n\n\n\n<p>T\u00e9cnica: Andres Archila<\/p>\n\n\n\n<p>&nbsp;Producci\u00f3n: Emilia Tosar<\/p>\n\n\n\n<p>Supervisi\u00f3n esc\u00e9nica: Jorgelina Balsa Duraci\u00f3n 30 minutos<\/p>\n\n\n\n<p><em>M\u00faltiples puntos de vista abordan una escena intima atravesada por la danza, la voz y una mirada en detalle.<\/em><\/p>\n\n\n\n<p><em>La performance se repetir\u00e1, como en loop, una danza de mil d\u00edas, un grupo de acciones f\u00edsicas que surgen a partir del texto, una reflexi\u00f3n profunda que se ve encerrada en cuatros paredes, una mujer que reeval\u00faa, un cuerpo que repite hasta disolver el patr\u00f3n.<\/em><\/p>\n\n\n\n<p><em>Un texto se escucha una y otra vez (en vivo), disolvi\u00e9ndose lentamente, pierde sentido y las palabras se desvanecen en el aire. El grupo de acciones f\u00edsicas crecen en intensidad y en amplitud, las formas van mutando. La melancol\u00eda y el erotismo se mezclan. Sosteniendo un plano secuencia durante toda la acci\u00f3n que muestra los detalles de la performance, este plano ser\u00e1 proyectado en otro espacio f\u00edsico y v\u00eda stremming. La obra fue presentada para el INT en su formato para entornos virtuales, para la muestra ArteBA en el mismo formato, en el 20\u00b0 Festival Estival de Teatro de San Mart\u00edn de los Andes\u201d.<\/em><\/p>\n\n\n\n<p><strong>Claudio Inferno Y SU TORRE DE VIDRIO<\/strong><\/p>\n\n\n\n<p><em>&#8220;CLAUDIO INFERNO Y SU TORRE DE VIDRIO Y MADERA, es un espect\u00e1culo humor\u00edstico de equilibrio y m\u00fasica sobre botellas. El Sr. Inferno es un Tonto. Ha dedicado su vida a la profesionalizaci\u00f3n de esta actividad. En este proyecto expone tres de sus m\u00e1s grandes Tonter\u00edas. El performer introduce al p\u00fablico en un universo a\u00f1ejo de botellas vac\u00edas y m\u00fasica disonante. Se dirige al p\u00fablico directamente, utilizando un lenguaje cotidiano en contraste con sus extravagantes proezas y excentricidades que sorprenden al espectador. Tomando c\u00f3digos del lenguaje del stand up y los viejos espect\u00e1culos de variedades, este artista logra un espect\u00e1culo original. Lleva al p\u00fablico desde la sorpresa a la tensi\u00f3n que genera el verdadero riesgo de conseguir la haza\u00f1a imposible. Pues aqu\u00ed, el Tonto, pone en juego su vida&#8221;.<\/em><\/p>\n","protected":false},"excerpt":{"rendered":"<p>Llega esta propuesta al Teatro San Jos\u00e9, con entradas disponibles en boleter\u00eda. FUNCIONES:\u00a0 REPETIR HASTA DISOLVER: S\u00e1bado 9 de abril Hora: 19:40 CLAUDIO INFERNO Y SU TORRE DE VIDRIO: Hora: 20:30 Lugar: Teatro San Jos\u00e9 Valor de las entradas: $400. Si se adquieren para las dos obras $600. Entradas a la venta en: Boleter\u00eda\u00a0Teatro San Jos\u00e9. Drury\u00a0759, de 9 a 21 hs.\u00a0 Repetir hasta disolver &hellip; <a href=\"https:\/\/cultura.sma.gob.ar\/?p=3137\" class=\"more-link\">Continue reading <span class=\"screen-reader-text\">Llega el &#8221;Festival MOVER &#8211; Teatro F\u00edsico&#8221;, con talleres y funciones en el Teatro San Jos\u00e9<\/span><\/a><\/p>\n","protected":false},"author":1,"featured_media":291,"comment_status":"closed","ping_status":"","sticky":false,"template":"","format":"image","meta":{"footnotes":""},"categories":[8,9],"tags":[],"class_list":["post-3137","post","type-post","status-publish","format-image","has-post-thumbnail","hentry","category-teatro-san-jose","category-ultimas-noticias","post_format-post-format-image"],"_links":{"self":[{"href":"https:\/\/cultura.sma.gob.ar\/index.php?rest_route=\/wp\/v2\/posts\/3137","targetHints":{"allow":["GET"]}}],"collection":[{"href":"https:\/\/cultura.sma.gob.ar\/index.php?rest_route=\/wp\/v2\/posts"}],"about":[{"href":"https:\/\/cultura.sma.gob.ar\/index.php?rest_route=\/wp\/v2\/types\/post"}],"author":[{"embeddable":true,"href":"https:\/\/cultura.sma.gob.ar\/index.php?rest_route=\/wp\/v2\/users\/1"}],"replies":[{"embeddable":true,"href":"https:\/\/cultura.sma.gob.ar\/index.php?rest_route=%2Fwp%2Fv2%2Fcomments&post=3137"}],"version-history":[{"count":1,"href":"https:\/\/cultura.sma.gob.ar\/index.php?rest_route=\/wp\/v2\/posts\/3137\/revisions"}],"predecessor-version":[{"id":3141,"href":"https:\/\/cultura.sma.gob.ar\/index.php?rest_route=\/wp\/v2\/posts\/3137\/revisions\/3141"}],"wp:featuredmedia":[{"embeddable":true,"href":"https:\/\/cultura.sma.gob.ar\/index.php?rest_route=\/wp\/v2\/media\/291"}],"wp:attachment":[{"href":"https:\/\/cultura.sma.gob.ar\/index.php?rest_route=%2Fwp%2Fv2%2Fmedia&parent=3137"}],"wp:term":[{"taxonomy":"category","embeddable":true,"href":"https:\/\/cultura.sma.gob.ar\/index.php?rest_route=%2Fwp%2Fv2%2Fcategories&post=3137"},{"taxonomy":"post_tag","embeddable":true,"href":"https:\/\/cultura.sma.gob.ar\/index.php?rest_route=%2Fwp%2Fv2%2Ftags&post=3137"}],"curies":[{"name":"wp","href":"https:\/\/api.w.org\/{rel}","templated":true}]}}