{"id":3133,"date":"2022-03-28T12:53:56","date_gmt":"2022-03-28T15:53:56","guid":{"rendered":"http:\/\/cultura.sma.gob.ar\/?p=3133"},"modified":"2022-03-30T21:30:54","modified_gmt":"2022-03-31T00:30:54","slug":"capacitacion-gratuita-sobre-organizacion-de-fiestas-y-festividades-populares","status":"publish","type":"post","link":"https:\/\/cultura.sma.gob.ar\/?p=3133","title":{"rendered":"Capacitaci\u00f3n gratuita sobre organizaci\u00f3n de &#8221;Fiestas y Festividades Populares&#8221;, en Teatro San Jos\u00e9"},"content":{"rendered":"\n<figure class=\"wp-block-image size-large\"><img decoding=\"async\" src=\"http:\/\/neuquentur.gob.ar\/lab\/wp-content\/uploads\/2022\/03\/Posteos-Marzo_1080x1080-px-09-corregido-960x656.jpg\" alt=\"\"\/><\/figure>\n\n\n\n<p>Capacitaci\u00f3n gratuita sobre organizaci\u00f3n de fiestas y festividades populares<br>Este s\u00e1bado 2 y domingo 3 de abril, en el Teatro San Jos\u00e9, se realizar\u00e1 el Curso \u201cFiestas y Festividades Populares\u201d,&nbsp;organizado por el Ministerio de Turismo de la Provincia del Neuqu\u00e9n y financiado por CFI. Su finalidad es brindar herramientas para lograr un \u00f3ptimo desarrollo de nuestras Fiestas Populares.<br>&nbsp;<br><strong>Las tem\u00e1ticas a tratar son:<\/strong><\/p>\n\n\n\n<p>&#8211;&nbsp;&nbsp;Fiestas y Festividades Nacionales (definici\u00f3n de fiestas y festividades, impacto socio\u2013 cultural \u2013 econ\u00f3mico, clasificaci\u00f3n, estad\u00edsticas, etc.)<\/p>\n\n\n\n<p>&#8211;&nbsp;&nbsp;&nbsp;Planificaci\u00f3n, Organizaci\u00f3n y Coordinaci\u00f3n de Fiestas y Festividades Populares:<br>problemas m\u00e1s frecuentes, sedes, proveedores, etapas de la organizaci\u00f3n, etc.<\/p>\n\n\n\n<p>&#8211;&nbsp;&nbsp;COVID 20-21: protocolos, que se est\u00e1 haciendo actualmente, fiestas online, etc.<br>&nbsp;<br><strong>Fecha y lugar:<\/strong><\/p>\n\n\n\n<p>Los d\u00edas 02 y 03 de abril en el&nbsp;Teatro San Jos\u00e9, calle Drury 759 de&nbsp;San Mart\u00edn de los<br>Andes<br>&nbsp;<br><strong>Horarios:<\/strong><\/p>\n\n\n\n<p>Las dos jornadas ser\u00e1n de 10 a 13, y de 14 a 17 hs.<br>Para inscripciones y m\u00e1s informaci\u00f3n, comunicarse con el siguiente<br>email:&nbsp;fiestaspopularesdenqn@gmail.com<\/p>\n","protected":false},"excerpt":{"rendered":"<p>Capacitaci\u00f3n gratuita sobre organizaci\u00f3n de fiestas y festividades popularesEste s\u00e1bado 2 y domingo 3 de abril, en el Teatro San Jos\u00e9, se realizar\u00e1 el Curso \u201cFiestas y Festividades Populares\u201d,&nbsp;organizado por el Ministerio de Turismo de la Provincia del Neuqu\u00e9n y financiado por CFI. Su finalidad es brindar herramientas para lograr un \u00f3ptimo desarrollo de nuestras Fiestas Populares.&nbsp;Las tem\u00e1ticas a tratar son: &#8211;&nbsp;&nbsp;Fiestas y Festividades Nacionales &hellip; <a href=\"https:\/\/cultura.sma.gob.ar\/?p=3133\" class=\"more-link\">Continue reading <span class=\"screen-reader-text\">Capacitaci\u00f3n gratuita sobre organizaci\u00f3n de &#8221;Fiestas y Festividades Populares&#8221;, en Teatro San Jos\u00e9<\/span><\/a><\/p>\n","protected":false},"author":1,"featured_media":297,"comment_status":"closed","ping_status":"","sticky":false,"template":"","format":"image","meta":{"footnotes":""},"categories":[2,9],"tags":[],"class_list":["post-3133","post","type-post","status-publish","format-image","has-post-thumbnail","hentry","category-ciudad-cultural","category-ultimas-noticias","post_format-post-format-image"],"_links":{"self":[{"href":"https:\/\/cultura.sma.gob.ar\/index.php?rest_route=\/wp\/v2\/posts\/3133","targetHints":{"allow":["GET"]}}],"collection":[{"href":"https:\/\/cultura.sma.gob.ar\/index.php?rest_route=\/wp\/v2\/posts"}],"about":[{"href":"https:\/\/cultura.sma.gob.ar\/index.php?rest_route=\/wp\/v2\/types\/post"}],"author":[{"embeddable":true,"href":"https:\/\/cultura.sma.gob.ar\/index.php?rest_route=\/wp\/v2\/users\/1"}],"replies":[{"embeddable":true,"href":"https:\/\/cultura.sma.gob.ar\/index.php?rest_route=%2Fwp%2Fv2%2Fcomments&post=3133"}],"version-history":[{"count":3,"href":"https:\/\/cultura.sma.gob.ar\/index.php?rest_route=\/wp\/v2\/posts\/3133\/revisions"}],"predecessor-version":[{"id":3146,"href":"https:\/\/cultura.sma.gob.ar\/index.php?rest_route=\/wp\/v2\/posts\/3133\/revisions\/3146"}],"wp:featuredmedia":[{"embeddable":true,"href":"https:\/\/cultura.sma.gob.ar\/index.php?rest_route=\/wp\/v2\/media\/297"}],"wp:attachment":[{"href":"https:\/\/cultura.sma.gob.ar\/index.php?rest_route=%2Fwp%2Fv2%2Fmedia&parent=3133"}],"wp:term":[{"taxonomy":"category","embeddable":true,"href":"https:\/\/cultura.sma.gob.ar\/index.php?rest_route=%2Fwp%2Fv2%2Fcategories&post=3133"},{"taxonomy":"post_tag","embeddable":true,"href":"https:\/\/cultura.sma.gob.ar\/index.php?rest_route=%2Fwp%2Fv2%2Ftags&post=3133"}],"curies":[{"name":"wp","href":"https:\/\/api.w.org\/{rel}","templated":true}]}}