{"id":3127,"date":"2022-03-27T22:54:38","date_gmt":"2022-03-28T01:54:38","guid":{"rendered":"http:\/\/cultura.sma.gob.ar\/?p=3127"},"modified":"2022-03-27T22:59:06","modified_gmt":"2022-03-28T01:59:06","slug":"llega-la-exposicion-cartografia-de-una-celebracion-a-la-sala-municipal-lidaura-chapitel","status":"publish","type":"post","link":"https:\/\/cultura.sma.gob.ar\/?p=3127","title":{"rendered":"Llega la Exposici\u00f3n &#8221;Cartograf\u00eda de una Celebraci\u00f3n&#8221; a la Sala Municipal Lidaura Chapitel"},"content":{"rendered":"\n<figure class=\"wp-block-image size-large\"><img loading=\"lazy\" decoding=\"async\" width=\"724\" height=\"1024\" src=\"http:\/\/cultura.sma.gob.ar\/wp-content\/uploads\/2022\/03\/expo-01-724x1024.jpg\" alt=\"\" class=\"wp-image-3128\" srcset=\"https:\/\/cultura.sma.gob.ar\/wp-content\/uploads\/2022\/03\/expo-01-724x1024.jpg 724w, https:\/\/cultura.sma.gob.ar\/wp-content\/uploads\/2022\/03\/expo-01-212x300.jpg 212w, https:\/\/cultura.sma.gob.ar\/wp-content\/uploads\/2022\/03\/expo-01-768x1086.jpg 768w, https:\/\/cultura.sma.gob.ar\/wp-content\/uploads\/2022\/03\/expo-01-1086x1536.jpg 1086w, https:\/\/cultura.sma.gob.ar\/wp-content\/uploads\/2022\/03\/expo-01-1448x2048.jpg 1448w, https:\/\/cultura.sma.gob.ar\/wp-content\/uploads\/2022\/03\/expo-01-64x90.jpg 64w, https:\/\/cultura.sma.gob.ar\/wp-content\/uploads\/2022\/03\/expo-01.jpg 1754w\" sizes=\"auto, (max-width: 724px) 100vw, 724px\" \/><\/figure>\n\n\n\n<p>La exposici\u00f3n &#8221;<em>Cartograf\u00eda de una celebraci\u00f3n<\/em>&#8221; agrupa a seis artistas que trabajan juntas desde 2018 Y a trav\u00e9s de sus producciones personales, construyeron esta propuesta que pone en di\u00e1logo sus miradas y quehaceres.<\/p>\n\n\n\n<p>&#8221;<em>Cartograf\u00eda de una celebraci\u00f3n<\/em>&#8221;&nbsp;teje una hermosa trama de vulnerabilidad, potencia y ancestralidad. Crea una danza sin retorno alrededor de la pasi\u00f3n, el dolor y la alquimia. Y por sobre todas las cosas, nos invita a celebrar la mirada como acto vital de resistencia, haciendo vibrar nuestras visiones al son de las celebraciones sin tiempo.&nbsp;<\/p>\n\n\n\n<p>Las artistas que participan de esta exposici\u00f3n son:&nbsp;Amar\u00ed Ug Atam\u00e1 (Carla Hebe Gorbal\u00e1n), Ana Engelman, Silvana Fern\u00e1ndez, Rosario Lopez Ercoli, Dolores Noguer, y Cecilia T\u00e1ngaro<\/p>\n\n\n\n<p>Esta nueva muestra inaugura el 1 de abril a las 20 hs. y estar\u00e1 vigente hasta el 20 de abril.<\/p>\n\n\n\n<p>La exposici\u00f3n podr\u00e1 ser visitada de lunes a viernes de 10 a 12:30 y 16 a 20 S\u00e1bados de 16 a 20.<\/p>\n\n\n\n<p><\/p>\n","protected":false},"excerpt":{"rendered":"<p>La exposici\u00f3n &#8221;Cartograf\u00eda de una celebraci\u00f3n&#8221; agrupa a seis artistas que trabajan juntas desde 2018 Y a trav\u00e9s de sus producciones personales, construyeron esta propuesta que pone en di\u00e1logo sus miradas y quehaceres. &#8221;Cartograf\u00eda de una celebraci\u00f3n&#8221;&nbsp;teje una hermosa trama de vulnerabilidad, potencia y ancestralidad. Crea una danza sin retorno alrededor de la pasi\u00f3n, el dolor y la alquimia. Y por sobre todas las cosas, &hellip; <a href=\"https:\/\/cultura.sma.gob.ar\/?p=3127\" class=\"more-link\">Continue reading <span class=\"screen-reader-text\">Llega la Exposici\u00f3n &#8221;Cartograf\u00eda de una Celebraci\u00f3n&#8221; a la Sala Municipal Lidaura Chapitel<\/span><\/a><\/p>\n","protected":false},"author":1,"featured_media":295,"comment_status":"closed","ping_status":"","sticky":false,"template":"","format":"image","meta":{"footnotes":""},"categories":[6,9],"tags":[],"class_list":["post-3127","post","type-post","status-publish","format-image","has-post-thumbnail","hentry","category-sala-lidaura-chapitel","category-ultimas-noticias","post_format-post-format-image"],"_links":{"self":[{"href":"https:\/\/cultura.sma.gob.ar\/index.php?rest_route=\/wp\/v2\/posts\/3127","targetHints":{"allow":["GET"]}}],"collection":[{"href":"https:\/\/cultura.sma.gob.ar\/index.php?rest_route=\/wp\/v2\/posts"}],"about":[{"href":"https:\/\/cultura.sma.gob.ar\/index.php?rest_route=\/wp\/v2\/types\/post"}],"author":[{"embeddable":true,"href":"https:\/\/cultura.sma.gob.ar\/index.php?rest_route=\/wp\/v2\/users\/1"}],"replies":[{"embeddable":true,"href":"https:\/\/cultura.sma.gob.ar\/index.php?rest_route=%2Fwp%2Fv2%2Fcomments&post=3127"}],"version-history":[{"count":2,"href":"https:\/\/cultura.sma.gob.ar\/index.php?rest_route=\/wp\/v2\/posts\/3127\/revisions"}],"predecessor-version":[{"id":3132,"href":"https:\/\/cultura.sma.gob.ar\/index.php?rest_route=\/wp\/v2\/posts\/3127\/revisions\/3132"}],"wp:featuredmedia":[{"embeddable":true,"href":"https:\/\/cultura.sma.gob.ar\/index.php?rest_route=\/wp\/v2\/media\/295"}],"wp:attachment":[{"href":"https:\/\/cultura.sma.gob.ar\/index.php?rest_route=%2Fwp%2Fv2%2Fmedia&parent=3127"}],"wp:term":[{"taxonomy":"category","embeddable":true,"href":"https:\/\/cultura.sma.gob.ar\/index.php?rest_route=%2Fwp%2Fv2%2Fcategories&post=3127"},{"taxonomy":"post_tag","embeddable":true,"href":"https:\/\/cultura.sma.gob.ar\/index.php?rest_route=%2Fwp%2Fv2%2Ftags&post=3127"}],"curies":[{"name":"wp","href":"https:\/\/api.w.org\/{rel}","templated":true}]}}