{"id":3120,"date":"2022-03-23T10:11:52","date_gmt":"2022-03-23T13:11:52","guid":{"rendered":"http:\/\/cultura.sma.gob.ar\/?p=3120"},"modified":"2022-03-23T10:11:52","modified_gmt":"2022-03-23T13:11:52","slug":"soltar-para-ser-feliz-22-de-abril-21-hs-centro-cultural-cotesma","status":"publish","type":"post","link":"https:\/\/cultura.sma.gob.ar\/?p=3120","title":{"rendered":"\u201cSoltar para Ser Feliz\u201d \/ 22 de abril, 21 hs \/ Centro Cultural Cotesma"},"content":{"rendered":"\n<figure class=\"wp-block-image size-large\"><img loading=\"lazy\" decoding=\"async\" width=\"756\" height=\"756\" src=\"http:\/\/cultura.sma.gob.ar\/wp-content\/uploads\/2022\/03\/Flyer-Feed.png\" alt=\"\" class=\"wp-image-3121\" srcset=\"https:\/\/cultura.sma.gob.ar\/wp-content\/uploads\/2022\/03\/Flyer-Feed.png 756w, https:\/\/cultura.sma.gob.ar\/wp-content\/uploads\/2022\/03\/Flyer-Feed-300x300.png 300w, https:\/\/cultura.sma.gob.ar\/wp-content\/uploads\/2022\/03\/Flyer-Feed-150x150.png 150w, https:\/\/cultura.sma.gob.ar\/wp-content\/uploads\/2022\/03\/Flyer-Feed-90x90.png 90w\" sizes=\"auto, (max-width: 756px) 100vw, 756px\" \/><\/figure>\n\n\n\n<p>El pr\u00f3ximo viernes, 22 de Abril, a las 21hs en la Sala Amankay del Centro Cultural Cotesma, recibiremos a Mario Massaccesi y Patricia Daleiro que nos contar\u00e1n c\u00f3mo, desde historias tr\u00e1gicas de sus vidas, pudieron \u201cSOLTAR PARA SER FELIZ\u201d.<\/p>\n\n\n\n<p>\u00bfTe anim\u00e1s? Soltar es una palabra que est\u00e1 de moda y la mayor\u00eda se pregunta: \u00bfc\u00f3mo se hace?<\/p>\n\n\n\n<p>Despu\u00e9s del \u00e9xito editorial, Mario Massaccesi y Patricia Daleiro llegan al teatro con una propuesta diferente que, a trav\u00e9s del humor, la reflexi\u00f3n, la emoci\u00f3n y las historias personales ayuda al espectador\/a a responder esa pregunta: \u00bfC\u00f3mo soltar?.<\/p>\n\n\n\n<p>\u201cSoltar para Ser Feliz\u201d fue publicado en noviembre de 2020 y ya va por la s\u00e9ptima edici\u00f3n. Ahora Mario y Patricia encontraron en el teatro un lugar m\u00e1gico para compartir la propuesta de \u201csoltar\u201d que ya experimentaron miles de personas que los siguen a trav\u00e9s del libro, de los talleres que brindan y de los vivos en redes sociales.<br>Sobre el escenario se atreven a ir por m\u00e1s, se desaf\u00edan y dejan en claro que todos tenemos la maravillosa posibilidad de soltar para vivir m\u00e1s felices.<\/p>\n\n\n\n<p><br>Mario Massaccesi es periodista, conductor de radio y televisi\u00f3n y coach ontol\u00f3gico profesional.<\/p>\n\n\n\n<p>Patricia Daleiro es psic\u00f3loga y master coach.<br><br>As\u00ed como en el libro, este es un espect\u00e1culo coral donde se van sucediendo las voces de ambos y las historias personales -algunas muy fuertes- que tuvieron que atravesar para llegar a la felicidad.<br>Una propuesta distinta para quienes quieren y necesitan herramientas para una vida de \u201cbien estar\u201d.<br>Una invitaci\u00f3n para reflexionar sobre lo que ya no queremos. Un espacio para reencontrarse con los sue\u00f1os.<br><br>El espect\u00e1culo tiene una duraci\u00f3n de 1 hora y 40 minutos.<br>Entradas numeradas, en venta en la boleter\u00eda del Centro Cultural. Valor: $ 1300.-<br>Capacidad limitada.-<br>Se cumplen todos los protocolos por Covid 19.<br><br>Para notas de prensa comunicarse al: 1125670524<\/p>\n","protected":false},"excerpt":{"rendered":"<p>El pr\u00f3ximo viernes, 22 de Abril, a las 21hs en la Sala Amankay del Centro Cultural Cotesma, recibiremos a Mario Massaccesi y Patricia Daleiro que nos contar\u00e1n c\u00f3mo, desde historias tr\u00e1gicas de sus vidas, pudieron \u201cSOLTAR PARA SER FELIZ\u201d. \u00bfTe anim\u00e1s? Soltar es una palabra que est\u00e1 de moda y la mayor\u00eda se pregunta: \u00bfc\u00f3mo se hace? Despu\u00e9s del \u00e9xito editorial, Mario Massaccesi y Patricia &hellip; <a href=\"https:\/\/cultura.sma.gob.ar\/?p=3120\" class=\"more-link\">Continue reading <span class=\"screen-reader-text\">\u201cSoltar para Ser Feliz\u201d \/ 22 de abril, 21 hs \/ Centro Cultural Cotesma<\/span><\/a><\/p>\n","protected":false},"author":1,"featured_media":297,"comment_status":"closed","ping_status":"","sticky":false,"template":"","format":"image","meta":{"footnotes":""},"categories":[2],"tags":[],"class_list":["post-3120","post","type-post","status-publish","format-image","has-post-thumbnail","hentry","category-ciudad-cultural","post_format-post-format-image"],"_links":{"self":[{"href":"https:\/\/cultura.sma.gob.ar\/index.php?rest_route=\/wp\/v2\/posts\/3120","targetHints":{"allow":["GET"]}}],"collection":[{"href":"https:\/\/cultura.sma.gob.ar\/index.php?rest_route=\/wp\/v2\/posts"}],"about":[{"href":"https:\/\/cultura.sma.gob.ar\/index.php?rest_route=\/wp\/v2\/types\/post"}],"author":[{"embeddable":true,"href":"https:\/\/cultura.sma.gob.ar\/index.php?rest_route=\/wp\/v2\/users\/1"}],"replies":[{"embeddable":true,"href":"https:\/\/cultura.sma.gob.ar\/index.php?rest_route=%2Fwp%2Fv2%2Fcomments&post=3120"}],"version-history":[{"count":1,"href":"https:\/\/cultura.sma.gob.ar\/index.php?rest_route=\/wp\/v2\/posts\/3120\/revisions"}],"predecessor-version":[{"id":3122,"href":"https:\/\/cultura.sma.gob.ar\/index.php?rest_route=\/wp\/v2\/posts\/3120\/revisions\/3122"}],"wp:featuredmedia":[{"embeddable":true,"href":"https:\/\/cultura.sma.gob.ar\/index.php?rest_route=\/wp\/v2\/media\/297"}],"wp:attachment":[{"href":"https:\/\/cultura.sma.gob.ar\/index.php?rest_route=%2Fwp%2Fv2%2Fmedia&parent=3120"}],"wp:term":[{"taxonomy":"category","embeddable":true,"href":"https:\/\/cultura.sma.gob.ar\/index.php?rest_route=%2Fwp%2Fv2%2Fcategories&post=3120"},{"taxonomy":"post_tag","embeddable":true,"href":"https:\/\/cultura.sma.gob.ar\/index.php?rest_route=%2Fwp%2Fv2%2Ftags&post=3120"}],"curies":[{"name":"wp","href":"https:\/\/api.w.org\/{rel}","templated":true}]}}