{"id":3117,"date":"2022-03-23T10:10:09","date_gmt":"2022-03-23T13:10:09","guid":{"rendered":"http:\/\/cultura.sma.gob.ar\/?p=3117"},"modified":"2022-03-23T10:10:09","modified_gmt":"2022-03-23T13:10:09","slug":"taller-de-musicoterapia-centro-cultural-cotesma","status":"publish","type":"post","link":"https:\/\/cultura.sma.gob.ar\/?p=3117","title":{"rendered":"Taller de Musicoterapia &#8211; Centro Cultural Cotesma"},"content":{"rendered":"\n<figure class=\"wp-block-image size-large\"><img loading=\"lazy\" decoding=\"async\" width=\"663\" height=\"1024\" src=\"http:\/\/cultura.sma.gob.ar\/wp-content\/uploads\/2022\/03\/Musicoterapia-para-adultos-Flyer-663x1024.jpeg\" alt=\"\" class=\"wp-image-3118\" srcset=\"https:\/\/cultura.sma.gob.ar\/wp-content\/uploads\/2022\/03\/Musicoterapia-para-adultos-Flyer-663x1024.jpeg 663w, https:\/\/cultura.sma.gob.ar\/wp-content\/uploads\/2022\/03\/Musicoterapia-para-adultos-Flyer-194x300.jpeg 194w, https:\/\/cultura.sma.gob.ar\/wp-content\/uploads\/2022\/03\/Musicoterapia-para-adultos-Flyer-768x1186.jpeg 768w, https:\/\/cultura.sma.gob.ar\/wp-content\/uploads\/2022\/03\/Musicoterapia-para-adultos-Flyer-58x90.jpeg 58w, https:\/\/cultura.sma.gob.ar\/wp-content\/uploads\/2022\/03\/Musicoterapia-para-adultos-Flyer.jpeg 829w\" sizes=\"auto, (max-width: 663px) 100vw, 663px\" \/><\/figure>\n\n\n\n<p>Sumate a experimentar la posibilidad de crear un espacio y un tiempo en grupalidad. Intentando habitar nuevos lenguajes y canales comunicacionales; transformando nuestras corporalidades y conciencias a trav\u00e9s de la materia musical.<\/p>\n\n\n\n<p><br>&#8211; \u00bfSab\u00edas que la Musicoterapia vincula Arte y Salud?<br>&#8211; \u00bfSab\u00edas que cualquier persona que sienta deseo puede participar de un espacio Musicoterapeutico?<br>&#8211; \u00bfSab\u00edas que somos cuerpo y movimiento?<br>&#8211; \u00bfSab\u00edas que cada uno tiene su propia musicalidad?<\/p>\n\n\n\n<p>\u00bfTe animas a construir herramientas expresivas para decir eso que no se puede decir en palabras?<\/p>\n\n\n\n<p>Un espacio para vivenciar, a trav\u00e9s de un abordaje musicoterap\u00e9utico, el descubrir de tu propia musicalidad y dejarla sonar. Podr\u00e1s reconocerla en vos y en el entrecruzamiento con la de los dem\u00e1s.<br>Tambi\u00e9n podr\u00e1s conocer qu\u00e9 lugar ocupas vincul\u00e1ndote con otros a partir de tus gestos, movimientos y sonidos.<br>Rizomatizando saberes y vivencias se configurar\u00e1 un tejido grupal que nos contenga a partir de nuestras singularidades y potencialidades, siendo los productores de nuevas herramientas que se construir\u00e1n en el taller y se podr\u00e1n llevar a la cotidianeidad.<\/p>\n\n\n\n<p>Un espacio de conocimiento, diversi\u00f3n y exploraci\u00f3n.<br><br>Todos los viernes a las 17hs en la Sala G\u00fcnther Blaas.<br><br>M\u00e1s info, contacto e inscripciones:&nbsp;+54 9 3413783466<br>Facilita: Camila C\u00e1naves Licenciada en Musicoterapia<\/p>\n","protected":false},"excerpt":{"rendered":"<p>Sumate a experimentar la posibilidad de crear un espacio y un tiempo en grupalidad. Intentando habitar nuevos lenguajes y canales comunicacionales; transformando nuestras corporalidades y conciencias a trav\u00e9s de la materia musical. &#8211; \u00bfSab\u00edas que la Musicoterapia vincula Arte y Salud?&#8211; \u00bfSab\u00edas que cualquier persona que sienta deseo puede participar de un espacio Musicoterapeutico?&#8211; \u00bfSab\u00edas que somos cuerpo y movimiento?&#8211; \u00bfSab\u00edas que cada uno tiene &hellip; <a href=\"https:\/\/cultura.sma.gob.ar\/?p=3117\" class=\"more-link\">Continue reading <span class=\"screen-reader-text\">Taller de Musicoterapia &#8211; Centro Cultural Cotesma<\/span><\/a><\/p>\n","protected":false},"author":1,"featured_media":297,"comment_status":"closed","ping_status":"","sticky":false,"template":"","format":"image","meta":{"footnotes":""},"categories":[2],"tags":[],"class_list":["post-3117","post","type-post","status-publish","format-image","has-post-thumbnail","hentry","category-ciudad-cultural","post_format-post-format-image"],"_links":{"self":[{"href":"https:\/\/cultura.sma.gob.ar\/index.php?rest_route=\/wp\/v2\/posts\/3117","targetHints":{"allow":["GET"]}}],"collection":[{"href":"https:\/\/cultura.sma.gob.ar\/index.php?rest_route=\/wp\/v2\/posts"}],"about":[{"href":"https:\/\/cultura.sma.gob.ar\/index.php?rest_route=\/wp\/v2\/types\/post"}],"author":[{"embeddable":true,"href":"https:\/\/cultura.sma.gob.ar\/index.php?rest_route=\/wp\/v2\/users\/1"}],"replies":[{"embeddable":true,"href":"https:\/\/cultura.sma.gob.ar\/index.php?rest_route=%2Fwp%2Fv2%2Fcomments&post=3117"}],"version-history":[{"count":1,"href":"https:\/\/cultura.sma.gob.ar\/index.php?rest_route=\/wp\/v2\/posts\/3117\/revisions"}],"predecessor-version":[{"id":3119,"href":"https:\/\/cultura.sma.gob.ar\/index.php?rest_route=\/wp\/v2\/posts\/3117\/revisions\/3119"}],"wp:featuredmedia":[{"embeddable":true,"href":"https:\/\/cultura.sma.gob.ar\/index.php?rest_route=\/wp\/v2\/media\/297"}],"wp:attachment":[{"href":"https:\/\/cultura.sma.gob.ar\/index.php?rest_route=%2Fwp%2Fv2%2Fmedia&parent=3117"}],"wp:term":[{"taxonomy":"category","embeddable":true,"href":"https:\/\/cultura.sma.gob.ar\/index.php?rest_route=%2Fwp%2Fv2%2Fcategories&post=3117"},{"taxonomy":"post_tag","embeddable":true,"href":"https:\/\/cultura.sma.gob.ar\/index.php?rest_route=%2Fwp%2Fv2%2Ftags&post=3117"}],"curies":[{"name":"wp","href":"https:\/\/api.w.org\/{rel}","templated":true}]}}