{"id":3114,"date":"2022-03-23T10:05:35","date_gmt":"2022-03-23T13:05:35","guid":{"rendered":"http:\/\/cultura.sma.gob.ar\/?p=3114"},"modified":"2022-03-23T10:05:35","modified_gmt":"2022-03-23T13:05:35","slug":"muestra-proceso-de-reorganizacion-nacional-26-de-marzo-20-hs-centro-cultural-cotesma","status":"publish","type":"post","link":"https:\/\/cultura.sma.gob.ar\/?p=3114","title":{"rendered":"Muestra \u201cProceso de Reorganizaci\u00f3n Nacional\u201d\/ 26 de marzo, 20 hs \/ Centro Cultural Cotesma"},"content":{"rendered":"\n<figure class=\"wp-block-image size-large\"><img loading=\"lazy\" decoding=\"async\" width=\"683\" height=\"1024\" src=\"http:\/\/cultura.sma.gob.ar\/wp-content\/uploads\/2022\/03\/Muestra-PRN-Hebe-Torres-683x1024.jpg\" alt=\"\" class=\"wp-image-3115\" srcset=\"https:\/\/cultura.sma.gob.ar\/wp-content\/uploads\/2022\/03\/Muestra-PRN-Hebe-Torres-683x1024.jpg 683w, https:\/\/cultura.sma.gob.ar\/wp-content\/uploads\/2022\/03\/Muestra-PRN-Hebe-Torres-200x300.jpg 200w, https:\/\/cultura.sma.gob.ar\/wp-content\/uploads\/2022\/03\/Muestra-PRN-Hebe-Torres-768x1152.jpg 768w, https:\/\/cultura.sma.gob.ar\/wp-content\/uploads\/2022\/03\/Muestra-PRN-Hebe-Torres-60x90.jpg 60w, https:\/\/cultura.sma.gob.ar\/wp-content\/uploads\/2022\/03\/Muestra-PRN-Hebe-Torres.jpg 800w\" sizes=\"auto, (max-width: 683px) 100vw, 683px\" \/><\/figure>\n\n\n\n<p>El pr\u00f3ximo s\u00e1bado, 26 de marzo a las 20hs en la Sala G\u00fcnther Blaas del Centro Cultural Cotesma, la artista pl\u00e1stica local Hebe Torres inaugurar\u00e1 su Muestra \u201c<strong><em>Proceso de Reorganizaci\u00f3n Nacional\u201d<\/em><\/strong>, en el marco de las movilizaciones por el D\u00eda Nacional de la Memoria por la Verdad y la Justicia.&nbsp;<\/p>\n\n\n\n<p>La muestra invita a reflexionar sobre la propia Memoria, enfrent\u00e1ndonos con varias incomodidades y miedos, sensibilizando a los espectadores para que, a pesar de ello, seamos conscientes de que la dictadura no ha podido acallar las voces. Hay esperanzas y es bueno recordarlo.<\/p>\n\n\n\n<p>La muestra podr\u00e1 visitarse libremente los d\u00edas s\u00e1bado 26 y domingo 27 de marzo y s\u00e1bado 2 y domingo 3 de abril en el horario de funcionamiento de la Centro Cultural Cotesma (de 16hs a 23hs).<br><br><strong><em><u>La Muestra contiene obras que pueden afectar la sensibilidad de los espectadores<\/u><\/em><\/strong>.<\/p>\n\n\n\n<p><em>\u201cLa memoria pincha hasta sangrar<br>a los pueblos que la amarran<br>y no la dejan andar<br>libre como el viento\u201d.<br>Le\u00f3n Gieco.<br><br>\u201cComo un acto de resistencia.<br>As\u00ed surge, en mis sentires, este fuego interior que me inspira. Es mi modo de sumarme a la lucha de las causas que creo justas. Vincular la humanidad, la identidad y la historia con la obra que se crea.<br>Cada unx tiene una historia que contar y una humanidad singular. Una vocaci\u00f3n y un pulso interno que debe ser explorado y examinado en detalle. Y esa historia, esa identidad siempre elevar\u00e1 la creaci\u00f3n. La obra siempre est\u00e1 relacionada completamente con su historia. A veces de manera literal y en otras, velada en texturas o morfolog\u00edas posibles.<br>Mi creatividad est\u00e1 comprometida con el estar presente donde duelen las ausencias, donde faltan los alientos y donde la espera es vana.<br>Por lxs 30.000 desaparecidxs seguir\u00e9 militando desde mi arte como desde las calles, como lo hago desde hace d\u00e9cadas por los derechos de todxs lxs ciudadanxs. Y como cada 24 de marzo, marchar\u00e9 por el D\u00eda Nacional de la Memoria, por la Verdad y la Justicia para recordar a las v\u00edctimas de la \u00faltima dictadura militar, proceso que inici\u00f3 el 24 de marzo de 1976 a trav\u00e9s de un golpe de Estado que depuso a un gobierno constitucional y finaliz\u00f3 el 10 de diciembre de 1983.<br>Esto se llam\u00f3&nbsp;<strong>\u201cPROCESO DE REORGANIZACION NACIONAL\u201d<\/strong>, es el nombre de esta muestra y les invito a recorrerla y sumergirse para que construyamos memoria y no se repita la historia. Para construir una sociedad que defienda los derechos humanos, que exija justicia, que gane las calles. Para difundir la incesante b\u00fasqueda de hijes y nietes. Para que NUNCA MAS sea NUNCA MAS.\u201d<br><br><\/em>Artista: Hebe Torres<br>Curadur\u00eda: Melisa Fort<\/p>\n\n\n\n<p>Sobre la Artista:<br>Hebe Torres (Zapala, 1954), docente y artista autodid\u00e1ctica. Multidisciplinar. Desde diversos lenguajes art\u00edsticos, t\u00e9cnicas y materialidades, incursiona en tem\u00e1ticas que abordan principalmente los Derechos Humanos, la lucha feminista, la multiplicidad de etnias y los antiguos oficios, entre otros; buscando visibilizar las desigualdades que nos atraviesan desde lo colectivo como desde lo individual.<br>Entre sus centenares de obras podemos encontrar trabajos que van desde el dibujo y la pintura hasta la escultura y la cer\u00e1mica, incorporando toda t\u00e9cnica que se cruce en su camino, como las artes del fuego, el grabado y el mosaiquismo, con el fin de aportar a cada obra una fuerza mayor que potencie su significado y consecuente repercusi\u00f3n.<br>La conjunci\u00f3n de conocimientos y recursos expresivos que emergen en las obras de Hebe nos permiten apreciar y distinguir un estilo propio que se ha ido forjando en el tiempo, acerc\u00e1ndonos a su universo simb\u00f3lico. Sus obras poseen el rigor expresionista y el vigor de figuras inquietantes.<\/p>\n\n\n\n<p>Exposiciones:<br>-Exposici\u00f3n colectiva. Sala G\u00fcnther Blass, COTESMA. 2007. San Martin de los Andes.<br>-Exposici\u00f3n colectiva Chapelco Ski, 2008. San Martin de los Andes.<br>-Muestra individual. Retrospectiva. Radio Comunitaria Pocahullo. Septiembre \u2013 diciembre 2010. San Martin de los Andes.<br>-Expo Feria de Dise\u00f1o. Diciembre 2010. Villa la Angostura.<br>-Muestra anual del C.I.A.R.T N\u00ba 5 (Centro de Iniciaci\u00f3n art\u00edstica). 2007\/08\/09\/10\/11. San Mart\u00edn de los Andes.<br>-Participaci\u00f3n mural colectivo en memoria de Fito Taberna. Plaza Fito Taberna. 2011. San Mart\u00edn de los Andes.<br>-Exposici\u00f3n Individual Movilizaci\u00f3n. Convocada por la Comisi\u00f3n por la Memoria. Plaza Fito Taberna. 2012. San Mart\u00edn de los Andes.<br>-Muestra colectiva de oto\u00f1o. Sal\u00f3n de exposiciones Lidaura Chapitel. 2012. San Mart\u00edn de los Andes.<br>-Noche de las Artes. Diciembre 2010\/ enero 2013\/ enero 2017. San Mart\u00edn de los Andes.<br>-Muestra individual, artista invitada. Evento La ruta del arte. P\u00f3rtico. 2014. San Mart\u00edn de los Andes.<br>-Muestra individual de esculturas, como artista invitada. Primer Encuentro de Escultores en Madera con motosierra. Febrero 2018. Villa Pehuenia.<br>-Exposici\u00f3n colectiva de artistas locales y regionales. Sala Lidaura Chapitel. 2021.<\/p>\n","protected":false},"excerpt":{"rendered":"<p>El pr\u00f3ximo s\u00e1bado, 26 de marzo a las 20hs en la Sala G\u00fcnther Blaas del Centro Cultural Cotesma, la artista pl\u00e1stica local Hebe Torres inaugurar\u00e1 su Muestra \u201cProceso de Reorganizaci\u00f3n Nacional\u201d, en el marco de las movilizaciones por el D\u00eda Nacional de la Memoria por la Verdad y la Justicia.&nbsp; La muestra invita a reflexionar sobre la propia Memoria, enfrent\u00e1ndonos con varias incomodidades y miedos, &hellip; <a href=\"https:\/\/cultura.sma.gob.ar\/?p=3114\" class=\"more-link\">Continue reading <span class=\"screen-reader-text\">Muestra \u201cProceso de Reorganizaci\u00f3n Nacional\u201d\/ 26 de marzo, 20 hs \/ Centro Cultural Cotesma<\/span><\/a><\/p>\n","protected":false},"author":1,"featured_media":297,"comment_status":"closed","ping_status":"","sticky":false,"template":"","format":"image","meta":{"footnotes":""},"categories":[2],"tags":[],"class_list":["post-3114","post","type-post","status-publish","format-image","has-post-thumbnail","hentry","category-ciudad-cultural","post_format-post-format-image"],"_links":{"self":[{"href":"https:\/\/cultura.sma.gob.ar\/index.php?rest_route=\/wp\/v2\/posts\/3114","targetHints":{"allow":["GET"]}}],"collection":[{"href":"https:\/\/cultura.sma.gob.ar\/index.php?rest_route=\/wp\/v2\/posts"}],"about":[{"href":"https:\/\/cultura.sma.gob.ar\/index.php?rest_route=\/wp\/v2\/types\/post"}],"author":[{"embeddable":true,"href":"https:\/\/cultura.sma.gob.ar\/index.php?rest_route=\/wp\/v2\/users\/1"}],"replies":[{"embeddable":true,"href":"https:\/\/cultura.sma.gob.ar\/index.php?rest_route=%2Fwp%2Fv2%2Fcomments&post=3114"}],"version-history":[{"count":1,"href":"https:\/\/cultura.sma.gob.ar\/index.php?rest_route=\/wp\/v2\/posts\/3114\/revisions"}],"predecessor-version":[{"id":3116,"href":"https:\/\/cultura.sma.gob.ar\/index.php?rest_route=\/wp\/v2\/posts\/3114\/revisions\/3116"}],"wp:featuredmedia":[{"embeddable":true,"href":"https:\/\/cultura.sma.gob.ar\/index.php?rest_route=\/wp\/v2\/media\/297"}],"wp:attachment":[{"href":"https:\/\/cultura.sma.gob.ar\/index.php?rest_route=%2Fwp%2Fv2%2Fmedia&parent=3114"}],"wp:term":[{"taxonomy":"category","embeddable":true,"href":"https:\/\/cultura.sma.gob.ar\/index.php?rest_route=%2Fwp%2Fv2%2Fcategories&post=3114"},{"taxonomy":"post_tag","embeddable":true,"href":"https:\/\/cultura.sma.gob.ar\/index.php?rest_route=%2Fwp%2Fv2%2Ftags&post=3114"}],"curies":[{"name":"wp","href":"https:\/\/api.w.org\/{rel}","templated":true}]}}