{"id":3108,"date":"2022-03-18T09:22:57","date_gmt":"2022-03-18T12:22:57","guid":{"rendered":"http:\/\/cultura.sma.gob.ar\/?p=3108"},"modified":"2022-03-18T09:56:26","modified_gmt":"2022-03-18T12:56:26","slug":"llega-el-patafestival","status":"publish","type":"post","link":"https:\/\/cultura.sma.gob.ar\/?p=3108","title":{"rendered":"Llega el PATAFESTIVAL"},"content":{"rendered":"\n<figure class=\"wp-block-image size-large\"><img decoding=\"async\" src=\"https:\/\/mail.google.com\/mail\/u\/0?ui=2&amp;ik=61c24f72fe&amp;attid=0.1&amp;permmsgid=msg-f:1727551376266348305&amp;th=17f97ed2e197c711&amp;view=fimg&amp;fur=ip&amp;sz=s0-l75-ft&amp;attbid=ANGjdJ9ZyA2HSlKjDTeHfLdzbvOYzmHrbSr3aEO0PNkCDqhBkatSqaxfezbL9jP0g2CkQCtVpzmyJwMOzo03XHog8vCTqAHFwOxeqT3f8ih0qY8z8Ip55GxDXHiUHjE&amp;disp=emb\" alt=\"\"\/><\/figure>\n\n\n\n<figure class=\"wp-block-table\"><table><tbody><tr><td>Patalibro cumple 20 y queremos festejarlo a todo libro. Gracias a la ayuda de la Legislatura de nuestra provincia, de la Secr. de Cultura de SMAndes, de la Biblioteca Popular 9 de julio y de varios amigos y amigas que han colaborado amablamente, organizamos un Festival para disfrutar de un hermoso evento cultural. Sumate a esta divertida aventura literaria. Detallamos el programa completo del #PATAFESTIVAL<\/td><\/tr><tr><td>#JUEVES 17\/3<br><br><img decoding=\"async\" alt=\"\ud83d\udccc\" src=\"https:\/\/fonts.gstatic.com\/s\/e\/notoemoji\/14.0\/1f4cc\/32.png\">&nbsp;Hotel Chapelco Ski<br><img decoding=\"async\" alt=\"\u2714\" src=\"https:\/\/fonts.gstatic.com\/s\/e\/notoemoji\/14.0\/2714\/32.png\">\ufe0f 17:30 hs. \u2013 Pr\u00f3logo: APERTURA DEL FESTIVAL por Los Patalibro.<br><img decoding=\"async\" alt=\"\u2714\" src=\"https:\/\/fonts.gstatic.com\/s\/e\/notoemoji\/14.0\/2714\/32.png\">\ufe0f 18:00 a 20:00 hs. \u2013 Cap\u00edtulo I: TALLER DE ESCRITURA EN VIVO con Juan Sklar.<br><br><img decoding=\"async\" alt=\"\ud83d\udccc\" src=\"https:\/\/fonts.gstatic.com\/s\/e\/notoemoji\/14.0\/1f4cc\/32.png\">&nbsp;Biblioteca Popular 9 de Julio<br><img decoding=\"async\" alt=\"\u2714\" src=\"https:\/\/fonts.gstatic.com\/s\/e\/notoemoji\/14.0\/2714\/32.png\">\ufe0f 20:30 hs. \u2013 Cap\u00edtulo II: 20 A\u00d1OS DE PATALIBRO<br>&#8211; Recuerdos, an\u00e9cdotas y brindis con patamigas y patamigos.<br>&#8211; Acompa\u00f1a con m\u00fasica Fernando Formigo<br><br>#VIERNES 18\/3<br><br><img decoding=\"async\" alt=\"\ud83d\udccc\" src=\"https:\/\/fonts.gstatic.com\/s\/e\/notoemoji\/14.0\/1f4cc\/32.png\">&nbsp;Biblioteca Popular 9 de Julio<br><br><img decoding=\"async\" alt=\"\u2714\" src=\"https:\/\/fonts.gstatic.com\/s\/e\/notoemoji\/14.0\/2714\/32.png\">\ufe0f 18:00 a 20:00 &#8211; Cap\u00edtulo III: TRAZOS, RELATOS Y POES\u00cdA<br>&#8211; Lectura de Poes\u00eda por &#8220;Nos queda el mundo&#8221;<br>&#8211; Tili Solanas presenta sus dibujos de construcciones pioneras. Participan escritores locales del nuevo libro de Editorial Patalibro.<br><br>#S\u00c1BADO 19\/3<br><br><img decoding=\"async\" alt=\"\ud83d\udccc\" src=\"https:\/\/fonts.gstatic.com\/s\/e\/notoemoji\/14.0\/1f4cc\/32.png\">&nbsp;Frente a Librer\u00eda Patalibro y Deck de Paseo de Compras del Mait\u00e9n : (Se organizar\u00e1n espacios seguros para el Festival. En caso de lluvia las actividades se trasladan a la Biblioteca Popular 9 de Julio)<br><br><img decoding=\"async\" alt=\"\u2714\" src=\"https:\/\/fonts.gstatic.com\/s\/e\/notoemoji\/14.0\/2714\/32.png\">\ufe0f 11:00 a 19:00 \u2013 Cap\u00edtulo IV: INTERCAMBIO GRATUITO DE LIBROS<br>&#8211; Participan los espacios culturales de Neuqu\u00e9n: Laberinto de Zapala, Veo Veo de Chosmalal y Patalibro de SMAndes. Conducci\u00f3n Fer Iglesias<br><br><img decoding=\"async\" alt=\"\u2714\" src=\"https:\/\/fonts.gstatic.com\/s\/e\/notoemoji\/14.0\/2714\/32.png\">\ufe0f 11:00 a 13:00 \u2013 Cap\u00edtulo V: HACIENDO AMIGOS JUGANDO SCRABBLE<br>&#8211; Organiza Rosa Oriana de la Asociaci\u00f3n Argentina de Scrabble.<br><br><img decoding=\"async\" alt=\"\u2714\" src=\"https:\/\/fonts.gstatic.com\/s\/e\/notoemoji\/14.0\/2714\/32.png\">\ufe0f 12:00 a 13:00 \u2013 Cap\u00edtulo VI: PATAGLOBOS CON EL MAGO PUFLO<br><br><img decoding=\"async\" alt=\"\u2714\" src=\"https:\/\/fonts.gstatic.com\/s\/e\/notoemoji\/14.0\/2714\/32.png\">\ufe0f 15:00 a 17:00 \u2013 Cap\u00edtulo VII: CONCURSO DE COSPLAYS, TRIVIAS Y JUEGOS CON PREMIOS<br>&#8211; Organizan: Diego &#8220;Klan Otaku&#8221; y Juan Pablo Villagra. Conducci\u00f3n: Fer Iglesias<br><br><img decoding=\"async\" alt=\"\ud83d\udccc\" src=\"https:\/\/fonts.gstatic.com\/s\/e\/notoemoji\/14.0\/1f4cc\/32.png\">&nbsp;Centro Cultural Cotesma \u2013 Sala Amancay<br>Entrada gratuita con retiro anticipado a partir del jueves 17\/3 en el cine.<br><br><img decoding=\"async\" alt=\"\u2714\" src=\"https:\/\/fonts.gstatic.com\/s\/e\/notoemoji\/14.0\/2714\/32.png\">\ufe0f 16:30 A 18:30 \u2013 Cap\u00edtulo VIII: ISOL MISENTA PRESENTA CON M\u00daSICA<br>SU NUEVO LIBRO &#8220;LA COSTURA&#8221; DE EDITORIAL FONDO DE CULTURA ECON\u00d3MICA<br><br><img decoding=\"async\" alt=\"\ud83d\udccc\" src=\"https:\/\/fonts.gstatic.com\/s\/e\/notoemoji\/14.0\/1f4cc\/32.png\">&nbsp;Biblioteca Popular 9 de Julio<br><br><img decoding=\"async\" alt=\"\u2714\" src=\"https:\/\/fonts.gstatic.com\/s\/e\/notoemoji\/14.0\/2714\/32.png\">\ufe0f 19:00 a 19:45 &#8211; Cap\u00edtulo IX: PATAGONIA: UN VIAJE A SUS ENIGMAS<br>&#8211; Presenta: Ing. Gerardo Bartolom\u00e9 de Ediciones Hist\u00f3ricas. Fotograf\u00edas e historia<br><br><img decoding=\"async\" alt=\"\u2714\" src=\"https:\/\/fonts.gstatic.com\/s\/e\/notoemoji\/14.0\/2714\/32.png\">\ufe0f 20:00 a 20:45 : Cap\u00edtulo X: MARAVILLAS DEL CIELO AUSTRAL<br>&#8211; Presenta: Dr. Guillermo Abramson del Centro At\u00f3mico Bariloche e Instituto Balseiro<br><br><img decoding=\"async\" alt=\"\u2714\" src=\"https:\/\/fonts.gstatic.com\/s\/e\/notoemoji\/14.0\/2714\/32.png\">\ufe0f 21:00: Cap\u00edtulo XI: CIERRE DEL FESTIVAL por Los Patalibro.<br><br>#COLABORAN Y\/O PARTICIPAN EN EL PATAFESTIVAL:<br>Agradecemos especialmente a la Biblioteca Popular 9 de Julio por el acompa\u00f1amiento durante estos 20 a\u00f1os y por la gran ayuda brindada para realizar este Festival.<br><br>En orden alfab\u00e9tico:<br><br>\u2022 Ana Mar\u00eda de Mena (@#anamariademena)<br>\u2022 Asociaci\u00f3n Argentina de Scrabble (@scrabbleaa)<br>\u2022 Biblioteca Popular 9 de Julio (@biblionueve)<br>\u2022 Centro Cultural Cotesma (@cccotesma)<br>\u2022 Diego &#8220;Klan Otaku<br>\u2022 Ediciones Hist\u00f3ricas (@#edicioneshistoricas)<br>\u2022 Editorial Fondo de Cultura Econ\u00f3mica Argentina (@fceargentina)<br>\u2022 Fer Iglesias Producciones<br>\u2022 Fernando Formigo (@fer_flautero)<br>\u2022 Guillermina Ruibal (@guilleruibal)<br>\u2022 Guillermo Abramson (@guillermo.abramson)<br>\u2022 Hotel Chapelco Sky (@chapelcoskihotel)<br>\u2022 Isol Misenta (@isolmisenta) y Nicol\u00e1s Enrique Cecinini<br>\u2022 Juan Pablo Villagra<br>\u2022 Juan Sklar<br>\u2022 Julia Romero de Costura, tejidos y artesan\u00edas<br>\u2022 Kitty Hue eventos<br>\u2022 Legislatura de Neuqu\u00e9n (@legislaturaneuquen)<br>\u2022 Librer\u00eda Laberinto de Zapala (@laberinto_libros)<br>\u2022 Librer\u00eda Veo Veo de Chos Malal (@libreria_veoveo_chosmalal)<br>\u2022 Los Patalibro (Guillermo Altomonte, Sof\u00eda Barcan, Rosa Currulef, Roc\u00edo D\u00edaz Fantinelli, Nahuel Dropulich, Nahuel Garc\u00eda, N\u00e9stor Sacchi, Silvia Walker)<br>\u2022 Mago Puflo<br>\u2022 Marisa Godoy (@marisa.godoy.52)<br>\u2022 \u201cNos queda el mundo\u201d (@nos_queda_el_mundo<br>\u2022 Paseo de compras Del Mait\u00e9n<br>\u2022 Petit Muebles<br>\u2022 Restaurante Do\u00f1a Quela<br>\u2022 Restaurante La Costa<br>\u2022 Ricardo Parada<br>\u2022 Rosa Oriana, servicios de administraci\u00f3n (@rosaoriana)<br>\u2022 Secretar\u00eda de Cultura de San Mart\u00edn de los Andes (@cultura.sma)<br>\u2022 Taller El Cuaderno Azul (@elcuaderno.azul)<br>\u2022 Tili Solanas (@Tili Sol)<br>\u2022 Muchas editoriales, particulares e instituciones que colaboraron con libros para el Festival que ser\u00e1n detalladas en una pr\u00f3xima comunicaci\u00f3n.<br><br>Consultas y pedido de reservas en las actividades al 2944 56-5692<br><br>\u00a1Los esperamos en el #Patafestival 20 a\u00f1os!<\/td><\/tr><\/tbody><\/table><\/figure>\n","protected":false},"excerpt":{"rendered":"<p>Patalibro cumple 20 y queremos festejarlo a todo libro. Gracias a la ayuda de la Legislatura de nuestra provincia, de la Secr. de Cultura de SMAndes, de la Biblioteca Popular 9 de julio y de varios amigos y amigas que han colaborado amablamente, organizamos un Festival para disfrutar de un hermoso evento cultural. Sumate a esta divertida aventura literaria. Detallamos el programa completo del #PATAFESTIVAL &hellip; <a href=\"https:\/\/cultura.sma.gob.ar\/?p=3108\" class=\"more-link\">Continue reading <span class=\"screen-reader-text\">Llega el PATAFESTIVAL<\/span><\/a><\/p>\n","protected":false},"author":1,"featured_media":297,"comment_status":"closed","ping_status":"","sticky":false,"template":"","format":"image","meta":{"footnotes":""},"categories":[2],"tags":[],"class_list":["post-3108","post","type-post","status-publish","format-image","has-post-thumbnail","hentry","category-ciudad-cultural","post_format-post-format-image"],"_links":{"self":[{"href":"https:\/\/cultura.sma.gob.ar\/index.php?rest_route=\/wp\/v2\/posts\/3108","targetHints":{"allow":["GET"]}}],"collection":[{"href":"https:\/\/cultura.sma.gob.ar\/index.php?rest_route=\/wp\/v2\/posts"}],"about":[{"href":"https:\/\/cultura.sma.gob.ar\/index.php?rest_route=\/wp\/v2\/types\/post"}],"author":[{"embeddable":true,"href":"https:\/\/cultura.sma.gob.ar\/index.php?rest_route=\/wp\/v2\/users\/1"}],"replies":[{"embeddable":true,"href":"https:\/\/cultura.sma.gob.ar\/index.php?rest_route=%2Fwp%2Fv2%2Fcomments&post=3108"}],"version-history":[{"count":2,"href":"https:\/\/cultura.sma.gob.ar\/index.php?rest_route=\/wp\/v2\/posts\/3108\/revisions"}],"predecessor-version":[{"id":3112,"href":"https:\/\/cultura.sma.gob.ar\/index.php?rest_route=\/wp\/v2\/posts\/3108\/revisions\/3112"}],"wp:featuredmedia":[{"embeddable":true,"href":"https:\/\/cultura.sma.gob.ar\/index.php?rest_route=\/wp\/v2\/media\/297"}],"wp:attachment":[{"href":"https:\/\/cultura.sma.gob.ar\/index.php?rest_route=%2Fwp%2Fv2%2Fmedia&parent=3108"}],"wp:term":[{"taxonomy":"category","embeddable":true,"href":"https:\/\/cultura.sma.gob.ar\/index.php?rest_route=%2Fwp%2Fv2%2Fcategories&post=3108"},{"taxonomy":"post_tag","embeddable":true,"href":"https:\/\/cultura.sma.gob.ar\/index.php?rest_route=%2Fwp%2Fv2%2Ftags&post=3108"}],"curies":[{"name":"wp","href":"https:\/\/api.w.org\/{rel}","templated":true}]}}