{"id":3101,"date":"2022-03-17T09:51:00","date_gmt":"2022-03-17T12:51:00","guid":{"rendered":"http:\/\/cultura.sma.gob.ar\/?p=3101"},"modified":"2022-03-17T09:55:39","modified_gmt":"2022-03-17T12:55:39","slug":"llega-el-primer-encuentro-por-la-memoria","status":"publish","type":"post","link":"https:\/\/cultura.sma.gob.ar\/?p=3101","title":{"rendered":"Llega el Primer Encuentro por la Memoria"},"content":{"rendered":"\n<figure class=\"wp-block-image size-large\"><img loading=\"lazy\" decoding=\"async\" width=\"1024\" height=\"1024\" src=\"http:\/\/cultura.sma.gob.ar\/wp-content\/uploads\/2022\/03\/24m-03-1024x1024.jpg\" alt=\"\" class=\"wp-image-3102\" srcset=\"https:\/\/cultura.sma.gob.ar\/wp-content\/uploads\/2022\/03\/24m-03-1024x1024.jpg 1024w, https:\/\/cultura.sma.gob.ar\/wp-content\/uploads\/2022\/03\/24m-03-300x300.jpg 300w, https:\/\/cultura.sma.gob.ar\/wp-content\/uploads\/2022\/03\/24m-03-150x150.jpg 150w, https:\/\/cultura.sma.gob.ar\/wp-content\/uploads\/2022\/03\/24m-03-768x768.jpg 768w, https:\/\/cultura.sma.gob.ar\/wp-content\/uploads\/2022\/03\/24m-03-1536x1536.jpg 1536w, https:\/\/cultura.sma.gob.ar\/wp-content\/uploads\/2022\/03\/24m-03-90x90.jpg 90w, https:\/\/cultura.sma.gob.ar\/wp-content\/uploads\/2022\/03\/24m-03.jpg 1875w\" sizes=\"auto, (max-width: 1024px) 100vw, 1024px\" \/><\/figure>\n\n\n\n<p>El 21 de marzo se da comienzo este encuentro que tiene como objetivo principal presentar obras teatrales para colegios secundarios, con entrada libre y gratuita, y tambi\u00e9n dos funciones para todo p\u00fablico.<\/p>\n\n\n\n<p> El jueves 24 de marzo, habr\u00e1 una funci\u00f3n para todo p\u00fablico con la obra \u201cRopas del Alma\u201d del elenco estable de la Universidad Nacional de Cuyo. <\/p>\n\n\n\n<p> El 25 de marzo, funci\u00f3n para todo p\u00fablico, compa\u00f1\u00eda EL COFRE , Presenta \u201cExistencia\u201d, Una propuesta multimedial de instalaci\u00f3n audiovisual, intervenci\u00f3n po\u00e9tica, teatral y musical.<\/p>\n\n\n\n<p>Ambas funciones ser\u00e1n a las 21 hs. El valor de la entrada es de 100 pesos y las localidades se retiran de la boleter\u00eda Teatro San Jos\u00e9 de 9 a 20 hs.<\/p>\n\n\n\n<p> Se invita a quienes asistan a que, despu\u00e9s de cada funci\u00f3n, puedan recorrer la muestra itinerante &#8220;Reflejos de la Memoria&#8221;, en la Sala Jorge Villalba, enviada por la Sub Secretar\u00eda de Derechos Humanos, integrada por 107 postales de desaparecidos en la Norpatagonia, con breves historias personales de cada uno.<\/p>\n\n\n\n<figure class=\"wp-block-image size-large\"><img loading=\"lazy\" decoding=\"async\" width=\"1024\" height=\"1024\" src=\"http:\/\/cultura.sma.gob.ar\/wp-content\/uploads\/2022\/03\/24m-02-1024x1024.jpg\" alt=\"\" class=\"wp-image-3104\" srcset=\"https:\/\/cultura.sma.gob.ar\/wp-content\/uploads\/2022\/03\/24m-02-1024x1024.jpg 1024w, https:\/\/cultura.sma.gob.ar\/wp-content\/uploads\/2022\/03\/24m-02-300x300.jpg 300w, https:\/\/cultura.sma.gob.ar\/wp-content\/uploads\/2022\/03\/24m-02-150x150.jpg 150w, https:\/\/cultura.sma.gob.ar\/wp-content\/uploads\/2022\/03\/24m-02-768x768.jpg 768w, https:\/\/cultura.sma.gob.ar\/wp-content\/uploads\/2022\/03\/24m-02-1536x1536.jpg 1536w, https:\/\/cultura.sma.gob.ar\/wp-content\/uploads\/2022\/03\/24m-02-90x90.jpg 90w, https:\/\/cultura.sma.gob.ar\/wp-content\/uploads\/2022\/03\/24m-02.jpg 1875w\" sizes=\"auto, (max-width: 1024px) 100vw, 1024px\" \/><\/figure>\n\n\n\n<figure class=\"wp-block-image size-large\"><img loading=\"lazy\" decoding=\"async\" width=\"1024\" height=\"1024\" src=\"http:\/\/cultura.sma.gob.ar\/wp-content\/uploads\/2022\/03\/24m-01-1024x1024.jpg\" alt=\"\" class=\"wp-image-3103\" srcset=\"https:\/\/cultura.sma.gob.ar\/wp-content\/uploads\/2022\/03\/24m-01-1024x1024.jpg 1024w, https:\/\/cultura.sma.gob.ar\/wp-content\/uploads\/2022\/03\/24m-01-300x300.jpg 300w, https:\/\/cultura.sma.gob.ar\/wp-content\/uploads\/2022\/03\/24m-01-150x150.jpg 150w, https:\/\/cultura.sma.gob.ar\/wp-content\/uploads\/2022\/03\/24m-01-768x768.jpg 768w, https:\/\/cultura.sma.gob.ar\/wp-content\/uploads\/2022\/03\/24m-01-1536x1536.jpg 1536w, https:\/\/cultura.sma.gob.ar\/wp-content\/uploads\/2022\/03\/24m-01-90x90.jpg 90w, https:\/\/cultura.sma.gob.ar\/wp-content\/uploads\/2022\/03\/24m-01.jpg 1875w\" sizes=\"auto, (max-width: 1024px) 100vw, 1024px\" \/><\/figure>\n","protected":false},"excerpt":{"rendered":"<p>El 21 de marzo se da comienzo este encuentro que tiene como objetivo principal presentar obras teatrales para colegios secundarios, con entrada libre y gratuita, y tambi\u00e9n dos funciones para todo p\u00fablico. El jueves 24 de marzo, habr\u00e1 una funci\u00f3n para todo p\u00fablico con la obra \u201cRopas del Alma\u201d del elenco estable de la Universidad Nacional de Cuyo. El 25 de marzo, funci\u00f3n para todo &hellip; <a href=\"https:\/\/cultura.sma.gob.ar\/?p=3101\" class=\"more-link\">Continue reading <span class=\"screen-reader-text\">Llega el Primer Encuentro por la Memoria<\/span><\/a><\/p>\n","protected":false},"author":1,"featured_media":292,"comment_status":"closed","ping_status":"","sticky":false,"template":"","format":"image","meta":{"footnotes":""},"categories":[8],"tags":[],"class_list":["post-3101","post","type-post","status-publish","format-image","has-post-thumbnail","hentry","category-teatro-san-jose","post_format-post-format-image"],"_links":{"self":[{"href":"https:\/\/cultura.sma.gob.ar\/index.php?rest_route=\/wp\/v2\/posts\/3101","targetHints":{"allow":["GET"]}}],"collection":[{"href":"https:\/\/cultura.sma.gob.ar\/index.php?rest_route=\/wp\/v2\/posts"}],"about":[{"href":"https:\/\/cultura.sma.gob.ar\/index.php?rest_route=\/wp\/v2\/types\/post"}],"author":[{"embeddable":true,"href":"https:\/\/cultura.sma.gob.ar\/index.php?rest_route=\/wp\/v2\/users\/1"}],"replies":[{"embeddable":true,"href":"https:\/\/cultura.sma.gob.ar\/index.php?rest_route=%2Fwp%2Fv2%2Fcomments&post=3101"}],"version-history":[{"count":2,"href":"https:\/\/cultura.sma.gob.ar\/index.php?rest_route=\/wp\/v2\/posts\/3101\/revisions"}],"predecessor-version":[{"id":3106,"href":"https:\/\/cultura.sma.gob.ar\/index.php?rest_route=\/wp\/v2\/posts\/3101\/revisions\/3106"}],"wp:featuredmedia":[{"embeddable":true,"href":"https:\/\/cultura.sma.gob.ar\/index.php?rest_route=\/wp\/v2\/media\/292"}],"wp:attachment":[{"href":"https:\/\/cultura.sma.gob.ar\/index.php?rest_route=%2Fwp%2Fv2%2Fmedia&parent=3101"}],"wp:term":[{"taxonomy":"category","embeddable":true,"href":"https:\/\/cultura.sma.gob.ar\/index.php?rest_route=%2Fwp%2Fv2%2Fcategories&post=3101"},{"taxonomy":"post_tag","embeddable":true,"href":"https:\/\/cultura.sma.gob.ar\/index.php?rest_route=%2Fwp%2Fv2%2Ftags&post=3101"}],"curies":[{"name":"wp","href":"https:\/\/api.w.org\/{rel}","templated":true}]}}