{"id":3098,"date":"2022-03-17T09:35:00","date_gmt":"2022-03-17T12:35:00","guid":{"rendered":"http:\/\/cultura.sma.gob.ar\/?p=3098"},"modified":"2022-03-17T09:35:00","modified_gmt":"2022-03-17T12:35:00","slug":"show-de-danzas-arabes-9-de-abril-20-hs-centro-cultural-cotesma","status":"publish","type":"post","link":"https:\/\/cultura.sma.gob.ar\/?p=3098","title":{"rendered":"Show de danzas \u00e1rabes \/ 9 de abril, 20 hs \/ Centro Cultural Cotesma"},"content":{"rendered":"\n<figure class=\"wp-block-image size-large\"><img loading=\"lazy\" decoding=\"async\" width=\"600\" height=\"848\" src=\"http:\/\/cultura.sma.gob.ar\/wp-content\/uploads\/2022\/03\/Flyer-Arabe.png\" alt=\"\" class=\"wp-image-3099\" srcset=\"https:\/\/cultura.sma.gob.ar\/wp-content\/uploads\/2022\/03\/Flyer-Arabe.png 600w, https:\/\/cultura.sma.gob.ar\/wp-content\/uploads\/2022\/03\/Flyer-Arabe-212x300.png 212w, https:\/\/cultura.sma.gob.ar\/wp-content\/uploads\/2022\/03\/Flyer-Arabe-64x90.png 64w\" sizes=\"auto, (max-width: 600px) 100vw, 600px\" \/><\/figure>\n\n\n\n<p>El pr\u00f3ximo s\u00e1bado 09 de abril a las 20hs en la Sala Amankay del Centro Cultural Cotesma, Roc\u00edo Campos \u201cAcademia de Danzas\u201d presenta su imperdible \u201cSHOW DE DANZAS \u00c1RABES\u201d. Una imperdible noche que contar\u00e1 con artistas invitados.<\/p>\n\n\n\n<p>Rocio Campos es bailarina y profesora superior de Danzas \u00c1rabes,&nbsp;se ha perfeccionado en El Cairo, Egipto, fue parte del Carnaval de San Pablo, Brasil, Gan\u00f3 un viaje a Ucrania para ser parte del Festival \u201cOrient Empire\u201d y fue coronada \u201cMiss Bellydance Patag\u00f3nica\u201d.<br>Junto a su ballet, integrado por sus alumnas, reciben invitaciones y son contratadas dentro y fuera del pa\u00eds para diferentes tipos de eventos por su destacado desempe\u00f1o coreogr\u00e1fico y amplia variedad de estilos fusionados como Samba, afro, ind\u00fa, entre otros.<\/p>\n\n\n\n<p>Entrada General $500.-<br>En venta en la boleteria del Centro Cultural<\/p>\n","protected":false},"excerpt":{"rendered":"<p>El pr\u00f3ximo s\u00e1bado 09 de abril a las 20hs en la Sala Amankay del Centro Cultural Cotesma, Roc\u00edo Campos \u201cAcademia de Danzas\u201d presenta su imperdible \u201cSHOW DE DANZAS \u00c1RABES\u201d. Una imperdible noche que contar\u00e1 con artistas invitados. Rocio Campos es bailarina y profesora superior de Danzas \u00c1rabes,&nbsp;se ha perfeccionado en El Cairo, Egipto, fue parte del Carnaval de San Pablo, Brasil, Gan\u00f3 un viaje a &hellip; <a href=\"https:\/\/cultura.sma.gob.ar\/?p=3098\" class=\"more-link\">Continue reading <span class=\"screen-reader-text\">Show de danzas \u00e1rabes \/ 9 de abril, 20 hs \/ Centro Cultural Cotesma<\/span><\/a><\/p>\n","protected":false},"author":1,"featured_media":297,"comment_status":"closed","ping_status":"","sticky":false,"template":"","format":"image","meta":{"footnotes":""},"categories":[2],"tags":[],"class_list":["post-3098","post","type-post","status-publish","format-image","has-post-thumbnail","hentry","category-ciudad-cultural","post_format-post-format-image"],"_links":{"self":[{"href":"https:\/\/cultura.sma.gob.ar\/index.php?rest_route=\/wp\/v2\/posts\/3098","targetHints":{"allow":["GET"]}}],"collection":[{"href":"https:\/\/cultura.sma.gob.ar\/index.php?rest_route=\/wp\/v2\/posts"}],"about":[{"href":"https:\/\/cultura.sma.gob.ar\/index.php?rest_route=\/wp\/v2\/types\/post"}],"author":[{"embeddable":true,"href":"https:\/\/cultura.sma.gob.ar\/index.php?rest_route=\/wp\/v2\/users\/1"}],"replies":[{"embeddable":true,"href":"https:\/\/cultura.sma.gob.ar\/index.php?rest_route=%2Fwp%2Fv2%2Fcomments&post=3098"}],"version-history":[{"count":1,"href":"https:\/\/cultura.sma.gob.ar\/index.php?rest_route=\/wp\/v2\/posts\/3098\/revisions"}],"predecessor-version":[{"id":3100,"href":"https:\/\/cultura.sma.gob.ar\/index.php?rest_route=\/wp\/v2\/posts\/3098\/revisions\/3100"}],"wp:featuredmedia":[{"embeddable":true,"href":"https:\/\/cultura.sma.gob.ar\/index.php?rest_route=\/wp\/v2\/media\/297"}],"wp:attachment":[{"href":"https:\/\/cultura.sma.gob.ar\/index.php?rest_route=%2Fwp%2Fv2%2Fmedia&parent=3098"}],"wp:term":[{"taxonomy":"category","embeddable":true,"href":"https:\/\/cultura.sma.gob.ar\/index.php?rest_route=%2Fwp%2Fv2%2Fcategories&post=3098"},{"taxonomy":"post_tag","embeddable":true,"href":"https:\/\/cultura.sma.gob.ar\/index.php?rest_route=%2Fwp%2Fv2%2Ftags&post=3098"}],"curies":[{"name":"wp","href":"https:\/\/api.w.org\/{rel}","templated":true}]}}