{"id":3091,"date":"2022-03-11T13:24:29","date_gmt":"2022-03-11T16:24:29","guid":{"rendered":"http:\/\/cultura.sma.gob.ar\/?p=3091"},"modified":"2022-03-11T13:24:29","modified_gmt":"2022-03-11T16:24:29","slug":"clases-de-danzas-andinas-centro-cultural-cotesma","status":"publish","type":"post","link":"https:\/\/cultura.sma.gob.ar\/?p=3091","title":{"rendered":"Clases de Danzas Andinas \/ Centro Cultural Cotesma"},"content":{"rendered":"\n<figure class=\"wp-block-image size-large\"><img loading=\"lazy\" decoding=\"async\" width=\"724\" height=\"1024\" src=\"http:\/\/cultura.sma.gob.ar\/wp-content\/uploads\/2022\/03\/Danza-Andina-Flyer-1-724x1024.jpg\" alt=\"\" class=\"wp-image-3092\" srcset=\"https:\/\/cultura.sma.gob.ar\/wp-content\/uploads\/2022\/03\/Danza-Andina-Flyer-1-724x1024.jpg 724w, https:\/\/cultura.sma.gob.ar\/wp-content\/uploads\/2022\/03\/Danza-Andina-Flyer-1-212x300.jpg 212w, https:\/\/cultura.sma.gob.ar\/wp-content\/uploads\/2022\/03\/Danza-Andina-Flyer-1-768x1087.jpg 768w, https:\/\/cultura.sma.gob.ar\/wp-content\/uploads\/2022\/03\/Danza-Andina-Flyer-1-64x90.jpg 64w, https:\/\/cultura.sma.gob.ar\/wp-content\/uploads\/2022\/03\/Danza-Andina-Flyer-1.jpg 793w\" sizes=\"auto, (max-width: 724px) 100vw, 724px\" \/><\/figure>\n\n\n\n<p>El Ballet Art\u00edstico Andino &#8220;Wara de los Andes&#8221; regresa al Centro Cultural Cotesma, para compartir el a\u00f1o con las Danzas Andinas&#8230;<\/p>\n\n\n\n<p>Wara: en lengua aymara significa&nbsp;<em>estrella&nbsp;<\/em>y en quechua&nbsp;<em>lucero<\/em>. Tal como su nombre lo dice, ella brilla intensamente por donde quiera que vaya.<br>Se inici\u00f3 como grupo proyecci\u00f3n el 7 de septiembre del 2019 en la ciudad de San Mart\u00edn de los Andes, provincia de Neuqu\u00e9n, con el objetivo de compartir y difundir las danzas andinas, enfoc\u00e1ndose en el norte argentino y el pa\u00eds de Bolivia.<br><br>Est\u00e1 conformado por ni\u00f1os, adolescentes y adultos, y lo dirige su profesora y directora Jimena Mart\u00ednez, oriunda de la provincia de Jujuy.<br>El Ballet Art\u00edstico Andino Wara de los Andes, como agrupaci\u00f3n representante de la cultura andina, busca incitar el rechazo a toda forma de discriminaci\u00f3n basada en las diferencias \u00e9tnicas, convirti\u00e9ndose en un eslab\u00f3n de preservaci\u00f3n de este patrimonio intangible de los pueblos originarios y reforzando el sentimiento de uni\u00f3n entre los pa\u00edses hermanos.<br>Este a\u00f1o tuvieron el agrad\u00f3 de ser invitados y disfrutar de los carnavales de Jun\u00edn de los Andes, Zapala, San Martin de los Andes y Cutral Co. Mostrando su \u00faltimo trabajo anual &#8220;Tierra de colores&#8221; cuadro donde se plasma una variedad de danzas del norte argentino y el pa\u00eds de Bolivia.<\/p>\n\n\n\n<p>Martes y Jueves de 18hs a 19hs Grupo Pre Infantil;<br>Martes y Jueves de 19:15hs a 20:15hs Grupo Adolescentes;<br>Martes y Jueves de 20:30hs a 22:00hs Grupo Adultos.<\/p>\n","protected":false},"excerpt":{"rendered":"<p>El Ballet Art\u00edstico Andino &#8220;Wara de los Andes&#8221; regresa al Centro Cultural Cotesma, para compartir el a\u00f1o con las Danzas Andinas&#8230; Wara: en lengua aymara significa&nbsp;estrella&nbsp;y en quechua&nbsp;lucero. Tal como su nombre lo dice, ella brilla intensamente por donde quiera que vaya.Se inici\u00f3 como grupo proyecci\u00f3n el 7 de septiembre del 2019 en la ciudad de San Mart\u00edn de los Andes, provincia de Neuqu\u00e9n, con &hellip; <a href=\"https:\/\/cultura.sma.gob.ar\/?p=3091\" class=\"more-link\">Continue reading <span class=\"screen-reader-text\">Clases de Danzas Andinas \/ Centro Cultural Cotesma<\/span><\/a><\/p>\n","protected":false},"author":1,"featured_media":297,"comment_status":"closed","ping_status":"","sticky":false,"template":"","format":"image","meta":{"footnotes":""},"categories":[2],"tags":[],"class_list":["post-3091","post","type-post","status-publish","format-image","has-post-thumbnail","hentry","category-ciudad-cultural","post_format-post-format-image"],"_links":{"self":[{"href":"https:\/\/cultura.sma.gob.ar\/index.php?rest_route=\/wp\/v2\/posts\/3091","targetHints":{"allow":["GET"]}}],"collection":[{"href":"https:\/\/cultura.sma.gob.ar\/index.php?rest_route=\/wp\/v2\/posts"}],"about":[{"href":"https:\/\/cultura.sma.gob.ar\/index.php?rest_route=\/wp\/v2\/types\/post"}],"author":[{"embeddable":true,"href":"https:\/\/cultura.sma.gob.ar\/index.php?rest_route=\/wp\/v2\/users\/1"}],"replies":[{"embeddable":true,"href":"https:\/\/cultura.sma.gob.ar\/index.php?rest_route=%2Fwp%2Fv2%2Fcomments&post=3091"}],"version-history":[{"count":1,"href":"https:\/\/cultura.sma.gob.ar\/index.php?rest_route=\/wp\/v2\/posts\/3091\/revisions"}],"predecessor-version":[{"id":3093,"href":"https:\/\/cultura.sma.gob.ar\/index.php?rest_route=\/wp\/v2\/posts\/3091\/revisions\/3093"}],"wp:featuredmedia":[{"embeddable":true,"href":"https:\/\/cultura.sma.gob.ar\/index.php?rest_route=\/wp\/v2\/media\/297"}],"wp:attachment":[{"href":"https:\/\/cultura.sma.gob.ar\/index.php?rest_route=%2Fwp%2Fv2%2Fmedia&parent=3091"}],"wp:term":[{"taxonomy":"category","embeddable":true,"href":"https:\/\/cultura.sma.gob.ar\/index.php?rest_route=%2Fwp%2Fv2%2Fcategories&post=3091"},{"taxonomy":"post_tag","embeddable":true,"href":"https:\/\/cultura.sma.gob.ar\/index.php?rest_route=%2Fwp%2Fv2%2Ftags&post=3091"}],"curies":[{"name":"wp","href":"https:\/\/api.w.org\/{rel}","templated":true}]}}