{"id":3088,"date":"2022-03-11T13:23:09","date_gmt":"2022-03-11T16:23:09","guid":{"rendered":"http:\/\/cultura.sma.gob.ar\/?p=3088"},"modified":"2022-03-11T13:23:09","modified_gmt":"2022-03-11T16:23:09","slug":"julian-diafimarsu-26-de-marzo-centro-cultural-cotesma","status":"publish","type":"post","link":"https:\/\/cultura.sma.gob.ar\/?p=3088","title":{"rendered":"JULI\u00c1N DIAFIMARS\u00da \/ 26 de marzo \/ Centro Cultural Cotesma"},"content":{"rendered":"\n<figure class=\"wp-block-image size-large\"><img loading=\"lazy\" decoding=\"async\" width=\"641\" height=\"641\" src=\"http:\/\/cultura.sma.gob.ar\/wp-content\/uploads\/2022\/03\/Julian-Diafirmasu-Duo-Flyer-JPEG-1.jpg\" alt=\"\" class=\"wp-image-3089\" srcset=\"https:\/\/cultura.sma.gob.ar\/wp-content\/uploads\/2022\/03\/Julian-Diafirmasu-Duo-Flyer-JPEG-1.jpg 641w, https:\/\/cultura.sma.gob.ar\/wp-content\/uploads\/2022\/03\/Julian-Diafirmasu-Duo-Flyer-JPEG-1-300x300.jpg 300w, https:\/\/cultura.sma.gob.ar\/wp-content\/uploads\/2022\/03\/Julian-Diafirmasu-Duo-Flyer-JPEG-1-150x150.jpg 150w, https:\/\/cultura.sma.gob.ar\/wp-content\/uploads\/2022\/03\/Julian-Diafirmasu-Duo-Flyer-JPEG-1-90x90.jpg 90w\" sizes=\"auto, (max-width: 641px) 100vw, 641px\" \/><\/figure>\n\n\n\n<p>El pr\u00f3ximo s\u00e1bado, 26 de marzo, en nuestra querida Sala Amankay, seguimos disfrutando las mejores presentaciones. A las 21hs es el turno de JULI\u00c1N DIAFIMARS\u00da con algunos invitados especiales.<\/p>\n\n\n\n<p>El cantautor Juli\u00e1n Diafirmas\u00fa, actualmente radicado en Jun\u00edn de los Andes, se presentar\u00e1 con este imperdible men\u00fa de propuestas:<\/p>\n\n\n\n<p>-El estreno del video Clip \u201cCharlar con uno mismo\u201d (rap-rock), filmado en el Lago Huechulafquen y en el casco de Jun\u00edn de los Andes, y grabado junto al productor Pedro Bellora y otros m\u00fasicos de Bariloche y Buenos Aires.<\/p>\n\n\n\n<p>-\u201cDesde Buenos Aires a la Patagonia\u201d, un repertorio de canciones de autor, junto a Manuel Zori (Bariloche), en formato d\u00fao ac\u00fastico, con guitarras ac\u00fasticas, criollas, voz y pedales de efecto y loopera. El repertorio mezcla estilos desde el folclore al rock, con influencias latinoamericanas, con mella en lo rioplatense y en b\u00fasqueda de un sonido patag\u00f3nico.&nbsp;<\/p>\n\n\n\n<p>-La obra instrumental \u201cLa parte de las curvas\u201d, compuesta y dirigida por Juli\u00e1n Diafirmas\u00fa: en piano Laura Rubio, en violoncello Mat\u00edas Ezcurra, en clarinete Amelia Saftich, en viol\u00edn Denisse Percossi (todos artistas de San Mart\u00edn de los Andes), y en contrabajo Claudia Mora (de Jun\u00edn de los Andes).<\/p>\n\n\n\n<p>-La presentaci\u00f3n de los primeros pasos de la murga estilo uruguaya \u201cAjo y agua\u201d, nacida en Jun\u00edn de los Andes, con 12 m\u00fasicos en escena entre voces corales, guitarra y percusi\u00f3n.<\/p>\n\n\n\n<p>Entrada General: $500. En venta en la boleteria del Centro Cultural Cotesma.<\/p>\n\n\n\n<p>Tel\u00e9fono de contacto: 1169403047 (Juli\u00e1n)<\/p>\n\n\n\n<p>El proyecto \u201cJuli\u00e1n Diafirmas\u00fa\u201d fue ganador de los concursos &#8220;Vamos las bandas&#8221; (2018), Rionegrinos en concierto (2020), y 3er puesto en el IUPA Canta (2020). En 2021 result\u00f3 beneficiado con las \u201cBecas Creaci\u00f3n\u201d del Fondo Nacional de las Artes.<\/p>\n\n\n\n<p>Links a plataformas y redes del artista:<br><a href=\"https:\/\/correo.smandes.gov.ar\/owa\/redir.aspx?C=d9ebd4a3aafa4f91a532196d993ba743&amp;URL=https%3a%2f%2fwww.instagram.com%2fjuliandiafirmasu%2f\" target=\"_blank\" rel=\"noreferrer noopener\">https:\/\/www.youtube.com\/channel\/UCMArcQW5esly0qSsAQ7d_6w<br>https:\/\/open.spotify.com\/artist\/3dXBMHDPoejBUPbsm4AC5e?si=_HI1Drr7Tpio1Ij7HN_17w<br>https:\/\/www.facebook.com\/juliandiafirmasu\/<br>https:\/\/www.instagram.com\/juliandiafirmasu\/<\/a><\/p>\n","protected":false},"excerpt":{"rendered":"<p>El pr\u00f3ximo s\u00e1bado, 26 de marzo, en nuestra querida Sala Amankay, seguimos disfrutando las mejores presentaciones. A las 21hs es el turno de JULI\u00c1N DIAFIMARS\u00da con algunos invitados especiales. El cantautor Juli\u00e1n Diafirmas\u00fa, actualmente radicado en Jun\u00edn de los Andes, se presentar\u00e1 con este imperdible men\u00fa de propuestas: -El estreno del video Clip \u201cCharlar con uno mismo\u201d (rap-rock), filmado en el Lago Huechulafquen y en &hellip; <a href=\"https:\/\/cultura.sma.gob.ar\/?p=3088\" class=\"more-link\">Continue reading <span class=\"screen-reader-text\">JULI\u00c1N DIAFIMARS\u00da \/ 26 de marzo \/ Centro Cultural Cotesma<\/span><\/a><\/p>\n","protected":false},"author":1,"featured_media":297,"comment_status":"closed","ping_status":"","sticky":false,"template":"","format":"image","meta":{"footnotes":""},"categories":[2],"tags":[],"class_list":["post-3088","post","type-post","status-publish","format-image","has-post-thumbnail","hentry","category-ciudad-cultural","post_format-post-format-image"],"_links":{"self":[{"href":"https:\/\/cultura.sma.gob.ar\/index.php?rest_route=\/wp\/v2\/posts\/3088","targetHints":{"allow":["GET"]}}],"collection":[{"href":"https:\/\/cultura.sma.gob.ar\/index.php?rest_route=\/wp\/v2\/posts"}],"about":[{"href":"https:\/\/cultura.sma.gob.ar\/index.php?rest_route=\/wp\/v2\/types\/post"}],"author":[{"embeddable":true,"href":"https:\/\/cultura.sma.gob.ar\/index.php?rest_route=\/wp\/v2\/users\/1"}],"replies":[{"embeddable":true,"href":"https:\/\/cultura.sma.gob.ar\/index.php?rest_route=%2Fwp%2Fv2%2Fcomments&post=3088"}],"version-history":[{"count":1,"href":"https:\/\/cultura.sma.gob.ar\/index.php?rest_route=\/wp\/v2\/posts\/3088\/revisions"}],"predecessor-version":[{"id":3090,"href":"https:\/\/cultura.sma.gob.ar\/index.php?rest_route=\/wp\/v2\/posts\/3088\/revisions\/3090"}],"wp:featuredmedia":[{"embeddable":true,"href":"https:\/\/cultura.sma.gob.ar\/index.php?rest_route=\/wp\/v2\/media\/297"}],"wp:attachment":[{"href":"https:\/\/cultura.sma.gob.ar\/index.php?rest_route=%2Fwp%2Fv2%2Fmedia&parent=3088"}],"wp:term":[{"taxonomy":"category","embeddable":true,"href":"https:\/\/cultura.sma.gob.ar\/index.php?rest_route=%2Fwp%2Fv2%2Fcategories&post=3088"},{"taxonomy":"post_tag","embeddable":true,"href":"https:\/\/cultura.sma.gob.ar\/index.php?rest_route=%2Fwp%2Fv2%2Ftags&post=3088"}],"curies":[{"name":"wp","href":"https:\/\/api.w.org\/{rel}","templated":true}]}}